{"id":554038,"date":"2022-10-08T19:36:20","date_gmt":"2022-10-08T17:36:20","guid":{"rendered":"https:\/\/www.hashtag.al\/?p=554038"},"modified":"2022-10-08T19:36:20","modified_gmt":"2022-10-08T17:36:20","slug":"rusia-emeron-komandat-te-pergjithshem-per-luften-ne-ukraine","status":"publish","type":"post","link":"https:\/\/www.hashtag.al\/index.php\/2022\/10\/08\/rusia-emeron-komandat-te-pergjithshem-per-luften-ne-ukraine\/","title":{"rendered":"Rusia em\u00ebron komandat t\u00eb p\u00ebrgjithsh\u00ebm p\u00ebr luft\u00ebn n\u00eb Ukrain\u00eb","gt_translate_keys":[{"key":"rendered","format":"text"}]},"content":{"rendered":"<p><span style=\"color: #000000;\"><a style=\"color: #000000;\" href=\"https:\/\/www.hashtag.al\/wp-content\/uploads\/2022\/10\/sergeri-putin.png\"><img loading=\"lazy\" decoding=\"async\" class=\"aligncenter size-full wp-image-554039\" src=\"https:\/\/www.hashtag.al\/wp-content\/uploads\/2022\/10\/sergeri-putin.png\" alt=\"\" width=\"1164\" height=\"779\" srcset=\"https:\/\/www.hashtag.al\/wp-content\/uploads\/2022\/10\/sergeri-putin.png 1164w, https:\/\/www.hashtag.al\/wp-content\/uploads\/2022\/10\/sergeri-putin-300x201.png 300w, https:\/\/www.hashtag.al\/wp-content\/uploads\/2022\/10\/sergeri-putin-1024x685.png 1024w, https:\/\/www.hashtag.al\/wp-content\/uploads\/2022\/10\/sergeri-putin-768x514.png 768w\" sizes=\"auto, (max-width: 1164px) 100vw, 1164px\" \/><\/a><\/span><\/p>\n<p><span style=\"color: #000000;\">Ministria ruse e Mbrojtjes ka em\u00ebruar gjeneralin, Sergei Surovikin, si komandant t\u00eb forcave t\u00eb Kremlinit q\u00eb jan\u00eb duke luftuar n\u00eb Ukrain\u00eb.<\/span><\/p>\n<p><span style=\"color: #000000;\">Ky \u00ebsht\u00eb zyrtari i par\u00eb q\u00eb em\u00ebrohet si komandant p\u00ebr t\u00eb gjitha forcat ruse q\u00eb jan\u00eb n\u00eb territorin ukrainas, prej muajit shkurt.<\/span><\/p>\n<p><span style=\"color: #000000;\">Ky njoftim ka ardhur disa or\u00eb pasi nj\u00eb shp\u00ebrthim, dhe nj\u00eb zjarr i madh, kan\u00eb pezulluar trafikun dhe kan\u00eb d\u00ebmtuar nj\u00eb ur\u00eb ky\u00e7e q\u00eb lidh Rusin\u00eb me Gadishullin ukrainas t\u00eb Krimes\u00eb n\u00eb or\u00ebt e para t\u00eb 8 tetorit.<\/span><\/p>\n<p><span style=\"color: #000000;\">\u201cMe vendim t\u00eb ministrit t\u00eb Mbrojtjes, gjenerali i ushtris\u00eb, Sergei Surovikin, \u00ebsht\u00eb em\u00ebruar komandat i grupit t\u00eb p\u00ebrbashk\u00ebt t\u00eb trupave n\u00eb zonat e operacionit special ushtarak\u201d, \u00ebsht\u00eb th\u00ebn\u00eb n\u00eb deklarat\u00eb, duke u p\u00ebrdorur referenca e Kremlinit p\u00ebr luft\u00ebn n\u00eb Ukrain\u00eb.<\/span><\/p>\n<p><span style=\"color: #000000;\">Prej vitit 2017, Surovikin ka udh\u00ebhequr forcat ajrore t\u00eb Rusis\u00eb.<\/span><\/p>\n<p><span style=\"color: #000000;\">N\u00eb qershor t\u00eb k\u00ebtij viti, Surovikin \u00ebsht\u00eb angazhuar me trupat ruse n\u00eb jug t\u00eb Ukrain\u00ebs. Ai m\u00eb par\u00eb ka sh\u00ebrbyer n\u00eb Taxhikistan, \u00c7e\u00e7eni dhe Siri.<\/span><\/p>\n<p>&nbsp;<\/p>\n","protected":false,"gt_translate_keys":[{"key":"rendered","format":"html"}]},"excerpt":{"rendered":"<p>Ministria ruse e Mbrojtjes ka em\u00ebruar gjeneralin, Sergei Surovikin, si komandant t\u00eb forcave t\u00eb Kremlinit q\u00eb jan\u00eb duke luftuar n\u00eb Ukrain\u00eb. Ky \u00ebsht\u00eb zyrtari i par\u00eb q\u00eb em\u00ebrohet si komandant p\u00ebr t\u00eb gjitha forcat ruse q\u00eb jan\u00eb n\u00eb territorin ukrainas, prej muajit shkurt. Ky njoftim ka ardhur disa or\u00eb pasi nj\u00eb shp\u00ebrthim, dhe nj\u00eb zjarr [&hellip;]<\/p>\n","protected":false,"gt_translate_keys":[{"key":"rendered","format":"html"}]},"author":32,"featured_media":554039,"comment_status":"closed","ping_status":"closed","sticky":false,"template":"","format":"standard","meta":{"footnotes":""},"categories":[6,13],"tags":[],"class_list":["post-554038","post","type-post","status-publish","format-standard","has-post-thumbnail","hentry","category-nderkombetare","category-te-fundit"],"gt_translate_keys":[{"key":"link","format":"url"}],"_links":{"self":[{"href":"https:\/\/www.hashtag.al\/index.php\/wp-json\/wp\/v2\/posts\/554038","targetHints":{"allow":["GET"]}}],"collection":[{"href":"https:\/\/www.hashtag.al\/index.php\/wp-json\/wp\/v2\/posts"}],"about":[{"href":"https:\/\/www.hashtag.al\/index.php\/wp-json\/wp\/v2\/types\/post"}],"author":[{"embeddable":true,"href":"https:\/\/www.hashtag.al\/index.php\/wp-json\/wp\/v2\/users\/32"}],"replies":[{"embeddable":true,"href":"https:\/\/www.hashtag.al\/index.php\/wp-json\/wp\/v2\/comments?post=554038"}],"version-history":[{"count":0,"href":"https:\/\/www.hashtag.al\/index.php\/wp-json\/wp\/v2\/posts\/554038\/revisions"}],"wp:featuredmedia":[{"embeddable":true,"href":"https:\/\/www.hashtag.al\/index.php\/wp-json\/wp\/v2\/media\/554039"}],"wp:attachment":[{"href":"https:\/\/www.hashtag.al\/index.php\/wp-json\/wp\/v2\/media?parent=554038"}],"wp:term":[{"taxonomy":"category","embeddable":true,"href":"https:\/\/www.hashtag.al\/index.php\/wp-json\/wp\/v2\/categories?post=554038"},{"taxonomy":"post_tag","embeddable":true,"href":"https:\/\/www.hashtag.al\/index.php\/wp-json\/wp\/v2\/tags?post=554038"}],"curies":[{"name":"wp","href":"https:\/\/api.w.org\/{rel}","templated":true}]}}