{"id":553994,"date":"2022-10-08T14:54:15","date_gmt":"2022-10-08T12:54:15","guid":{"rendered":"https:\/\/www.hashtag.al\/?p=553994"},"modified":"2022-10-08T14:59:44","modified_gmt":"2022-10-08T12:59:44","slug":"berisha-nga-lazarati-do-bejme-gjithcka-ti-shkurtojme-jeten-ketij-armiku-te-eger-te-lirive","status":"publish","type":"post","link":"https:\/\/www.hashtag.al\/index.php\/2022\/10\/08\/berisha-nga-lazarati-do-bejme-gjithcka-ti-shkurtojme-jeten-ketij-armiku-te-eger-te-lirive\/","title":{"rendered":"Berisha nga Lazarati: Do b\u00ebjm\u00eb gjith\u00e7ka, t\u2019i shkurtojm\u00eb jet\u00ebn k\u00ebtij armiku t\u00eb eg\u00ebr t\u00eb lirive","gt_translate_keys":[{"key":"rendered","format":"text"}]},"content":{"rendered":"<p><span style=\"color: #000000;\"><a style=\"color: #000000;\" href=\"https:\/\/www.hashtag.al\/wp-content\/uploads\/2022\/10\/b-2.jpg\"><img loading=\"lazy\" decoding=\"async\" class=\"aligncenter size-full wp-image-553995\" src=\"https:\/\/www.hashtag.al\/wp-content\/uploads\/2022\/10\/b-2.jpg\" alt=\"\" width=\"842\" height=\"426\" srcset=\"https:\/\/www.hashtag.al\/wp-content\/uploads\/2022\/10\/b-2.jpg 842w, https:\/\/www.hashtag.al\/wp-content\/uploads\/2022\/10\/b-2-300x152.jpg 300w, https:\/\/www.hashtag.al\/wp-content\/uploads\/2022\/10\/b-2-768x389.jpg 768w\" sizes=\"auto, (max-width: 842px) 100vw, 842px\" \/><\/a><\/span><\/p>\n<p><span style=\"color: #000000;\">Pas vizit\u00ebs n\u00eb Libohov\u00eb, kryetari i PD-s\u00eb Sali Berisha ka zhvilluar k\u00ebt\u00eb t\u00eb shtun\u00eb edhe nj\u00eb takim me banor\u00eb t\u00eb Lazaratit, n\u00eb vijim t\u00eb takimeve t\u00eb tij t\u00eb mbajtura n\u00eb qarkun e Gjirokastr\u00ebs.<\/span><\/p>\n<p><span style=\"color: #000000;\">Berisha u ka b\u00ebr\u00eb thirrje banor\u00ebve t\u00eb Lazaratit q\u00eb t\u00eb b\u00ebhen bashk\u00eb n\u00eb k\u00ebto zgjedhje p\u00ebr t\u00eb rr\u00ebzuar kryeministrin Edi Rama nga pushteti.<\/span><\/p>\n<p><span style=\"color: #000000;\"><em>\u201cFlamuri i Lazaratit ka qen\u00eb dhe mbetet gjithmon\u00eb flamuri komb\u00ebtar. Flamuri i Lazaratit ka qen\u00eb dhe mbetet flamuri i liris\u00eb. T\u00eb pakt\u00eb jan\u00eb shqiptar\u00ebt, ballkanasi dhe europian\u00ebt q\u00eb kan\u00eb paguar \u00e7mim m\u00eb t\u00eb madh se ju, baballar\u00ebt dhe gjysh\u00ebrit tuaj p\u00ebr liri dhe dinjitet njer\u00ebzor, p\u00ebr \u00e7\u00ebshtje komb\u00ebtare dhe atdhetari.<\/em><\/span><\/p>\n<p><span style=\"color: #000000;\"><em>Ju garantoj se me t\u00eb gjith\u00eb forc\u00ebn time, me t\u00eb gjith\u00eb potencialin e PD, do b\u00ebjm\u00eb gjith\u00e7ka q\u00eb emri juaj, dinjiteti juaj, mb\u00ebshtetja juaj t\u00eb shnd\u00ebrrohet n\u00eb nj\u00eb mund\u00ebsit\u00eb madhe, q\u00eb k\u00ebta f\u00ebmij\u00eb, q\u00eb djemt\u00eb e vajzat e Lazaratit q\u00eb kan\u00eb marr\u00eb rrug\u00ebn jasht\u00eb vendit, t\u00eb shnd\u00ebrrojn\u00eb Lazaratin n\u00eb kopshtin e \u00ebndrrave t\u00eb bukura.<\/em><\/span><\/p>\n<p><span style=\"color: #000000;\"><em>Ju jeni p\u00ebrballur me nj\u00eb regjim mizor, Edi Rama ka derdhur mbi ju t\u00eb gjith\u00eb urrejtjen primitive at\u00ebrore, vet\u00ebm pse ju nuk u mposht\u00ebt kurr\u00eb nga regjimi i Enver Hoxh\u00ebs. Ju e sfiduat at\u00eb regjim me m\u00eb guxim dhe trim\u00ebri se shqiptar\u00ebt e tjer\u00eb, ndaj dhe ju jeni dhe do mbeteni nj\u00eb em\u00ebr i nderuar n\u00eb p\u00ebrpjekjet e shqiptar\u00ebve p\u00ebr dinjitet, liri dhe atdhetari.<\/em><\/span><\/p>\n<p><span style=\"color: #000000;\"><em>Ju siguroj se ata q\u00eb p\u00ebrdor\u00ebn dhun\u00eb dhe territor t\u00eb papar\u00eb ndaj jush, do marrin p\u00ebrgjigjen m\u00eb t\u00eb merituar ligjore.<\/em><\/span><\/p>\n<p><span style=\"color: #000000;\"><em>Do b\u00ebjm\u00eb gjith\u00e7ka s\u00eb bashku me ju, q\u00eb t\u2019i shkurtojm\u00eb jet\u00ebn k\u00ebtij armiku t\u00eb eg\u00ebr t\u00eb lirive, t\u00eb lazaratasve dhe t\u00eb mbar\u00eb shqiptar\u00ebve.<\/em><\/span><\/p>\n<p><span style=\"color: #000000;\"><em>Keni ngritur nj\u00eb seri problemesh, keni rekomanduar dhe shtruar \u00e7\u00ebshtje t\u00eb r\u00ebnd\u00ebsishme. Ju siguroj se do jen\u00eb pjes\u00eb e r\u00ebnd\u00ebsishme e programit t\u00eb PD.<\/em><\/span><\/p>\n<p><span style=\"color: #000000;\"><em>Ka marr\u00eb fund koha kur kryetari, kur kryesia e Tiran\u00ebs caktonte drejtuesit tuaj, qeveritar\u00ebt tuaj. Duke filluar nga k\u00ebto zgjedhje do jeni ju, demokrat\u00ebt dhe demokratet, an\u00ebtar\u00ebt dhe simpatizant\u00ebt e PD-s\u00eb, q\u00eb do zgjidhni kandidatin tuaj, q\u00eb do zgjidhni qeveritar\u00ebt tuaj, k\u00ebshilltar\u00ebt tuaj.<\/em><\/span><\/p>\n<p><span style=\"color: #000000;\"><em>Ju siguroj se respekti p\u00ebr vot\u00ebn tuaj do jet\u00eb absolut nga PD-ja.<\/em><\/span><\/p>\n<p><span style=\"color: #000000;\"><em>Mir\u00ebnjohje p\u00ebr k\u00ebt\u00eb pritje v\u00ebllaz\u00ebrore, krenari e madhe p\u00ebr mb\u00ebshtetjen tuaj.\u201d-<\/em> tha Berisha.<\/span><\/p>\n<p><span style=\"color: #000000;\">Berisha gjat\u00eb k\u00ebtij takimi iu drejtua kryeministrit Rama duke i th\u00ebn\u00eb se Lazaratin nuk mund ta \u201cshp\u00ebrb\u00ebj\u00eb\u201d askush.<\/span><\/p>\n<p><span style=\"color: #000000;\">Nd\u00ebrsa u tha qytetar\u00ebve se sugjerimet e tyre do jen\u00eb pjes\u00eb e r\u00ebnd\u00ebsishme e programit t\u00eb PD-s\u00eb.<\/span><\/p>\n<p><a href=\"https:\/\/www.hashtag.al\/wp-content\/uploads\/2022\/10\/WhatsApp-Image-2022-10-08-at-2.51.28-PM.jpeg\"><img loading=\"lazy\" decoding=\"async\" class=\"aligncenter size-full wp-image-553999\" src=\"https:\/\/www.hashtag.al\/wp-content\/uploads\/2022\/10\/WhatsApp-Image-2022-10-08-at-2.51.28-PM.jpeg\" alt=\"\" width=\"1080\" height=\"720\" srcset=\"https:\/\/www.hashtag.al\/wp-content\/uploads\/2022\/10\/WhatsApp-Image-2022-10-08-at-2.51.28-PM.jpeg 1080w, https:\/\/www.hashtag.al\/wp-content\/uploads\/2022\/10\/WhatsApp-Image-2022-10-08-at-2.51.28-PM-300x200.jpeg 300w, https:\/\/www.hashtag.al\/wp-content\/uploads\/2022\/10\/WhatsApp-Image-2022-10-08-at-2.51.28-PM-1024x683.jpeg 1024w, https:\/\/www.hashtag.al\/wp-content\/uploads\/2022\/10\/WhatsApp-Image-2022-10-08-at-2.51.28-PM-768x512.jpeg 768w\" sizes=\"auto, (max-width: 1080px) 100vw, 1080px\" \/><\/a><\/p>\n","protected":false,"gt_translate_keys":[{"key":"rendered","format":"html"}]},"excerpt":{"rendered":"<p>Pas vizit\u00ebs n\u00eb Libohov\u00eb, kryetari i PD-s\u00eb Sali Berisha ka zhvilluar k\u00ebt\u00eb t\u00eb shtun\u00eb edhe nj\u00eb takim me banor\u00eb t\u00eb Lazaratit, n\u00eb vijim t\u00eb takimeve t\u00eb tij t\u00eb mbajtura n\u00eb qarkun e Gjirokastr\u00ebs. Berisha u ka b\u00ebr\u00eb thirrje banor\u00ebve t\u00eb Lazaratit q\u00eb t\u00eb b\u00ebhen bashk\u00eb n\u00eb k\u00ebto zgjedhje p\u00ebr t\u00eb rr\u00ebzuar kryeministrin Edi Rama nga [&hellip;]<\/p>\n","protected":false,"gt_translate_keys":[{"key":"rendered","format":"html"}]},"author":30,"featured_media":553995,"comment_status":"closed","ping_status":"closed","sticky":false,"template":"","format":"standard","meta":{"footnotes":""},"categories":[65,13],"tags":[],"class_list":["post-553994","post","type-post","status-publish","format-standard","has-post-thumbnail","hentry","category-lajme","category-te-fundit"],"gt_translate_keys":[{"key":"link","format":"url"}],"_links":{"self":[{"href":"https:\/\/www.hashtag.al\/index.php\/wp-json\/wp\/v2\/posts\/553994","targetHints":{"allow":["GET"]}}],"collection":[{"href":"https:\/\/www.hashtag.al\/index.php\/wp-json\/wp\/v2\/posts"}],"about":[{"href":"https:\/\/www.hashtag.al\/index.php\/wp-json\/wp\/v2\/types\/post"}],"author":[{"embeddable":true,"href":"https:\/\/www.hashtag.al\/index.php\/wp-json\/wp\/v2\/users\/30"}],"replies":[{"embeddable":true,"href":"https:\/\/www.hashtag.al\/index.php\/wp-json\/wp\/v2\/comments?post=553994"}],"version-history":[{"count":0,"href":"https:\/\/www.hashtag.al\/index.php\/wp-json\/wp\/v2\/posts\/553994\/revisions"}],"wp:featuredmedia":[{"embeddable":true,"href":"https:\/\/www.hashtag.al\/index.php\/wp-json\/wp\/v2\/media\/553995"}],"wp:attachment":[{"href":"https:\/\/www.hashtag.al\/index.php\/wp-json\/wp\/v2\/media?parent=553994"}],"wp:term":[{"taxonomy":"category","embeddable":true,"href":"https:\/\/www.hashtag.al\/index.php\/wp-json\/wp\/v2\/categories?post=553994"},{"taxonomy":"post_tag","embeddable":true,"href":"https:\/\/www.hashtag.al\/index.php\/wp-json\/wp\/v2\/tags?post=553994"}],"curies":[{"name":"wp","href":"https:\/\/api.w.org\/{rel}","templated":true}]}}