{"id":553687,"date":"2022-10-07T08:58:35","date_gmt":"2022-10-07T06:58:35","guid":{"rendered":"https:\/\/www.hashtag.al\/?p=553687"},"modified":"2022-10-07T08:18:12","modified_gmt":"2022-10-07T06:18:12","slug":"presidenti-polak-shfaq-ambicien-berthamore","status":"publish","type":"post","link":"https:\/\/www.hashtag.al\/index.php\/2022\/10\/07\/presidenti-polak-shfaq-ambicien-berthamore\/","title":{"rendered":"Presidenti polak shfaq ambicien b\u00ebrthamore","gt_translate_keys":[{"key":"rendered","format":"text"}]},"content":{"rendered":"<p><span style=\"color: #000000;\"><img loading=\"lazy\" decoding=\"async\" class=\"aligncenter size-full wp-image-553688\" src=\"https:\/\/www.hashtag.al\/wp-content\/uploads\/2022\/10\/duda.jpg\" alt=\"\" width=\"768\" height=\"432\" srcset=\"https:\/\/www.hashtag.al\/wp-content\/uploads\/2022\/10\/duda.jpg 768w, https:\/\/www.hashtag.al\/wp-content\/uploads\/2022\/10\/duda-300x169.jpg 300w\" sizes=\"auto, (max-width: 768px) 100vw, 768px\" \/><\/span><\/p>\n<p><span style=\"color: #000000;\">Varshava ka pasur diskutime me Uashingtonin n\u00eb lidhje me baz\u00ebn e arm\u00ebve b\u00ebrthamore t\u00eb SHBA-s\u00eb n\u00eb territorin polak mes asaj q\u00eb ajo e sheh si nj\u00eb k\u00ebrc\u00ebnim n\u00eb rritje nga Rusia, tha presidenti Andrzej Duda.<\/span><\/p>\n<p><span style=\"color: #000000;\"><em>\u201cProblemi, para s\u00eb gjithash, \u00ebsht\u00eb se ne nuk posedojm\u00eb arm\u00eb b\u00ebrthamore.\u201d<\/em> &#8211; tha Duda n\u00eb nj\u00eb intervist\u00eb me Gazeta Polska t\u00eb m\u00ebrkur\u00ebn.<\/span><\/p>\n<p><span style=\"color: #000000;\"><em>\u201cNuk ka asnj\u00eb tregues q\u00eb n\u00eb t\u00eb ardhmen e af\u00ebrt ne si Poloni do e kemi n\u00eb dispozicionin ton\u00eb.\u201d<\/em> &#8211; shtoi ai.<\/span><\/p>\n<p><span style=\"color: #000000;\">Zgjidhja mund t\u00eb jet\u00eb pjes\u00ebmarrja e Varshav\u00ebs n\u00eb programin e \u2018b\u00ebrthamor\u2019 t\u00eb Uashingtonit, sugjeroi presidenti.<\/span><\/p>\n<p><span style=\"color: #000000;\"><em>\u201cNe kemi folur me lider\u00ebt amerikan\u00eb n\u00ebse SHBA-ja po e shqyrton nj\u00eb mund\u00ebsi t\u00eb till\u00eb. \u00c7\u00ebshtja mbetet e hapur.\u201d<\/em> &#8211; tha ai.<\/span><\/p>\n<p><span style=\"color: #000000;\">Megjithat\u00eb, nj\u00eb zyrtar amerikan tha se Sht\u00ebpia e Bardh\u00eb \u2018nuk ishte n\u00eb dijeni t\u00eb k\u00ebsaj \u00e7\u00ebshtjeje q\u00eb po ngrihej\u2019, sipas The Guardian.<\/span><\/p>\n<p><span style=\"color: #000000;\">Tani p\u00ebr tani arm\u00ebt b\u00ebrthamore amerikane jan\u00eb vendosur n\u00eb Belgjik\u00eb, Gjermani, Itali, Holand\u00eb e Turqi si pjes\u00eb e programit b\u00ebrthamor. Pes\u00eb an\u00ebtar\u00ebt e NATO-s vet\u00ebm i strehojn\u00eb arm\u00ebt b\u00ebrthamore, t\u00eb cilat mbeten n\u00eb pron\u00ebsi t\u00eb Uashingtonit.<\/span><\/p>\n<p><span style=\"color: #000000;\">Duda u pyet gjithashtu p\u00ebr k\u00ebrc\u00ebnimin e pretenduar b\u00ebrthamor nga Rusia.<\/span><\/p>\n<p><span style=\"color: #000000;\"><em>\u201cN\u00ebse rus\u00ebt fillojn\u00eb nj\u00eb luft\u00eb b\u00ebrthamore, nuk do t\u00eb ket\u00eb t\u00eb ardhme p\u00ebr ta. Edhe n\u00ebse mbijetojn\u00eb, do t\u00eb jen\u00eb t\u00eb mallkuar n\u00eb t\u00eb gjith\u00eb bot\u00ebn. Ata e kuptojn\u00eb se do kalojn\u00eb vij\u00ebn, p\u00ebrtej s\u00eb cil\u00ebs nuk ka mbetur asgj\u00eb.\u201d<\/em> &#8211; tha presidenti.<\/span><\/p>\n<p><span style=\"color: #000000;\">Muajin e kaluar, presidenti rus \u00a0paralajm\u00ebroi se Moska ishte e gatshme t\u00eb \u2018p\u00ebrdorte t\u00eb gjitha mjetet\u2019 p\u00ebr t\u00eb mbrojtur veten n\u00ebse integriteti i saj territorial ishte n\u00eb rrezik. Megjithat\u00eb, fjal\u00ebt e Putinit u interpretuan nga disa n\u00eb Per\u00ebndim si nj\u00eb \u2018k\u00ebrc\u00ebnim i fshehur\u2019 p\u00ebr t\u00eb p\u00ebrdorur arm\u00eb atomike n\u00eb konfliktin e vazhduesh\u00ebm n\u00eb Ukrain\u00eb.<\/span><\/p>\n","protected":false,"gt_translate_keys":[{"key":"rendered","format":"html"}]},"excerpt":{"rendered":"<p>Varshava ka pasur diskutime me Uashingtonin n\u00eb lidhje me baz\u00ebn e arm\u00ebve b\u00ebrthamore t\u00eb SHBA-s\u00eb n\u00eb territorin polak mes asaj q\u00eb ajo e sheh si nj\u00eb k\u00ebrc\u00ebnim n\u00eb rritje nga Rusia, tha presidenti Andrzej Duda. \u201cProblemi, para s\u00eb gjithash, \u00ebsht\u00eb se ne nuk posedojm\u00eb arm\u00eb b\u00ebrthamore.\u201d &#8211; tha Duda n\u00eb nj\u00eb intervist\u00eb me Gazeta Polska [&hellip;]<\/p>\n","protected":false,"gt_translate_keys":[{"key":"rendered","format":"html"}]},"author":51,"featured_media":553688,"comment_status":"closed","ping_status":"closed","sticky":false,"template":"","format":"standard","meta":{"footnotes":""},"categories":[53],"tags":[],"class_list":["post-553687","post","type-post","status-publish","format-standard","has-post-thumbnail","hentry","category-fast-foodi"],"gt_translate_keys":[{"key":"link","format":"url"}],"_links":{"self":[{"href":"https:\/\/www.hashtag.al\/index.php\/wp-json\/wp\/v2\/posts\/553687","targetHints":{"allow":["GET"]}}],"collection":[{"href":"https:\/\/www.hashtag.al\/index.php\/wp-json\/wp\/v2\/posts"}],"about":[{"href":"https:\/\/www.hashtag.al\/index.php\/wp-json\/wp\/v2\/types\/post"}],"author":[{"embeddable":true,"href":"https:\/\/www.hashtag.al\/index.php\/wp-json\/wp\/v2\/users\/51"}],"replies":[{"embeddable":true,"href":"https:\/\/www.hashtag.al\/index.php\/wp-json\/wp\/v2\/comments?post=553687"}],"version-history":[{"count":0,"href":"https:\/\/www.hashtag.al\/index.php\/wp-json\/wp\/v2\/posts\/553687\/revisions"}],"wp:featuredmedia":[{"embeddable":true,"href":"https:\/\/www.hashtag.al\/index.php\/wp-json\/wp\/v2\/media\/553688"}],"wp:attachment":[{"href":"https:\/\/www.hashtag.al\/index.php\/wp-json\/wp\/v2\/media?parent=553687"}],"wp:term":[{"taxonomy":"category","embeddable":true,"href":"https:\/\/www.hashtag.al\/index.php\/wp-json\/wp\/v2\/categories?post=553687"},{"taxonomy":"post_tag","embeddable":true,"href":"https:\/\/www.hashtag.al\/index.php\/wp-json\/wp\/v2\/tags?post=553687"}],"curies":[{"name":"wp","href":"https:\/\/api.w.org\/{rel}","templated":true}]}}