{"id":553580,"date":"2022-10-06T14:24:12","date_gmt":"2022-10-06T12:24:12","guid":{"rendered":"https:\/\/www.hashtag.al\/?p=553580"},"modified":"2022-10-06T14:24:12","modified_gmt":"2022-10-06T12:24:12","slug":"gjermania-i-pergjigjet-kerkeses-se-polonise-per-demshperblimin-1-2-trilion-dollaresh","status":"publish","type":"post","link":"https:\/\/www.hashtag.al\/index.php\/2022\/10\/06\/gjermania-i-pergjigjet-kerkeses-se-polonise-per-demshperblimin-1-2-trilion-dollaresh\/","title":{"rendered":"Gjermania i p\u00ebrgjigjet k\u00ebrkes\u00ebs s\u00eb Polonis\u00eb p\u00ebr d\u00ebmshp\u00ebrblimin 1.2 trilion dollar\u00ebsh","gt_translate_keys":[{"key":"rendered","format":"text"}]},"content":{"rendered":"<p><span style=\"color: #000000;\"><img loading=\"lazy\" decoding=\"async\" class=\"aligncenter size-full wp-image-553581\" src=\"https:\/\/www.hashtag.al\/wp-content\/uploads\/2022\/10\/baerbock.jpg\" alt=\"\" width=\"768\" height=\"432\" srcset=\"https:\/\/www.hashtag.al\/wp-content\/uploads\/2022\/10\/baerbock.jpg 768w, https:\/\/www.hashtag.al\/wp-content\/uploads\/2022\/10\/baerbock-300x169.jpg 300w\" sizes=\"auto, (max-width: 768px) 100vw, 768px\" \/><\/span><\/p>\n<p><span style=\"color: #000000;\">Berlini kund\u00ebrshton t&#8217;i paguaj\u00eb Polonis\u00eb t\u00eb tjera d\u00ebmshp\u00ebrblime t\u00eb Luft\u00ebs s\u00eb Dyt\u00eb Bot\u00ebrore dhe e konsideron \u00e7\u00ebshtjen \u2018t\u00eb mbyllur\u2019 n\u00eb nivel qeveritar, i tha t\u00eb mart\u00ebn ministrja e Jashtme Annalena Baerbock homologut t\u00eb saj polak.<\/span><\/p>\n<p><span style=\"color: #000000;\">Duke folur n\u00eb nj\u00eb konferenc\u00eb shtypi pas nj\u00eb takimi me ministrin e Jasht\u00ebm t\u00eb Polonis\u00eb Zbignie\u00eb Rau n\u00eb Varshav\u00eb, Baerbock tha se ajo e kupton se \u2018kjo tem\u00eb u intereson shum\u00eb njer\u00ebzve\u2019 n\u00eb Poloni, por theksoi se megjith\u00ebse Gjermania \u2018ndihet p\u00ebrgjegj\u00ebse\u2019, \u00e7\u00ebshtja e reparacioneve nga pik\u00ebpamja e qeveris\u00eb gjermane \u00ebsht\u00eb \u2018nj\u00eb \u00e7\u00ebshtje e mbyllur\u2019.<\/span><\/p>\n<p><span style=\"color: #000000;\">Komentet e saj vijn\u00eb pasi Rau n\u00ebnshkroi nj\u00eb not\u00eb diplomatike drejtuar Berlinit t\u00eb h\u00ebn\u00ebn, duke k\u00ebrkuar zyrtarisht mbi 1.2 trilion dollar\u00eb d\u00ebmshp\u00ebrblim p\u00ebr d\u00ebmet materiale dhe t\u00eb tjera dhe humbjet q\u00eb Polonia pretendon se ka p\u00ebsuar nga Gjermania naziste midis 1939 dhe 1945.<\/span><\/p>\n<p><span style=\"color: #000000;\">Diplomati polak ka k\u00ebmb\u00ebngulur se t\u00eb dy vendet duhet t\u00eb nd\u00ebrmarrin \u2018hapa t\u00eb menj\u00ebhersh\u00ebm drejt nj\u00eb zgjidhjeje t\u00eb p\u00ebrhershme, gjith\u00ebp\u00ebrfshir\u00ebse dhe p\u00ebrfundimtare ligjore dhe materiale t\u00eb \u00e7\u00ebshtjes\u2019 n\u00eb m\u00ebnyr\u00eb q\u00eb t\u00eb ndihmojn\u00eb n\u00eb p\u00ebrmir\u00ebsimin e marr\u00ebdh\u00ebnieve dypal\u00ebshe.<\/span><\/p>\n<p><span style=\"color: #000000;\">Pas takimit t\u00eb tij me Baerbock, Rau p\u00ebrs\u00ebriti se \u2018shoq\u00ebria polake \u00ebsht\u00eb ende e traumatizuar nga pushtimi gjerman i vitit 1939, i cili kufizon dhe pengon mund\u00ebsit\u00eb e zhvillimit t\u00eb m\u00ebtejsh\u00ebm dhe thellimit t\u00eb marr\u00ebdh\u00ebnieve polako-gjermane\u2019.<\/span><\/p>\n<p><span style=\"color: #000000;\">Ai shtoi se Polonia ende beson se Gjermania mund t\u00eb bindet t\u00eb ndryshoj\u00eb q\u00ebndrimin e saj p\u00ebr k\u00ebt\u00eb \u00e7\u00ebshtje dhe se pozicioni i saj do p\u00ebrparoj\u00eb p\u00ebrmes dialogut t\u00eb m\u00ebtejsh\u00ebm.<\/span><\/p>\n","protected":false,"gt_translate_keys":[{"key":"rendered","format":"html"}]},"excerpt":{"rendered":"<p>Berlini kund\u00ebrshton t&#8217;i paguaj\u00eb Polonis\u00eb t\u00eb tjera d\u00ebmshp\u00ebrblime t\u00eb Luft\u00ebs s\u00eb Dyt\u00eb Bot\u00ebrore dhe e konsideron \u00e7\u00ebshtjen \u2018t\u00eb mbyllur\u2019 n\u00eb nivel qeveritar, i tha t\u00eb mart\u00ebn ministrja e Jashtme Annalena Baerbock homologut t\u00eb saj polak. Duke folur n\u00eb nj\u00eb konferenc\u00eb shtypi pas nj\u00eb takimi me ministrin e Jasht\u00ebm t\u00eb Polonis\u00eb Zbignie\u00eb Rau n\u00eb Varshav\u00eb, Baerbock [&hellip;]<\/p>\n","protected":false,"gt_translate_keys":[{"key":"rendered","format":"html"}]},"author":51,"featured_media":553581,"comment_status":"closed","ping_status":"closed","sticky":false,"template":"","format":"standard","meta":{"footnotes":""},"categories":[6],"tags":[],"class_list":["post-553580","post","type-post","status-publish","format-standard","has-post-thumbnail","hentry","category-nderkombetare"],"gt_translate_keys":[{"key":"link","format":"url"}],"_links":{"self":[{"href":"https:\/\/www.hashtag.al\/index.php\/wp-json\/wp\/v2\/posts\/553580","targetHints":{"allow":["GET"]}}],"collection":[{"href":"https:\/\/www.hashtag.al\/index.php\/wp-json\/wp\/v2\/posts"}],"about":[{"href":"https:\/\/www.hashtag.al\/index.php\/wp-json\/wp\/v2\/types\/post"}],"author":[{"embeddable":true,"href":"https:\/\/www.hashtag.al\/index.php\/wp-json\/wp\/v2\/users\/51"}],"replies":[{"embeddable":true,"href":"https:\/\/www.hashtag.al\/index.php\/wp-json\/wp\/v2\/comments?post=553580"}],"version-history":[{"count":0,"href":"https:\/\/www.hashtag.al\/index.php\/wp-json\/wp\/v2\/posts\/553580\/revisions"}],"wp:featuredmedia":[{"embeddable":true,"href":"https:\/\/www.hashtag.al\/index.php\/wp-json\/wp\/v2\/media\/553581"}],"wp:attachment":[{"href":"https:\/\/www.hashtag.al\/index.php\/wp-json\/wp\/v2\/media?parent=553580"}],"wp:term":[{"taxonomy":"category","embeddable":true,"href":"https:\/\/www.hashtag.al\/index.php\/wp-json\/wp\/v2\/categories?post=553580"},{"taxonomy":"post_tag","embeddable":true,"href":"https:\/\/www.hashtag.al\/index.php\/wp-json\/wp\/v2\/tags?post=553580"}],"curies":[{"name":"wp","href":"https:\/\/api.w.org\/{rel}","templated":true}]}}