{"id":553521,"date":"2022-10-06T11:12:44","date_gmt":"2022-10-06T09:12:44","guid":{"rendered":"https:\/\/www.hashtag.al\/?p=553521"},"modified":"2022-10-06T11:12:44","modified_gmt":"2022-10-06T09:12:44","slug":"te-japin-sqarime-opozita-kerkon-seance-degjimore-me-ere-maxhoranca-pranon","status":"publish","type":"post","link":"https:\/\/www.hashtag.al\/index.php\/2022\/10\/06\/te-japin-sqarime-opozita-kerkon-seance-degjimore-me-ere-maxhoranca-pranon\/","title":{"rendered":"\u201cT\u00eb japin sqarime\u201d- Opozita k\u00ebrkon seanc\u00eb d\u00ebgjimore me ERE, maxhoranca pranon","gt_translate_keys":[{"key":"rendered","format":"text"}]},"content":{"rendered":"<p><span style=\"color: #000000;\"><a style=\"color: #000000;\" href=\"https:\/\/www.hashtag.al\/wp-content\/uploads\/2022\/10\/vasilii.jpg\"><img loading=\"lazy\" decoding=\"async\" class=\"aligncenter size-full wp-image-553522\" src=\"https:\/\/www.hashtag.al\/wp-content\/uploads\/2022\/10\/vasilii.jpg\" alt=\"\" width=\"818\" height=\"417\" srcset=\"https:\/\/www.hashtag.al\/wp-content\/uploads\/2022\/10\/vasilii.jpg 818w, https:\/\/www.hashtag.al\/wp-content\/uploads\/2022\/10\/vasilii-300x153.jpg 300w, https:\/\/www.hashtag.al\/wp-content\/uploads\/2022\/10\/vasilii-768x392.jpg 768w, https:\/\/www.hashtag.al\/wp-content\/uploads\/2022\/10\/vasilii-568x290.jpg 568w\" sizes=\"auto, (max-width: 818px) 100vw, 818px\" \/><\/a><\/span><\/p>\n<p><span style=\"color: #000000;\">Nj\u00eb grup prej 15 deputet\u00ebsh kan\u00eb d\u00ebrguar k\u00ebrkes\u00eb n\u00eb Kuvend p\u00ebr t\u00eb thirrur n\u00eb nj\u00eb seanc\u00eb drejtuesin e ERE p\u00ebr vendosjen e \u00e7mimit t\u00eb energjis\u00eb me fash\u00eb 800 kwh.<\/span><\/p>\n<p><span style=\"color: #000000;\">K\u00ebrkes\u00eb e cila u pranua nga maxhoranca.<\/span><\/p>\n<p><span style=\"color: #000000;\">Deputeti i Partis\u00eb s\u00eb Liris\u00eb Petrit Vasili ka dh\u00ebn\u00eb arsye p\u00ebrse duhet q\u00eb t\u00eb jap\u00eb sqarime drejtuesi i ERE-s.<\/span><\/p>\n<p><span style=\"color: #000000;\"><em>\u201cK\u00ebrkesa q\u00eb paraqesin 15 deputet\u00eb t\u00eb PL dhe PD ka lidhje me nj\u00eb funksion thelb\u00ebsor t\u00eb parlamentit. T\u00eb gjith\u00eb an\u00ebtar\u00ebt e ERE i zgjedh Kuvendi.<\/em><\/span><\/p>\n<p><span style=\"color: #000000;\"><em>Thirrja e tij \u00ebsht\u00eb gj\u00ebja m\u00eb e natyrshme q\u00eb mund t\u00eb b\u00ebj\u00eb Kuvendi n\u00eb k\u00ebt\u00eb moment nga m\u00eb kritik\u00ebt p\u00ebr energjin\u00eb elektrike. Faktet jan\u00eb t\u00eb r\u00ebnda. Shpenzohen 1 miliard euro p\u00ebr humbje teknike nd\u00ebrkoh\u00eb q\u00eb nuk i \u00ebsht\u00eb kursyer burgu qytetar\u00ebve. E kemi par\u00eb dhe ngjarjen e vendosjes s\u00eb fash\u00ebs t\u00eb energjis\u00eb q\u00eb u p\u00ebrdor si mall propagande. Pasi u vendos, vijuan deklarata gjoja p\u00ebr pezullim nga kryeministri, nd\u00ebrkoh\u00eb q\u00eb t\u00eb gjith\u00eb e din\u00eb se organi q\u00eb vendos n\u00eb m\u00ebnyr\u00eb t\u00eb padiskutueshme \u00e7mimin \u00ebsht\u00eb ERE. Sqarimet deri n\u00eb nj\u00eb p\u00ebr k\u00ebt\u00eb \u00e7\u00ebshtje jan\u00eb t\u00eb domosdoshme. \u00c7do largim do t\u00eb thot\u00eb fshehja e korrupsionit galopant t\u00eb energjis\u00eb.<\/em>\u201d- tha Vasili sot n\u00eb Kuvend.<\/span><\/p>\n<p><span style=\"color: #000000;\">Vasili tha se \u00e7do q\u00ebndrim tjet\u00ebr do t\u00eb thot\u00eb se po <em>\u201chidhej n\u00eb er\u00eb funksioni bazik i Parlamentit q\u00eb \u00ebsht\u00eb llogaridh\u00ebnia\u201d.\u00a0<\/em><\/span><\/p>\n<p><span style=\"color: #000000;\">K\u00ebrkes\u00ebs s\u00eb tij iu p\u00ebrgjigj pozitivisht kreu i grupit parlamentar t\u00eb PS-s\u00eb, Taulant Balla.<\/span><\/p>\n<p><span style=\"color: #000000;\">Ai tha se e merr n\u00eb konsiderat\u00eb pasi nuk p\u00ebrfshihet Sali Berisha n\u00eb k\u00ebt\u00eb k\u00ebrkes\u00eb.<\/span><\/p>\n<p><span style=\"color: #000000;\"><em>\u00a0&#8220;Jemi t\u00eb gatsh\u00ebm p\u00ebr debat dhe pse k\u00ebrkesa juaj bie n\u00eb kund\u00ebrshtim me rregulloren. Besoj q\u00eb propozimi im \u00ebsht\u00eb t\u00eb mblidhet sa m\u00eb par\u00eb Konferenca Kryetar\u00ebve p\u00ebr t\u00eb p\u00ebrcaktuar dit\u00ebn dhe koh\u00ebn e debatit. K\u00ebrkesat dhe pyetjet t\u00eb sillen me shkrim ndaj drejtuesit t\u00eb ERE-s. Kjo \u00ebsht\u00eb e vetmja m\u00ebnyr\u00eb dhe ERE t\u00eb sjell\u00eb p\u00ebrgjigje. Besoj q\u00eb n\u00eb 2 seancat e ardhshme do t\u00eb zhvillojm\u00eb debat. E p\u00ebrsh\u00ebndes faktin q\u00eb nuk e keni p\u00ebrfshir\u00eb non grat\u00ebn n\u00eb k\u00ebrkes\u00ebn q\u00eb keni sjell\u00eb dhe ndaj e pranojm\u00eb.\u201d-<\/em> tha Balla. \u00a0<\/span><\/p>\n","protected":false,"gt_translate_keys":[{"key":"rendered","format":"html"}]},"excerpt":{"rendered":"<p>Nj\u00eb grup prej 15 deputet\u00ebsh kan\u00eb d\u00ebrguar k\u00ebrkes\u00eb n\u00eb Kuvend p\u00ebr t\u00eb thirrur n\u00eb nj\u00eb seanc\u00eb drejtuesin e ERE p\u00ebr vendosjen e \u00e7mimit t\u00eb energjis\u00eb me fash\u00eb 800 kwh. K\u00ebrkes\u00eb e cila u pranua nga maxhoranca. Deputeti i Partis\u00eb s\u00eb Liris\u00eb Petrit Vasili ka dh\u00ebn\u00eb arsye p\u00ebrse duhet q\u00eb t\u00eb jap\u00eb sqarime drejtuesi i ERE-s. [&hellip;]<\/p>\n","protected":false,"gt_translate_keys":[{"key":"rendered","format":"html"}]},"author":30,"featured_media":553524,"comment_status":"closed","ping_status":"closed","sticky":false,"template":"","format":"standard","meta":{"footnotes":""},"categories":[65,13],"tags":[],"class_list":["post-553521","post","type-post","status-publish","format-standard","has-post-thumbnail","hentry","category-lajme","category-te-fundit"],"gt_translate_keys":[{"key":"link","format":"url"}],"_links":{"self":[{"href":"https:\/\/www.hashtag.al\/index.php\/wp-json\/wp\/v2\/posts\/553521","targetHints":{"allow":["GET"]}}],"collection":[{"href":"https:\/\/www.hashtag.al\/index.php\/wp-json\/wp\/v2\/posts"}],"about":[{"href":"https:\/\/www.hashtag.al\/index.php\/wp-json\/wp\/v2\/types\/post"}],"author":[{"embeddable":true,"href":"https:\/\/www.hashtag.al\/index.php\/wp-json\/wp\/v2\/users\/30"}],"replies":[{"embeddable":true,"href":"https:\/\/www.hashtag.al\/index.php\/wp-json\/wp\/v2\/comments?post=553521"}],"version-history":[{"count":0,"href":"https:\/\/www.hashtag.al\/index.php\/wp-json\/wp\/v2\/posts\/553521\/revisions"}],"wp:featuredmedia":[{"embeddable":true,"href":"https:\/\/www.hashtag.al\/index.php\/wp-json\/wp\/v2\/media\/553524"}],"wp:attachment":[{"href":"https:\/\/www.hashtag.al\/index.php\/wp-json\/wp\/v2\/media?parent=553521"}],"wp:term":[{"taxonomy":"category","embeddable":true,"href":"https:\/\/www.hashtag.al\/index.php\/wp-json\/wp\/v2\/categories?post=553521"},{"taxonomy":"post_tag","embeddable":true,"href":"https:\/\/www.hashtag.al\/index.php\/wp-json\/wp\/v2\/tags?post=553521"}],"curies":[{"name":"wp","href":"https:\/\/api.w.org\/{rel}","templated":true}]}}