{"id":553518,"date":"2022-10-06T10:56:38","date_gmt":"2022-10-06T08:56:38","guid":{"rendered":"https:\/\/www.hashtag.al\/?p=553518"},"modified":"2022-10-06T10:56:38","modified_gmt":"2022-10-06T08:56:38","slug":"deputetja-demokrate-nis-te-flase-per-mbylljen-e-kolegjit-mehmet-akif-nikolla-i-fik-mikrofonin","status":"publish","type":"post","link":"https:\/\/www.hashtag.al\/index.php\/2022\/10\/06\/deputetja-demokrate-nis-te-flase-per-mbylljen-e-kolegjit-mehmet-akif-nikolla-i-fik-mikrofonin\/","title":{"rendered":"Deputetja demokrate nis t\u00eb flas\u00eb p\u00ebr mbylljen e kolegjit \u201cMehmet Akif\u201d, Nikolla i fik mikrofonin","gt_translate_keys":[{"key":"rendered","format":"text"}]},"content":{"rendered":"<p><span style=\"color: #000000;\"><a href=\"https:\/\/www.hashtag.al\/wp-content\/uploads\/2022\/10\/Bakiu.jpg\"><img loading=\"lazy\" decoding=\"async\" class=\"aligncenter size-full wp-image-553519\" src=\"https:\/\/www.hashtag.al\/wp-content\/uploads\/2022\/10\/Bakiu.jpg\" alt=\"\" width=\"760\" height=\"343\" srcset=\"https:\/\/www.hashtag.al\/wp-content\/uploads\/2022\/10\/Bakiu.jpg 760w, https:\/\/www.hashtag.al\/wp-content\/uploads\/2022\/10\/Bakiu-300x135.jpg 300w\" sizes=\"auto, (max-width: 760px) 100vw, 760px\" \/><\/a><\/span><\/p>\n<p><span style=\"color: #000000;\">N\u00eb seanc\u00ebn e sotme plenare, deputetja e Partis\u00eb Demokratike Klodiana Bakiu nisi t\u00eb fliste p\u00ebr mbylljen e kolegjit Mehmet Akif dhe p\u00ebr q\u00ebndrimin e mbajtur nga qeveria.<\/span><\/p>\n<p><span style=\"color: #000000;\"><em>\u201cKolegji Mehmet Akif \u00ebsht\u00eb larguar n\u00eb fillim t\u00eb vitit dhe se nuk ka njoftuar Ministrin\u00eb e Arsimit p\u00ebr ndryshimin, me shkres\u00ebn e dat\u00ebs 29 korrik \u00ebsht\u00eb njoftuar p\u00ebr vendndodhjen e tij.\u201d-<\/em> tha Bakiu duke folur nga vendi.<\/span><\/p>\n<p><span style=\"color: #000000;\">Por kryeparlametnarja Lindita Nikolla i fiku mikrofonin.<\/span><\/p>\n<p><span style=\"color: #000000;\"><em>\u201cZonja Bakiu, kjo nuk \u00ebsht\u00eb procedur\u00eb, jam e detyruar t\u00eb t\u00ebrheq fjal\u00ebn.\u201d-\u00a0<\/em>u shpreh Nikolla duke mos e lejuar deputeten t\u00eb fliste m\u00eb dhe vijoi me rendin e dit\u00ebs.<\/span><\/p>\n","protected":false,"gt_translate_keys":[{"key":"rendered","format":"html"}]},"excerpt":{"rendered":"<p>N\u00eb seanc\u00ebn e sotme plenare, deputetja e Partis\u00eb Demokratike Klodiana Bakiu nisi t\u00eb fliste p\u00ebr mbylljen e kolegjit Mehmet Akif dhe p\u00ebr q\u00ebndrimin e mbajtur nga qeveria. \u201cKolegji Mehmet Akif \u00ebsht\u00eb larguar n\u00eb fillim t\u00eb vitit dhe se nuk ka njoftuar Ministrin\u00eb e Arsimit p\u00ebr ndryshimin, me shkres\u00ebn e dat\u00ebs 29 korrik \u00ebsht\u00eb njoftuar p\u00ebr [&hellip;]<\/p>\n","protected":false,"gt_translate_keys":[{"key":"rendered","format":"html"}]},"author":30,"featured_media":553519,"comment_status":"closed","ping_status":"closed","sticky":false,"template":"","format":"standard","meta":{"footnotes":""},"categories":[1],"tags":[],"class_list":["post-553518","post","type-post","status-publish","format-standard","has-post-thumbnail","hentry","category-uncategorized"],"gt_translate_keys":[{"key":"link","format":"url"}],"_links":{"self":[{"href":"https:\/\/www.hashtag.al\/index.php\/wp-json\/wp\/v2\/posts\/553518","targetHints":{"allow":["GET"]}}],"collection":[{"href":"https:\/\/www.hashtag.al\/index.php\/wp-json\/wp\/v2\/posts"}],"about":[{"href":"https:\/\/www.hashtag.al\/index.php\/wp-json\/wp\/v2\/types\/post"}],"author":[{"embeddable":true,"href":"https:\/\/www.hashtag.al\/index.php\/wp-json\/wp\/v2\/users\/30"}],"replies":[{"embeddable":true,"href":"https:\/\/www.hashtag.al\/index.php\/wp-json\/wp\/v2\/comments?post=553518"}],"version-history":[{"count":0,"href":"https:\/\/www.hashtag.al\/index.php\/wp-json\/wp\/v2\/posts\/553518\/revisions"}],"wp:featuredmedia":[{"embeddable":true,"href":"https:\/\/www.hashtag.al\/index.php\/wp-json\/wp\/v2\/media\/553519"}],"wp:attachment":[{"href":"https:\/\/www.hashtag.al\/index.php\/wp-json\/wp\/v2\/media?parent=553518"}],"wp:term":[{"taxonomy":"category","embeddable":true,"href":"https:\/\/www.hashtag.al\/index.php\/wp-json\/wp\/v2\/categories?post=553518"},{"taxonomy":"post_tag","embeddable":true,"href":"https:\/\/www.hashtag.al\/index.php\/wp-json\/wp\/v2\/tags?post=553518"}],"curies":[{"name":"wp","href":"https:\/\/api.w.org\/{rel}","templated":true}]}}