{"id":553515,"date":"2022-10-06T10:45:52","date_gmt":"2022-10-06T08:45:52","guid":{"rendered":"https:\/\/www.hashtag.al\/?p=553515"},"modified":"2022-10-06T10:45:52","modified_gmt":"2022-10-06T08:45:52","slug":"tritan-shehu-thirrje-nga-kuvendi-me-shume-sensibilizim-per-kancerin-e-gjirit-nuk-eshte-me-ai-djalli-i-zi-vdekjeprures-por-qeveria-te-shtoje-financimet","status":"publish","type":"post","link":"https:\/\/www.hashtag.al\/index.php\/2022\/10\/06\/tritan-shehu-thirrje-nga-kuvendi-me-shume-sensibilizim-per-kancerin-e-gjirit-nuk-eshte-me-ai-djalli-i-zi-vdekjeprures-por-qeveria-te-shtoje-financimet\/","title":{"rendered":"Tritan Shehu thirrje nga Kuvendi: M\u00eb shum\u00eb sensibilizim p\u00ebr kancerin e gjirit, nuk \u00ebsht\u00eb m\u00eb ai djalli i zi vdekjeprur\u00ebs, por qeveria t\u00eb shtoj\u00eb financimet","gt_translate_keys":[{"key":"rendered","format":"text"}]},"content":{"rendered":"<p><span style=\"color: #000000;\"><a href=\"https:\/\/www.hashtag.al\/wp-content\/uploads\/2022\/10\/vasili-1.jpg\"><img loading=\"lazy\" decoding=\"async\" class=\"aligncenter size-full wp-image-553516\" src=\"https:\/\/www.hashtag.al\/wp-content\/uploads\/2022\/10\/vasili-1.jpg\" alt=\"\" width=\"747\" height=\"376\" srcset=\"https:\/\/www.hashtag.al\/wp-content\/uploads\/2022\/10\/vasili-1.jpg 747w, https:\/\/www.hashtag.al\/wp-content\/uploads\/2022\/10\/vasili-1-300x151.jpg 300w\" sizes=\"auto, (max-width: 747px) 100vw, 747px\" \/><\/a><\/span><\/p>\n<p><span style=\"color: #000000;\">N\u00eb nisje t\u00eb seanc\u00ebs s\u00eb sotme plenare n\u00eb Kuvend, deputeti i Partis\u00eb Demokratike, Tritan Shehu si mjek theksoi nevoj\u00ebn e rritjes s\u00eb sensibilizimit p\u00ebr s\u00ebmundjen e kancerit t\u00eb gjirit, n\u00eb kuad\u00ebr t\u00eb muajit \u2018Tetori roz\u00eb\u2019.<\/span><\/p>\n<p><span style=\"color: #000000;\">Shehu k\u00ebrkoi shtim t\u00eb financimeve p\u00ebr t\u00eb p\u00ebrballuar s\u00ebmundjen e r\u00ebnd\u00eb.<\/span><\/p>\n<p><span style=\"color: #000000;\"><em>\u201cKa qen\u00eb nj\u00eb tradit\u00eb n\u00eb parlamentin ton\u00eb q\u00eb n\u00eb k\u00ebt\u00eb muaj t\u00eb kancerit t\u00eb gjirit t\u00eb krijohet sensibilizm n\u00eb Kuvend.<\/em><\/span><\/p>\n<p><span style=\"color: #000000;\"><em> Kjo \u00ebsht\u00eb e domosdoshme jo se kemi t\u00eb b\u00ebjm\u00eb me nj\u00eb patologji t\u00eb r\u00ebnd\u00eb, por duhet sensibilizim, t\u00eb institucioneve sh\u00ebndet\u00ebsore, t\u00eb qeveris\u00eb. T\u00eb p\u00ebrballesh me tumore dhe n\u00eb shp\u00ebtim t\u00eb jet\u00ebve t\u00eb njer\u00ebzve. <\/em><\/span><\/p>\n<p><span style=\"color: #000000;\"><em>Sot tumoret nuk jan\u00eb m\u00eb ai djalli i zi vdekjeprur\u00ebs, por element dhe patologji e r\u00ebnd\u00eb, por me organizim t\u00eb mir\u00eb t\u00eb sistemit sh\u00ebndet\u00ebsor, me diagnostikim t\u00eb hersh\u00ebm dhe me mjekim adekuat, jan\u00eb arritur suksese t\u00eb m\u00ebdha n\u00eb uljen e vdekshm\u00ebris\u00eb. Sot ka shifra inkurajuese me nj\u00eb nivel 60-70 % e tyre. <\/em><\/span><\/p>\n<p><span style=\"color: #000000;\"><em>Nj\u00eb kategori e madhe q\u00eb mund t\u00eb p\u00ebrfitojn\u00eb jan\u00eb padyshim zonjat q\u00eb preken nga tumoret e gjirit. Kemi raste me vdekshm\u00ebri 360 n\u00eb vit nga vdekshm\u00ebris\u00eb nga tumoret e gjiri. Ka vend shum\u00eb p\u00ebr t\u00eb folur, p\u00ebr t\u00eb shtyr\u00eb qeverin\u00eb dhe p\u00ebr t\u00eb shtuar financimet.\u201d<\/em>&#8211; tha Shehu.<\/span><\/p>\n<p><span style=\"color: #000000;\">Kryeparlamentarja Lindita Nikolla pas k\u00ebtyre fjal\u00ebve, tha se duhet t\u00eb nxiten vajzat dhe grat\u00eb t\u00eb b\u00ebjn\u00eb mamografi p\u00ebr t\u2019u diagnostikuar.<\/span><\/p>\n","protected":false,"gt_translate_keys":[{"key":"rendered","format":"html"}]},"excerpt":{"rendered":"<p>N\u00eb nisje t\u00eb seanc\u00ebs s\u00eb sotme plenare n\u00eb Kuvend, deputeti i Partis\u00eb Demokratike, Tritan Shehu si mjek theksoi nevoj\u00ebn e rritjes s\u00eb sensibilizimit p\u00ebr s\u00ebmundjen e kancerit t\u00eb gjirit, n\u00eb kuad\u00ebr t\u00eb muajit \u2018Tetori roz\u00eb\u2019. Shehu k\u00ebrkoi shtim t\u00eb financimeve p\u00ebr t\u00eb p\u00ebrballuar s\u00ebmundjen e r\u00ebnd\u00eb. \u201cKa qen\u00eb nj\u00eb tradit\u00eb n\u00eb parlamentin ton\u00eb q\u00eb n\u00eb [&hellip;]<\/p>\n","protected":false,"gt_translate_keys":[{"key":"rendered","format":"html"}]},"author":30,"featured_media":553516,"comment_status":"closed","ping_status":"closed","sticky":false,"template":"","format":"standard","meta":{"footnotes":""},"categories":[65,13],"tags":[],"class_list":["post-553515","post","type-post","status-publish","format-standard","has-post-thumbnail","hentry","category-lajme","category-te-fundit"],"gt_translate_keys":[{"key":"link","format":"url"}],"_links":{"self":[{"href":"https:\/\/www.hashtag.al\/index.php\/wp-json\/wp\/v2\/posts\/553515","targetHints":{"allow":["GET"]}}],"collection":[{"href":"https:\/\/www.hashtag.al\/index.php\/wp-json\/wp\/v2\/posts"}],"about":[{"href":"https:\/\/www.hashtag.al\/index.php\/wp-json\/wp\/v2\/types\/post"}],"author":[{"embeddable":true,"href":"https:\/\/www.hashtag.al\/index.php\/wp-json\/wp\/v2\/users\/30"}],"replies":[{"embeddable":true,"href":"https:\/\/www.hashtag.al\/index.php\/wp-json\/wp\/v2\/comments?post=553515"}],"version-history":[{"count":0,"href":"https:\/\/www.hashtag.al\/index.php\/wp-json\/wp\/v2\/posts\/553515\/revisions"}],"wp:featuredmedia":[{"embeddable":true,"href":"https:\/\/www.hashtag.al\/index.php\/wp-json\/wp\/v2\/media\/553516"}],"wp:attachment":[{"href":"https:\/\/www.hashtag.al\/index.php\/wp-json\/wp\/v2\/media?parent=553515"}],"wp:term":[{"taxonomy":"category","embeddable":true,"href":"https:\/\/www.hashtag.al\/index.php\/wp-json\/wp\/v2\/categories?post=553515"},{"taxonomy":"post_tag","embeddable":true,"href":"https:\/\/www.hashtag.al\/index.php\/wp-json\/wp\/v2\/tags?post=553515"}],"curies":[{"name":"wp","href":"https:\/\/api.w.org\/{rel}","templated":true}]}}