{"id":553493,"date":"2022-10-06T09:00:48","date_gmt":"2022-10-06T07:00:48","guid":{"rendered":"https:\/\/www.hashtag.al\/?p=553493"},"modified":"2022-10-06T09:00:48","modified_gmt":"2022-10-06T07:00:48","slug":"i-denuar-me-25-vite-burg-ne-itali-per-trafik-droge-arrestohet-55-vjecari-ne-durres","status":"publish","type":"post","link":"https:\/\/www.hashtag.al\/index.php\/2022\/10\/06\/i-denuar-me-25-vite-burg-ne-itali-per-trafik-droge-arrestohet-55-vjecari-ne-durres\/","title":{"rendered":"I d\u00ebnuar me 25 vite burg n\u00eb Itali p\u00ebr trafik droge, arrestohet 55-vje\u00e7ari n\u00eb Durr\u00ebs","gt_translate_keys":[{"key":"rendered","format":"text"}]},"content":{"rendered":"<p><span style=\"color: #000000;\"><a href=\"https:\/\/www.hashtag.al\/wp-content\/uploads\/2022\/10\/Durres.jpg\"><img loading=\"lazy\" decoding=\"async\" class=\"aligncenter size-full wp-image-553494\" src=\"https:\/\/www.hashtag.al\/wp-content\/uploads\/2022\/10\/Durres.jpg\" alt=\"\" width=\"858\" height=\"525\" srcset=\"https:\/\/www.hashtag.al\/wp-content\/uploads\/2022\/10\/Durres.jpg 858w, https:\/\/www.hashtag.al\/wp-content\/uploads\/2022\/10\/Durres-300x184.jpg 300w, https:\/\/www.hashtag.al\/wp-content\/uploads\/2022\/10\/Durres-768x470.jpg 768w\" sizes=\"auto, (max-width: 858px) 100vw, 858px\" \/><\/a><\/span><\/p>\n<p><span style=\"color: #000000;\">Policia n\u00eb Durr\u00ebs ka arrestuar nj\u00eb 55-vje\u00e7ar i cili rezultonte i k\u00ebrkuar nga Interpol. Edmond Kanak\u00e7iu rezulton i d\u00ebnuar me 25 vjet burg n\u00eb Itali me akuzat p\u00ebr trafik droge.<\/span><\/p>\n<p><span style=\"color: #000000;\">Ai pritet t\u00eb ekstradohet drejt vendit fqinj ku do t\u00eb kryej\u00eb d\u00ebnimin.<\/span><\/p>\n<p><strong><span style=\"color: #000000;\">Njoftimi i Policis\u00eb<\/span><\/strong><\/p>\n<p><span style=\"color: #000000;\">Finalizohet nga DVP Durr\u00ebs dhe Interpol Tirana, operacioni policor i koduar &#8220;Koordinatat\u201d.<\/span><\/p>\n<p><span style=\"color: #000000;\">I d\u00ebnuar n\u00eb Itali, me 25 vjet e 8 muaj burgim p\u00ebr trafikim t\u00eb l\u00ebnd\u00ebve narkotike, kapet n\u00eb Durr\u00ebs dhe vihet n\u00eb pranga, me q\u00ebllim ekstradimin, 55-vje\u00e7ari i k\u00ebrkuar nd\u00ebrkomb\u00ebtarisht.<\/span><\/p>\n<p><span style=\"color: #000000;\">N\u00eb vijim t\u00eb pun\u00ebs p\u00ebr kapjen e personave t\u00eb k\u00ebrkuar komb\u00ebtarisht dhe nd\u00ebrkomb\u00ebtarisht, sh\u00ebrbimet e Forc\u00ebs s\u00eb Posa\u00e7me Operacionale t\u00eb DVP Durr\u00ebs, n\u00eb bashk\u00ebpunim me Interpol Tirana, n\u00eb kuad\u00ebr t\u00eb operacionit policor t\u00eb koduar \u201cKoordinatat&#8221;, b\u00ebn\u00eb kapjen dhe arrestimin provizor, me q\u00ebllim ekstradimin, t\u00eb shtetasit n\u00eb k\u00ebrkim nd\u00ebrkomb\u00ebtar:<\/span><\/p>\n<p><span style=\"color: #000000;\">-Edmond Kanak\u00e7iu (Kondak\u00e7iu), 55 vje\u00e7, banues n\u00eb lagjen nr., 13 Durr\u00ebs, pasi autoritetet gjyq\u00ebsore t\u00eb Perugia-s, Itali, pas dh\u00ebnies s\u00eb vendimit p\u00ebr d\u00ebnimin e 55-vje\u00e7arit me 25 vjet e 8 muaj burgim, p\u00ebr vepr\u00ebn penale \u201cTrafikimi i l\u00ebnd\u00ebve narkotike&#8221;, kan\u00eb l\u00ebshuar urdh\u00ebr arresti nd\u00ebrkomb\u00ebtar n\u00eb ngarkim t\u00eb tij.<\/span><\/p>\n<p><span style=\"color: #000000;\">Materialet i kaluan Prokuroris\u00eb pran\u00eb Gjykat\u00ebs s\u00eb Rrethit Gjyq\u00ebsor Durr\u00ebs, p\u00ebr veprime t\u00eb m\u00ebtejshme.<\/span><\/p>\n<p><iframe loading=\"lazy\" style=\"border: none; overflow: hidden;\" src=\"https:\/\/www.facebook.com\/plugins\/video.php?height=316&amp;href=https%3A%2F%2Fwww.facebook.com%2Fpoliciashtetitshqiptar%2Fvideos%2F858825915492721%2F&amp;show_text=false&amp;width=560&amp;t=0\" width=\"560\" height=\"316\" frameborder=\"0\" scrolling=\"no\" allowfullscreen=\"allowfullscreen\"><\/iframe><\/p>\n","protected":false,"gt_translate_keys":[{"key":"rendered","format":"html"}]},"excerpt":{"rendered":"<p>Policia n\u00eb Durr\u00ebs ka arrestuar nj\u00eb 55-vje\u00e7ar i cili rezultonte i k\u00ebrkuar nga Interpol. Edmond Kanak\u00e7iu rezulton i d\u00ebnuar me 25 vjet burg n\u00eb Itali me akuzat p\u00ebr trafik droge. Ai pritet t\u00eb ekstradohet drejt vendit fqinj ku do t\u00eb kryej\u00eb d\u00ebnimin. Njoftimi i Policis\u00eb Finalizohet nga DVP Durr\u00ebs dhe Interpol Tirana, operacioni policor i [&hellip;]<\/p>\n","protected":false,"gt_translate_keys":[{"key":"rendered","format":"html"}]},"author":30,"featured_media":553494,"comment_status":"closed","ping_status":"closed","sticky":false,"template":"","format":"standard","meta":{"footnotes":""},"categories":[65,13],"tags":[],"class_list":["post-553493","post","type-post","status-publish","format-standard","has-post-thumbnail","hentry","category-lajme","category-te-fundit"],"gt_translate_keys":[{"key":"link","format":"url"}],"_links":{"self":[{"href":"https:\/\/www.hashtag.al\/index.php\/wp-json\/wp\/v2\/posts\/553493","targetHints":{"allow":["GET"]}}],"collection":[{"href":"https:\/\/www.hashtag.al\/index.php\/wp-json\/wp\/v2\/posts"}],"about":[{"href":"https:\/\/www.hashtag.al\/index.php\/wp-json\/wp\/v2\/types\/post"}],"author":[{"embeddable":true,"href":"https:\/\/www.hashtag.al\/index.php\/wp-json\/wp\/v2\/users\/30"}],"replies":[{"embeddable":true,"href":"https:\/\/www.hashtag.al\/index.php\/wp-json\/wp\/v2\/comments?post=553493"}],"version-history":[{"count":0,"href":"https:\/\/www.hashtag.al\/index.php\/wp-json\/wp\/v2\/posts\/553493\/revisions"}],"wp:featuredmedia":[{"embeddable":true,"href":"https:\/\/www.hashtag.al\/index.php\/wp-json\/wp\/v2\/media\/553494"}],"wp:attachment":[{"href":"https:\/\/www.hashtag.al\/index.php\/wp-json\/wp\/v2\/media?parent=553493"}],"wp:term":[{"taxonomy":"category","embeddable":true,"href":"https:\/\/www.hashtag.al\/index.php\/wp-json\/wp\/v2\/categories?post=553493"},{"taxonomy":"post_tag","embeddable":true,"href":"https:\/\/www.hashtag.al\/index.php\/wp-json\/wp\/v2\/tags?post=553493"}],"curies":[{"name":"wp","href":"https:\/\/api.w.org\/{rel}","templated":true}]}}