{"id":553404,"date":"2022-10-05T18:04:36","date_gmt":"2022-10-05T16:04:36","guid":{"rendered":"https:\/\/www.hashtag.al\/?p=553404"},"modified":"2022-10-05T18:04:36","modified_gmt":"2022-10-05T16:04:36","slug":"kujdesi-per-resurset-natyrore-shqiperia-calon-ne-shendetin-mjedisor","status":"publish","type":"post","link":"https:\/\/www.hashtag.al\/index.php\/2022\/10\/05\/kujdesi-per-resurset-natyrore-shqiperia-calon-ne-shendetin-mjedisor\/","title":{"rendered":"Kujdesi p\u00ebr resurset natyrore, Shqip\u00ebria \u00e7alon n\u00eb sh\u00ebndetin mjedisor","gt_translate_keys":[{"key":"rendered","format":"text"}]},"content":{"rendered":"<p><span style=\"color: #000000;\"><a href=\"https:\/\/www.hashtag.al\/wp-content\/uploads\/2022\/10\/HARTA-MJED.jpg\"><img loading=\"lazy\" decoding=\"async\" class=\"aligncenter size-full wp-image-553405\" src=\"https:\/\/www.hashtag.al\/wp-content\/uploads\/2022\/10\/HARTA-MJED.jpg\" alt=\"\" width=\"940\" height=\"585\" srcset=\"https:\/\/www.hashtag.al\/wp-content\/uploads\/2022\/10\/HARTA-MJED.jpg 940w, https:\/\/www.hashtag.al\/wp-content\/uploads\/2022\/10\/HARTA-MJED-300x187.jpg 300w, https:\/\/www.hashtag.al\/wp-content\/uploads\/2022\/10\/HARTA-MJED-768x478.jpg 768w\" sizes=\"auto, (max-width: 940px) 100vw, 940px\" \/><\/a><\/span><\/p>\n<p><span style=\"color: #000000;\">Pothuajse t\u00eb gjitha vendet nuk jan\u00eb n\u00eb rrug\u00ebn e duhur p\u00ebr t\u00eb p\u00ebrmbushur objektivin zero neto t\u00eb emetimeve t\u00eb gazeve serr\u00eb t\u00eb vendosur nga Pakti i Klim\u00ebs s\u00eb Glasgout 2021, sipas Indeksit t\u00eb Performanc\u00ebs Mjedisore 2022*.<\/span><\/p>\n<p><span style=\"color: #000000;\">Sipas raportit, Shqip\u00ebria renditet e 62-ta, nga 180 shtete t\u00eb marra n\u00eb studim, sa i p\u00ebrket performanc\u00ebs s\u00eb mbrojtjes s\u00eb mjedisit. E par\u00eb n\u00eb nj\u00eb k\u00ebndv\u00ebshtrim rajonal, Maqedonia e Veriut ka performuar m\u00eb mir\u00eb, e renditur e 34-a, nd\u00ebrsa ata q\u00eb s\u2019kan\u00eb b\u00ebr\u00eb mir\u00eb detyrat e sht\u00ebpis\u00eb jan\u00eb Serbia e 79-a dhe Bosnja e Hercegovina e 102-a.<\/span><\/p>\n<p><span style=\"color: #000000;\">N\u00ebnkategorit\u00eb ku Shqip\u00ebria ka performuar m\u00eb pak ka qen\u00eb adresimi i politikave t\u00eb duhura p\u00ebr zbutjen e ndryshimeve klimatike dhe sh\u00ebndeti mjedisor n\u00eb t\u00ebr\u00ebsi.<\/span><\/p>\n<p><span style=\"color: #000000;\">N\u00ebnkategorit\u00eb e marra n\u00eb studim p\u00ebr t\u00eb b\u00ebr\u00eb vler\u00ebsimin p\u00ebrfundimtar jan\u00eb: Sh\u00ebndeti Mjedisor, Vitaliteti i Ekosistemit dhe Ndryshimi i Klim\u00ebs.<\/span><\/p>\n<p><span style=\"color: #000000;\">Tendencat mbar\u00eb bot\u00ebrore sugjerojn\u00eb se shum\u00eb vende kan\u00eb b\u00ebr\u00eb p\u00ebrparim t\u00eb r\u00ebnd\u00ebsish\u00ebm gjat\u00eb dekad\u00ebs s\u00eb fundit n\u00eb \u00e7\u00ebshtjet kritike t\u00eb sh\u00ebndetit mjedisor si kanalizimet, uji i pijsh\u00ebm dhe ndotja e ajrit t\u00eb brendsh\u00ebm. K\u00ebto p\u00ebrfitime tregojn\u00eb se investimet n\u00eb infrastruktur\u00ebn mjedisore, si objektet e trajtimit t\u00eb uj\u00ebrave t\u00eb zeza dhe teknologjit\u00eb m\u00eb t\u00eb mira t\u00eb energjis\u00eb sht\u00ebpiake \u2013 t\u00eb tilla si sobat m\u00eb t\u00eb pastra \u2013 mund t\u00eb p\u00ebrkthehen n\u00eb p\u00ebrmir\u00ebsime t\u00eb shpejta n\u00eb sh\u00ebndetin publik. Metrikat e reja t\u00eb cil\u00ebsis\u00eb s\u00eb ajrit t\u00eb EPI tregojn\u00eb, megjithat\u00eb, se banor\u00ebt n\u00eb shumic\u00ebn e vendeve ende thithin aj\u00ebr t\u00eb pasigurt. M\u00eb shum\u00eb se tet\u00eb milion\u00eb njer\u00ebz vdesin para kohe \u00e7do vit nga ekspozimi ndaj ndot\u00ebsve t\u00eb ajrit t\u00eb brendsh\u00ebm dhe t\u00eb ambientit. Vendet e Azis\u00eb Jugore, si India, Nepali dhe Pakistani, jan\u00eb ve\u00e7an\u00ebrisht t\u00eb prapambetura n\u00eb cil\u00ebsin\u00eb e ajrit.<\/span><\/p>\n<p><span style=\"color: #000000;\">M\u00eb shum\u00eb se 50% e emetimeve n\u00eb vitin 2050 jan\u00eb planifikuar t\u00eb vijn\u00eb nga Kina, India, Shtetet e Bashkuara dhe Rusia, sipas trajektoreve t\u00eb parashikuara t\u00eb vendeve bazuar n\u00eb t\u00eb dh\u00ebnat nga viti 2010 deri n\u00eb vitin 2019. Duke mbetur prapa koleg\u00ebve t\u00eb saj, Shtetet e Bashkuara u rendit\u00ebn e 43-ta nga 180 vende n\u00eb indeks. Kjo renditje pasqyron rikthimin e mbrojtjeve mjedisore gjat\u00eb administrat\u00ebs Trump, e cila shfuqizoi ose dob\u00ebsoi gati 100 rregullore mjedisore, u t\u00ebrhoq nga Marr\u00ebveshja e Parisit p\u00ebr Klim\u00ebn dhe dob\u00ebsoi standardet e efikasitetit t\u00eb karburantit. Renditja e p\u00ebrgjithshme i vendos Shtetet e Bashkuara pas shumic\u00ebs s\u00eb demokracive t\u00eb pasura per\u00ebndimore, duke p\u00ebrfshir\u00eb Franc\u00ebn (e 12-t\u00ebn), Gjermanin\u00eb (13), Australin\u00eb (17), Italin\u00eb (23-t\u00ebn) dhe Japonin\u00eb (e 25-t\u00ebn).<\/span><\/p>\n<p><em><strong><span style=\"color: #000000;\">*Nj\u00eb analiz\u00eb nga hulumtuesit e Yale dhe Columbia q\u00eb ofron nj\u00eb p\u00ebrmbledhje t\u00eb bazuar nga t\u00eb dh\u00ebnat e shtetit t\u00eb q\u00ebndrueshm\u00ebris\u00eb n\u00eb mbar\u00eb bot\u00ebn.<\/span><\/strong><\/em><\/p>\n<p><strong><span style=\"color: #000000;\"><span style=\"color: #ff0000;\">VINI RE:<\/span> Ky artikull \u00ebsht\u00eb pron\u00eb intelektuale e <span style=\"color: #0000ff;\"><a style=\"color: #0000ff;\" href=\"https:\/\/www.monitor.al\/kujdesi-per-resurset-natyrore-indeksi-shqiperia-calon-ne-shendetin-mjedisor\/\">Monitor.al<\/a><\/span><\/span><\/strong><\/p>\n<p><a href=\"https:\/\/www.hashtag.al\/wp-content\/uploads\/2022\/10\/al-ond.jpg\"><img loading=\"lazy\" decoding=\"async\" class=\"aligncenter size-full wp-image-553406\" src=\"https:\/\/www.hashtag.al\/wp-content\/uploads\/2022\/10\/al-ond.jpg\" alt=\"\" width=\"376\" height=\"789\" srcset=\"https:\/\/www.hashtag.al\/wp-content\/uploads\/2022\/10\/al-ond.jpg 376w, https:\/\/www.hashtag.al\/wp-content\/uploads\/2022\/10\/al-ond-143x300.jpg 143w\" sizes=\"auto, (max-width: 376px) 100vw, 376px\" \/><\/a><\/p>\n","protected":false,"gt_translate_keys":[{"key":"rendered","format":"html"}]},"excerpt":{"rendered":"<p>Pothuajse t\u00eb gjitha vendet nuk jan\u00eb n\u00eb rrug\u00ebn e duhur p\u00ebr t\u00eb p\u00ebrmbushur objektivin zero neto t\u00eb emetimeve t\u00eb gazeve serr\u00eb t\u00eb vendosur nga Pakti i Klim\u00ebs s\u00eb Glasgout 2021, sipas Indeksit t\u00eb Performanc\u00ebs Mjedisore 2022*. Sipas raportit, Shqip\u00ebria renditet e 62-ta, nga 180 shtete t\u00eb marra n\u00eb studim, sa i p\u00ebrket performanc\u00ebs s\u00eb mbrojtjes [&hellip;]<\/p>\n","protected":false,"gt_translate_keys":[{"key":"rendered","format":"html"}]},"author":30,"featured_media":553405,"comment_status":"closed","ping_status":"closed","sticky":false,"template":"","format":"standard","meta":{"footnotes":""},"categories":[65,13],"tags":[],"class_list":["post-553404","post","type-post","status-publish","format-standard","has-post-thumbnail","hentry","category-lajme","category-te-fundit"],"gt_translate_keys":[{"key":"link","format":"url"}],"_links":{"self":[{"href":"https:\/\/www.hashtag.al\/index.php\/wp-json\/wp\/v2\/posts\/553404","targetHints":{"allow":["GET"]}}],"collection":[{"href":"https:\/\/www.hashtag.al\/index.php\/wp-json\/wp\/v2\/posts"}],"about":[{"href":"https:\/\/www.hashtag.al\/index.php\/wp-json\/wp\/v2\/types\/post"}],"author":[{"embeddable":true,"href":"https:\/\/www.hashtag.al\/index.php\/wp-json\/wp\/v2\/users\/30"}],"replies":[{"embeddable":true,"href":"https:\/\/www.hashtag.al\/index.php\/wp-json\/wp\/v2\/comments?post=553404"}],"version-history":[{"count":0,"href":"https:\/\/www.hashtag.al\/index.php\/wp-json\/wp\/v2\/posts\/553404\/revisions"}],"wp:featuredmedia":[{"embeddable":true,"href":"https:\/\/www.hashtag.al\/index.php\/wp-json\/wp\/v2\/media\/553405"}],"wp:attachment":[{"href":"https:\/\/www.hashtag.al\/index.php\/wp-json\/wp\/v2\/media?parent=553404"}],"wp:term":[{"taxonomy":"category","embeddable":true,"href":"https:\/\/www.hashtag.al\/index.php\/wp-json\/wp\/v2\/categories?post=553404"},{"taxonomy":"post_tag","embeddable":true,"href":"https:\/\/www.hashtag.al\/index.php\/wp-json\/wp\/v2\/tags?post=553404"}],"curies":[{"name":"wp","href":"https:\/\/api.w.org\/{rel}","templated":true}]}}