{"id":553319,"date":"2022-10-05T12:39:39","date_gmt":"2022-10-05T10:39:39","guid":{"rendered":"https:\/\/www.hashtag.al\/?p=553319"},"modified":"2022-10-05T12:39:39","modified_gmt":"2022-10-05T10:39:39","slug":"rama-u-ofroi-rritje-page-7-kreu-i-sindikates-me-17-tetor-serish-proteste-kryeministri-te-shohe-arsimin-e-larte-si-perparesi","status":"publish","type":"post","link":"https:\/\/www.hashtag.al\/index.php\/2022\/10\/05\/rama-u-ofroi-rritje-page-7-kreu-i-sindikates-me-17-tetor-serish-proteste-kryeministri-te-shohe-arsimin-e-larte-si-perparesi\/","title":{"rendered":"Rama u ofroi rritje page 7%, kreu i Sindikat\u00ebs: M\u00eb 17 tetor s\u00ebrish protest\u00eb, kryeministri t\u00eb shoh\u00eb arsimin e lart\u00eb si p\u00ebrpar\u00ebsi","gt_translate_keys":[{"key":"rendered","format":"text"}]},"content":{"rendered":"<p><span style=\"color: #000000;\"><img loading=\"lazy\" decoding=\"async\" class=\"aligncenter size-full wp-image-553320\" src=\"https:\/\/www.hashtag.al\/wp-content\/uploads\/2022\/10\/proteste3.jpg\" alt=\"\" width=\"1186\" height=\"599\" srcset=\"https:\/\/www.hashtag.al\/wp-content\/uploads\/2022\/10\/proteste3.jpg 1186w, https:\/\/www.hashtag.al\/wp-content\/uploads\/2022\/10\/proteste3-300x152.jpg 300w, https:\/\/www.hashtag.al\/wp-content\/uploads\/2022\/10\/proteste3-1024x517.jpg 1024w, https:\/\/www.hashtag.al\/wp-content\/uploads\/2022\/10\/proteste3-768x388.jpg 768w\" sizes=\"auto, (max-width: 1186px) 100vw, 1186px\" \/><\/span><\/p>\n<p><span style=\"color: #000000;\">Pedagog\u00ebt kan\u00eb paralajm\u00ebruar nj\u00eb tjet\u00ebr protest\u00eb p\u00ebr n\u00eb dat\u00ebn 17 tetor n\u00eb rast se k\u00ebrkesat e tyre nuk plot\u00ebsohen. <\/span><\/p>\n<p><span style=\"color: #000000;\">Gjat\u00eb zhvillimit t\u00eb protest\u00ebs ata u njoh\u00ebn me ofert\u00ebn e kryeministrit Rama p\u00ebr rritje page me 7% jav\u00ebs q\u00eb vjen duke theksuar se nuk mund t\u00eb merret parasysh. <\/span><\/p>\n<p><span style=\"color: #000000;\">Kreu i sindikat\u00ebs Aleksand\u00ebr Kova\u00e7i tha se pret q\u00eb kryeministri t\u00eb reflektoj\u00eb pasi qeveria i ka hap\u00ebsirat financiare t\u00eb shtoj\u00eb financimin p\u00ebr universitetet.<\/span><\/p>\n<p><span style=\"color: #000000;\"><em>\u201cDuke pritur kryeministrin t\u00eb realizoj\u00eb k\u00ebrkes\u00ebn e ofert\u00ebs ton\u00eb, me kriz\u00ebn q\u00eb supozon kryeministri, ne i kemi ulur k\u00ebrkesat tona. Duke ju fal\u00ebnderuar, n\u00ebse nuk kemi nj\u00eb p\u00ebrgjigje dinjitoze, n\u00eb dat\u00ebn 17 do jemi s\u00ebrish n\u00eb proteste. T\u00eb jemi t\u00eb qart\u00eb se sindikata i ka p\u00ebrkrahur protestat e student\u00ebve. Mendojm\u00eb q\u00eb ato ishin t\u00eb drejta. Nuk \u00ebsht\u00eb rritje ajo q\u00eb ofron kryeministri. Le t\u00eb heq\u00eb dor\u00eb nga investimet strategjike dhe t\u2019i kaloj\u00eb fondet p\u00ebr pagat n\u00eb universitet. Kryeministri vijon me teorin\u00eb\u00a0 e rritjes 7%, 5% apo 9%. Kjo nuk \u00ebsht\u00eb rritje. Pagat e universitetit nuk kan\u00eb pasur as indeksim. I themi t\u00eb mbledh\u00eb k\u00ebto t\u00eb gjitha nj\u00ebher\u00eb sepse ka mbajtur dhe interesat sepse nuk ka indeksuar as inflacionin. Pra ka hap\u00ebsira qeveria t\u00eb shtoj\u00eb 20-30 milion\u00eb euro p\u00ebr universitetin. Ne e dim\u00eb, kryeministri e di shum\u00eb mir\u00eb q\u00eb drejton 12 nga 13 borde t\u00eb administrimit, ne i dim\u00eb shum\u00eb mir\u00eb t\u00eb ardhurat. Nuk dalin lek\u00ebt p\u00ebr t\u00eb bler\u00eb let\u00ebr tualeti. Duhet t\u00eb nd\u00ebrgjegj\u00ebsojm\u00eb kryeministrin q\u00eb t\u00eb shoh\u00eb arsimin e lart\u00eb si p\u00ebrpar\u00ebsi dhe t\u2019i th\u00ebrras\u00eb arsyes.\u201d<\/em> &#8211; tha Kova\u00e7i pas p\u00ebrfundimit t\u00eb protest\u00ebs s\u00eb sotme.<\/span><\/p>\n","protected":false,"gt_translate_keys":[{"key":"rendered","format":"html"}]},"excerpt":{"rendered":"<p>Pedagog\u00ebt kan\u00eb paralajm\u00ebruar nj\u00eb tjet\u00ebr protest\u00eb p\u00ebr n\u00eb dat\u00ebn 17 tetor n\u00eb rast se k\u00ebrkesat e tyre nuk plot\u00ebsohen. Gjat\u00eb zhvillimit t\u00eb protest\u00ebs ata u njoh\u00ebn me ofert\u00ebn e kryeministrit Rama p\u00ebr rritje page me 7% jav\u00ebs q\u00eb vjen duke theksuar se nuk mund t\u00eb merret parasysh. Kreu i sindikat\u00ebs Aleksand\u00ebr Kova\u00e7i tha se pret [&hellip;]<\/p>\n","protected":false,"gt_translate_keys":[{"key":"rendered","format":"html"}]},"author":51,"featured_media":553320,"comment_status":"closed","ping_status":"closed","sticky":false,"template":"","format":"standard","meta":{"footnotes":""},"categories":[65,13],"tags":[],"class_list":["post-553319","post","type-post","status-publish","format-standard","has-post-thumbnail","hentry","category-lajme","category-te-fundit"],"gt_translate_keys":[{"key":"link","format":"url"}],"_links":{"self":[{"href":"https:\/\/www.hashtag.al\/index.php\/wp-json\/wp\/v2\/posts\/553319","targetHints":{"allow":["GET"]}}],"collection":[{"href":"https:\/\/www.hashtag.al\/index.php\/wp-json\/wp\/v2\/posts"}],"about":[{"href":"https:\/\/www.hashtag.al\/index.php\/wp-json\/wp\/v2\/types\/post"}],"author":[{"embeddable":true,"href":"https:\/\/www.hashtag.al\/index.php\/wp-json\/wp\/v2\/users\/51"}],"replies":[{"embeddable":true,"href":"https:\/\/www.hashtag.al\/index.php\/wp-json\/wp\/v2\/comments?post=553319"}],"version-history":[{"count":0,"href":"https:\/\/www.hashtag.al\/index.php\/wp-json\/wp\/v2\/posts\/553319\/revisions"}],"wp:featuredmedia":[{"embeddable":true,"href":"https:\/\/www.hashtag.al\/index.php\/wp-json\/wp\/v2\/media\/553320"}],"wp:attachment":[{"href":"https:\/\/www.hashtag.al\/index.php\/wp-json\/wp\/v2\/media?parent=553319"}],"wp:term":[{"taxonomy":"category","embeddable":true,"href":"https:\/\/www.hashtag.al\/index.php\/wp-json\/wp\/v2\/categories?post=553319"},{"taxonomy":"post_tag","embeddable":true,"href":"https:\/\/www.hashtag.al\/index.php\/wp-json\/wp\/v2\/tags?post=553319"}],"curies":[{"name":"wp","href":"https:\/\/api.w.org\/{rel}","templated":true}]}}