{"id":553168,"date":"2022-10-04T16:20:19","date_gmt":"2022-10-04T14:20:19","guid":{"rendered":"https:\/\/www.hashtag.al\/?p=553168"},"modified":"2022-10-04T16:25:35","modified_gmt":"2022-10-04T14:25:35","slug":"taulant-balla-edhe-evi-te-shpalli-non-grata-o-sali","status":"publish","type":"post","link":"https:\/\/www.hashtag.al\/index.php\/2022\/10\/04\/taulant-balla-edhe-evi-te-shpalli-non-grata-o-sali\/","title":{"rendered":"Taulant Balla: \u201cEdhe Evi t\u00eb shpalli non-grata o Sali!\u201d","gt_translate_keys":[{"key":"rendered","format":"text"}]},"content":{"rendered":"<p><a href=\"https:\/\/www.hashtag.al\/wp-content\/uploads\/2022\/10\/TBALLA.jpg\"><img loading=\"lazy\" decoding=\"async\" class=\"aligncenter size-full wp-image-553169\" src=\"https:\/\/www.hashtag.al\/wp-content\/uploads\/2022\/10\/TBALLA.jpg\" alt=\"\" width=\"813\" height=\"542\" srcset=\"https:\/\/www.hashtag.al\/wp-content\/uploads\/2022\/10\/TBALLA.jpg 813w, https:\/\/www.hashtag.al\/wp-content\/uploads\/2022\/10\/TBALLA-300x200.jpg 300w, https:\/\/www.hashtag.al\/wp-content\/uploads\/2022\/10\/TBALLA-768x512.jpg 768w\" sizes=\"auto, (max-width: 813px) 100vw, 813px\" \/><\/a><\/p>\n<p><span style=\"color: #000000;\">Kryetari i Grupit Parlamentar t\u00eb PS-s\u00eb, Taulant Balla ka reaguar lidhur me deklarat\u00ebn e sotme t\u00eb Evi Kokalarit e cila sulmonte Sali Berish\u00ebn.<\/span><\/p>\n<p><span style=\"color: #000000;\">Balla ka shp\u00ebrndar\u00eb postimin e Kokalarit dhe i drejtohet me ironi Berish\u00ebs duke i th\u00ebn\u00eb se dhe ajo e shpalli at\u00eb \u201cnon-grata\u201d.<\/span><\/p>\n<p><span style=\"color: #000000;\"><em>\u201cEdhe Evi t\u00eb shpalli \u2018non-grata\u2019 o Sali!\u201d-<\/em> shkruan Balla duke shtuar edhe \u201cemoji\u201d me t\u00eb qeshur.<\/span><\/p>\n<p><span style=\"color: #000000;\">Ky reagim i tij vjen pasi aktivistja konservatore e sulmoi sot Berish\u00ebn duke i th\u00ebn\u00eb \u201cTurp t\u00eb t\u00eb vij\u00eb\u201d, p\u00ebr shkak se ai nuk ka reaguar lidhur me manipulimet n\u00eb zgjedhjet p\u00ebr kreun e FRPD-s\u00eb.<\/span><\/p>\n<p><span style=\"color: #000000;\">Kokalari shprehej n\u00eb nj\u00eb postim se vet\u00ebm tani po e kupton se Berisha e ka \u201c<em>merituar<\/em>\u201d Lulzim Bash\u00ebn, nd\u00ebrsa i drejtohet atij dhe mb\u00ebshtet\u00ebsve se jan\u00eb t\u00eb mbaruar.<\/span><\/p>\n<p><a href=\"https:\/\/www.hashtag.al\/wp-content\/uploads\/2022\/10\/balla-1.jpg\"><img loading=\"lazy\" decoding=\"async\" class=\"aligncenter size-full wp-image-553172\" src=\"https:\/\/www.hashtag.al\/wp-content\/uploads\/2022\/10\/balla-1.jpg\" alt=\"\" width=\"505\" height=\"328\" srcset=\"https:\/\/www.hashtag.al\/wp-content\/uploads\/2022\/10\/balla-1.jpg 505w, https:\/\/www.hashtag.al\/wp-content\/uploads\/2022\/10\/balla-1-300x195.jpg 300w\" sizes=\"auto, (max-width: 505px) 100vw, 505px\" \/><\/a><\/p>\n","protected":false,"gt_translate_keys":[{"key":"rendered","format":"html"}]},"excerpt":{"rendered":"<p>Kryetari i Grupit Parlamentar t\u00eb PS-s\u00eb, Taulant Balla ka reaguar lidhur me deklarat\u00ebn e sotme t\u00eb Evi Kokalarit e cila sulmonte Sali Berish\u00ebn. Balla ka shp\u00ebrndar\u00eb postimin e Kokalarit dhe i drejtohet me ironi Berish\u00ebs duke i th\u00ebn\u00eb se dhe ajo e shpalli at\u00eb \u201cnon-grata\u201d. \u201cEdhe Evi t\u00eb shpalli \u2018non-grata\u2019 o Sali!\u201d- shkruan Balla duke [&hellip;]<\/p>\n","protected":false,"gt_translate_keys":[{"key":"rendered","format":"html"}]},"author":30,"featured_media":553169,"comment_status":"closed","ping_status":"closed","sticky":false,"template":"","format":"standard","meta":{"footnotes":""},"categories":[65,13],"tags":[],"class_list":["post-553168","post","type-post","status-publish","format-standard","has-post-thumbnail","hentry","category-lajme","category-te-fundit"],"gt_translate_keys":[{"key":"link","format":"url"}],"_links":{"self":[{"href":"https:\/\/www.hashtag.al\/index.php\/wp-json\/wp\/v2\/posts\/553168","targetHints":{"allow":["GET"]}}],"collection":[{"href":"https:\/\/www.hashtag.al\/index.php\/wp-json\/wp\/v2\/posts"}],"about":[{"href":"https:\/\/www.hashtag.al\/index.php\/wp-json\/wp\/v2\/types\/post"}],"author":[{"embeddable":true,"href":"https:\/\/www.hashtag.al\/index.php\/wp-json\/wp\/v2\/users\/30"}],"replies":[{"embeddable":true,"href":"https:\/\/www.hashtag.al\/index.php\/wp-json\/wp\/v2\/comments?post=553168"}],"version-history":[{"count":0,"href":"https:\/\/www.hashtag.al\/index.php\/wp-json\/wp\/v2\/posts\/553168\/revisions"}],"wp:featuredmedia":[{"embeddable":true,"href":"https:\/\/www.hashtag.al\/index.php\/wp-json\/wp\/v2\/media\/553169"}],"wp:attachment":[{"href":"https:\/\/www.hashtag.al\/index.php\/wp-json\/wp\/v2\/media?parent=553168"}],"wp:term":[{"taxonomy":"category","embeddable":true,"href":"https:\/\/www.hashtag.al\/index.php\/wp-json\/wp\/v2\/categories?post=553168"},{"taxonomy":"post_tag","embeddable":true,"href":"https:\/\/www.hashtag.al\/index.php\/wp-json\/wp\/v2\/tags?post=553168"}],"curies":[{"name":"wp","href":"https:\/\/api.w.org\/{rel}","templated":true}]}}