{"id":553141,"date":"2022-10-04T14:33:24","date_gmt":"2022-10-04T12:33:24","guid":{"rendered":"https:\/\/www.hashtag.al\/?p=553141"},"modified":"2022-10-04T14:33:24","modified_gmt":"2022-10-04T12:33:24","slug":"zgjedhjet-lokale-meta-synojme-cdo-keshill-opozita-duhet-te-kete-1-kandidat-per-cdo-bashki","status":"publish","type":"post","link":"https:\/\/www.hashtag.al\/index.php\/2022\/10\/04\/zgjedhjet-lokale-meta-synojme-cdo-keshill-opozita-duhet-te-kete-1-kandidat-per-cdo-bashki\/","title":{"rendered":"Zgjedhjet lokale\/ Meta: Synojm\u00eb \u00e7do k\u00ebshill, opozita duhet t\u00eb ket\u00eb 1 kandidat p\u00ebr \u00e7do bashki","gt_translate_keys":[{"key":"rendered","format":"text"}]},"content":{"rendered":"<p><span style=\"color: #000000;\"><a href=\"https:\/\/www.hashtag.al\/wp-content\/uploads\/2022\/10\/meta-2.jpg\"><img loading=\"lazy\" decoding=\"async\" class=\"aligncenter size-full wp-image-553138\" src=\"https:\/\/www.hashtag.al\/wp-content\/uploads\/2022\/10\/meta-2.jpg\" alt=\"\" width=\"938\" height=\"541\" srcset=\"https:\/\/www.hashtag.al\/wp-content\/uploads\/2022\/10\/meta-2.jpg 938w, https:\/\/www.hashtag.al\/wp-content\/uploads\/2022\/10\/meta-2-300x173.jpg 300w, https:\/\/www.hashtag.al\/wp-content\/uploads\/2022\/10\/meta-2-768x443.jpg 768w, https:\/\/www.hashtag.al\/wp-content\/uploads\/2022\/10\/meta-2-250x145.jpg 250w\" sizes=\"auto, (max-width: 938px) 100vw, 938px\" \/><\/a><\/span><\/p>\n<p><span style=\"color: #000000;\">N\u00eb nj\u00eb konferenc\u00eb p\u00ebr mediat, kreu i PL-s\u00eb Ilir Meta ka deklaruar se n\u00eb zgjedhjet lokale partia e tij synon t\u00eb dal\u00eb forc\u00eb e par\u00eb n\u00eb t\u00eb gjith\u00eb k\u00ebshillat bashkiak\u00eb n\u00eb vend.<\/span><\/p>\n<p><span style=\"color: #000000;\">Po ashtu Meta tha se \u00ebsht\u00eb e r\u00ebnd\u00ebsishme q\u00eb opozita duhet t\u00eb ket\u00eb 1 kandidat p\u00ebr \u00e7do bashki gjat\u00eb zgjedhjeve.<\/span><\/p>\n<p><span style=\"color: #000000;\"><em>\u201cNe luftojm\u00eb t\u00eb dalim forc\u00eb e par\u00eb n\u00eb t\u00eb gjith\u00eb k\u00ebshillat bashkiak\u00eb n\u00eb Tiran\u00eb e kudo gjat\u00eb zgjedhjeve. \u00cbsht\u00eb kushti jon\u00eb i padiskutuesh\u00ebm. Rikthimi i PL do jet\u00eb shum\u00eb i fuqish\u00ebm K\u00ebshilli Bashkiak i Tiran\u00ebs do t\u00eb jet\u00eb m\u00eb i r\u00ebnd\u00ebsish\u00ebm s\u00eb Parlamenti sot\u00ebm q\u00eb ka disa koorporata akoma. T\u00eb jeni t\u00eb sigurt. Jo vet\u00ebm matje por n\u00eb t\u00eb gjitha qytetet kryesore t\u00eb Shqip\u00ebris\u00eb. N\u00eb ballafaqim me nj\u00eb shtet mafioz q\u00eb fut n\u00eb burg nj\u00eb n\u00ebn\u00eb 82 vje\u00e7 p\u00ebr nj\u00eb kotec n\u00eb fshat dhe legalizon katet pa leje aty te Myslym Shyri t\u00eb administratorit q\u00eb bleu votat n\u00eb Zall Herr. \u00cbsht\u00eb shum\u00eb e r\u00ebnd\u00ebsishme q\u00eb opozita t\u00eb ket\u00eb 1 kandidat n\u00eb \u00e7do bashki. Ne nuk do v\u00ebm\u00eb kushte p\u00ebr asnj\u00eb lloj bashkie dhe asnj\u00eb kandidat.\u201d<\/em>&#8211; u shpreh Meta.<\/span><\/p>\n<p><span style=\"color: #000000;\">P\u00ebr zgjedhjet lokale ai theksoi se \u00e7do vones\u00eb i jep koh\u00eb kryeministrit Edi Rama t\u00eb blej\u00eb opozitar\u00eb dhe t\u2019i b\u00ebj\u00eb presion qytetar\u00ebve.<\/span><\/p>\n<p><em><span style=\"color: #000000;\">\u00a0\u201cIsha n\u00eb terren sapo takova nj\u00eb grup t\u00eb mrekulluesh\u00ebm t\u00eb rinjsh. Bashkimi i qytetar\u00ebve shqiptar\u00eb p\u00ebr ti dh\u00ebn\u00eb fund k\u00ebtij shteti t\u00eb kapur nga rilindja q\u00eb po shpopullon Shqip\u00ebrin\u00eb. S\u2019do ket\u00eb vones\u00eb nga Meta.<\/span><\/em><\/p>\n<p><em><span style=\"color: #000000;\">Partia e Liris\u00eb \u00ebsht\u00eb e hapur p\u00ebr t\u00eb bashk\u00ebpunuar me \u00e7do faktor opozitar, n\u00eb radh\u00eb t\u00eb par\u00eb me PD. Ka qen\u00eb dhe \u00ebsht\u00eb e gatshme t\u00eb bashk\u00ebpunoj\u00eb dhe t\u00eb forcoj\u00eb aksionin opozitar.<\/span><\/em><\/p>\n<p><span style=\"color: #000000;\"><em>Loj\u00ebrat e ish-lideshipit t\u00eb PD q\u00eb e p\u00ebrdorte p\u00ebr shantazhet e veta tek qeveria. Kjo nuk ekziston tek PL p\u00ebrballjen e ka me Edi Ram\u00ebn, do t\u00eb bashkoj\u00eb me forcat e tjera q\u00eb jan\u00eb realisht n\u00eb opozit\u00eb me Ram\u00ebn, \u00e7do vones\u00eb i jep koh\u00eb t\u00eb blej\u00eb opozitar\u00eb, t\u00eb rris\u00eb presionin ndaj qytetar\u00ebve, duhet q\u00eb vala e zem\u00ebrimit t\u00eb kthehet n\u00eb presion publik.\u201d<\/em>&#8211; tha ai.<\/span><\/p>\n","protected":false,"gt_translate_keys":[{"key":"rendered","format":"html"}]},"excerpt":{"rendered":"<p>N\u00eb nj\u00eb konferenc\u00eb p\u00ebr mediat, kreu i PL-s\u00eb Ilir Meta ka deklaruar se n\u00eb zgjedhjet lokale partia e tij synon t\u00eb dal\u00eb forc\u00eb e par\u00eb n\u00eb t\u00eb gjith\u00eb k\u00ebshillat bashkiak\u00eb n\u00eb vend. Po ashtu Meta tha se \u00ebsht\u00eb e r\u00ebnd\u00ebsishme q\u00eb opozita duhet t\u00eb ket\u00eb 1 kandidat p\u00ebr \u00e7do bashki gjat\u00eb zgjedhjeve. \u201cNe luftojm\u00eb t\u00eb [&hellip;]<\/p>\n","protected":false,"gt_translate_keys":[{"key":"rendered","format":"html"}]},"author":30,"featured_media":553138,"comment_status":"closed","ping_status":"closed","sticky":false,"template":"","format":"standard","meta":{"footnotes":""},"categories":[65,13],"tags":[],"class_list":["post-553141","post","type-post","status-publish","format-standard","has-post-thumbnail","hentry","category-lajme","category-te-fundit"],"gt_translate_keys":[{"key":"link","format":"url"}],"_links":{"self":[{"href":"https:\/\/www.hashtag.al\/index.php\/wp-json\/wp\/v2\/posts\/553141","targetHints":{"allow":["GET"]}}],"collection":[{"href":"https:\/\/www.hashtag.al\/index.php\/wp-json\/wp\/v2\/posts"}],"about":[{"href":"https:\/\/www.hashtag.al\/index.php\/wp-json\/wp\/v2\/types\/post"}],"author":[{"embeddable":true,"href":"https:\/\/www.hashtag.al\/index.php\/wp-json\/wp\/v2\/users\/30"}],"replies":[{"embeddable":true,"href":"https:\/\/www.hashtag.al\/index.php\/wp-json\/wp\/v2\/comments?post=553141"}],"version-history":[{"count":0,"href":"https:\/\/www.hashtag.al\/index.php\/wp-json\/wp\/v2\/posts\/553141\/revisions"}],"wp:featuredmedia":[{"embeddable":true,"href":"https:\/\/www.hashtag.al\/index.php\/wp-json\/wp\/v2\/media\/553138"}],"wp:attachment":[{"href":"https:\/\/www.hashtag.al\/index.php\/wp-json\/wp\/v2\/media?parent=553141"}],"wp:term":[{"taxonomy":"category","embeddable":true,"href":"https:\/\/www.hashtag.al\/index.php\/wp-json\/wp\/v2\/categories?post=553141"},{"taxonomy":"post_tag","embeddable":true,"href":"https:\/\/www.hashtag.al\/index.php\/wp-json\/wp\/v2\/tags?post=553141"}],"curies":[{"name":"wp","href":"https:\/\/api.w.org\/{rel}","templated":true}]}}