{"id":553014,"date":"2022-10-03T22:50:27","date_gmt":"2022-10-03T20:50:27","guid":{"rendered":"https:\/\/www.hashtag.al\/?p=553014"},"modified":"2022-10-03T22:50:27","modified_gmt":"2022-10-03T20:50:27","slug":"khamenei-fajeson-sherbimet-e-huaja-per-ndikim-ne-protesta-paralajmeron-shtypjen","status":"publish","type":"post","link":"https:\/\/www.hashtag.al\/index.php\/2022\/10\/03\/khamenei-fajeson-sherbimet-e-huaja-per-ndikim-ne-protesta-paralajmeron-shtypjen\/","title":{"rendered":"Khamenei faj\u00ebson sh\u00ebrbimet e huaja p\u00ebr ndikim n\u00eb protesta, paralajm\u00ebron shtypjen","gt_translate_keys":[{"key":"rendered","format":"text"}]},"content":{"rendered":"<p><span style=\"color: #000000;\"><a href=\"https:\/\/www.hashtag.al\/wp-content\/uploads\/2022\/10\/khamenei-protest.jpg\"><img loading=\"lazy\" decoding=\"async\" class=\"aligncenter size-full wp-image-553015\" src=\"https:\/\/www.hashtag.al\/wp-content\/uploads\/2022\/10\/khamenei-protest.jpg\" alt=\"\" width=\"2000\" height=\"1000\" srcset=\"https:\/\/www.hashtag.al\/wp-content\/uploads\/2022\/10\/khamenei-protest.jpg 2000w, https:\/\/www.hashtag.al\/wp-content\/uploads\/2022\/10\/khamenei-protest-300x150.jpg 300w, https:\/\/www.hashtag.al\/wp-content\/uploads\/2022\/10\/khamenei-protest-1024x512.jpg 1024w, https:\/\/www.hashtag.al\/wp-content\/uploads\/2022\/10\/khamenei-protest-768x384.jpg 768w, https:\/\/www.hashtag.al\/wp-content\/uploads\/2022\/10\/khamenei-protest-1536x768.jpg 1536w\" sizes=\"auto, (max-width: 2000px) 100vw, 2000px\" \/><\/a><\/span><\/p>\n<p><span style=\"color: #000000;\">Lideri suprem i Iranit, Ajatollah Ali Khamenei, ka faj\u00ebsuar ndikimet e huaja p\u00ebr trazirat q\u00eb jan\u00eb p\u00ebrhapur n\u00eb Iran, pas vdekjes s\u00eb nj\u00eb gruaje t\u00eb re, n\u00eb koh\u00ebn kur ishte e paraburgim p\u00ebr shkak t\u00eb shkeljes s\u00eb rregullave t\u00eb hixhabit. Ai paralajm\u00ebroi se forcat e siguris\u00eb kan\u00eb mb\u00ebshtetjen e tij t\u00eb plot\u00eb p\u00ebr t\u00eb shtypur pak\u00ebnaq\u00ebsit\u00eb.<\/span><\/p>\n<p><span style=\"color: #000000;\">N\u00eb reagimin e par\u00eb publik pas p\u00ebrhapjes s\u00eb protestave brenda Iranit, Khamenei ia atribuoi protestat Amerik\u00ebs, Izraelit dhe iranian\u00ebve q\u00eb gjenden jasht\u00eb vendit, t\u00eb cil\u00ebt i quajti \u201ctradhtar\u00eb\u201d.<\/span><\/p>\n<p><span style=\"color: #000000;\">Vdekja e Mahsa Amini, 22 vje\u00e7e, \u201cm\u00eb theu zemr\u00ebn\u201d, tha ai, duke e cil\u00ebsuar vdekjen e saj si \u201cincident t\u00eb hidhur\u201d.<\/span><\/p>\n<p><span style=\"color: #000000;\">Autoritetet kan\u00eb th\u00ebn\u00eb se Amini ka vdekur pas nj\u00eb sulmi n\u00eb zem\u00ebr, teksa gjendej n\u00eb burg p\u00ebr shkelje t\u00eb rregullave t\u00eb hixhabit. Por, familjar\u00ebt dhe iranian\u00ebt e tjer\u00eb kan\u00eb hedhur posht\u00eb k\u00ebto pretendime. Ata thon\u00eb se Amini vdiq pasi u rrah nga forcat e siguris\u00eb.<\/span><\/p>\n<p><span style=\"color: #000000;\">Vdekja e Aminit m\u00eb 16 shtator ka nxitur nj\u00eb val\u00eb protestash kund\u00ebr rregull\u00ebs p\u00ebr veshjen e hixhabit nga grat\u00eb n\u00eb publik, q\u00eb thon\u00eb se v\u00eb n\u00eb pah munges\u00ebn e t\u00eb drejtave t\u00eb grave n\u00eb Iran.<\/span><\/p>\n","protected":false,"gt_translate_keys":[{"key":"rendered","format":"html"}]},"excerpt":{"rendered":"<p>Lideri suprem i Iranit, Ajatollah Ali Khamenei, ka faj\u00ebsuar ndikimet e huaja p\u00ebr trazirat q\u00eb jan\u00eb p\u00ebrhapur n\u00eb Iran, pas vdekjes s\u00eb nj\u00eb gruaje t\u00eb re, n\u00eb koh\u00ebn kur ishte e paraburgim p\u00ebr shkak t\u00eb shkeljes s\u00eb rregullave t\u00eb hixhabit. Ai paralajm\u00ebroi se forcat e siguris\u00eb kan\u00eb mb\u00ebshtetjen e tij t\u00eb plot\u00eb p\u00ebr t\u00eb shtypur [&hellip;]<\/p>\n","protected":false,"gt_translate_keys":[{"key":"rendered","format":"html"}]},"author":32,"featured_media":553015,"comment_status":"closed","ping_status":"closed","sticky":false,"template":"","format":"standard","meta":{"footnotes":""},"categories":[6,13],"tags":[],"class_list":["post-553014","post","type-post","status-publish","format-standard","has-post-thumbnail","hentry","category-nderkombetare","category-te-fundit"],"gt_translate_keys":[{"key":"link","format":"url"}],"_links":{"self":[{"href":"https:\/\/www.hashtag.al\/index.php\/wp-json\/wp\/v2\/posts\/553014","targetHints":{"allow":["GET"]}}],"collection":[{"href":"https:\/\/www.hashtag.al\/index.php\/wp-json\/wp\/v2\/posts"}],"about":[{"href":"https:\/\/www.hashtag.al\/index.php\/wp-json\/wp\/v2\/types\/post"}],"author":[{"embeddable":true,"href":"https:\/\/www.hashtag.al\/index.php\/wp-json\/wp\/v2\/users\/32"}],"replies":[{"embeddable":true,"href":"https:\/\/www.hashtag.al\/index.php\/wp-json\/wp\/v2\/comments?post=553014"}],"version-history":[{"count":0,"href":"https:\/\/www.hashtag.al\/index.php\/wp-json\/wp\/v2\/posts\/553014\/revisions"}],"wp:featuredmedia":[{"embeddable":true,"href":"https:\/\/www.hashtag.al\/index.php\/wp-json\/wp\/v2\/media\/553015"}],"wp:attachment":[{"href":"https:\/\/www.hashtag.al\/index.php\/wp-json\/wp\/v2\/media?parent=553014"}],"wp:term":[{"taxonomy":"category","embeddable":true,"href":"https:\/\/www.hashtag.al\/index.php\/wp-json\/wp\/v2\/categories?post=553014"},{"taxonomy":"post_tag","embeddable":true,"href":"https:\/\/www.hashtag.al\/index.php\/wp-json\/wp\/v2\/tags?post=553014"}],"curies":[{"name":"wp","href":"https:\/\/api.w.org\/{rel}","templated":true}]}}