{"id":552986,"date":"2022-10-03T20:07:08","date_gmt":"2022-10-03T18:07:08","guid":{"rendered":"https:\/\/www.hashtag.al\/?p=552986"},"modified":"2022-10-03T20:07:08","modified_gmt":"2022-10-03T18:07:08","slug":"berisha-te-pergatitemi-per-beteja-te-fuqishme-rama-do-marre-ate-qe-meriton","status":"publish","type":"post","link":"https:\/\/www.hashtag.al\/index.php\/2022\/10\/03\/berisha-te-pergatitemi-per-beteja-te-fuqishme-rama-do-marre-ate-qe-meriton\/","title":{"rendered":"Berisha: T\u00eb p\u00ebrgatitemi p\u00ebr beteja t\u00eb fuqishme, Rama do marr\u00eb at\u00eb q\u00eb meriton","gt_translate_keys":[{"key":"rendered","format":"text"}]},"content":{"rendered":"<p><span style=\"color: #000000;\"><a style=\"color: #000000;\" href=\"https:\/\/www.hashtag.al\/wp-content\/uploads\/2022\/10\/berihsa.jpg\"><img loading=\"lazy\" decoding=\"async\" class=\"aligncenter size-full wp-image-552987\" src=\"https:\/\/www.hashtag.al\/wp-content\/uploads\/2022\/10\/berihsa.jpg\" alt=\"\" width=\"1131\" height=\"604\" srcset=\"https:\/\/www.hashtag.al\/wp-content\/uploads\/2022\/10\/berihsa.jpg 1131w, https:\/\/www.hashtag.al\/wp-content\/uploads\/2022\/10\/berihsa-300x160.jpg 300w, https:\/\/www.hashtag.al\/wp-content\/uploads\/2022\/10\/berihsa-1024x547.jpg 1024w, https:\/\/www.hashtag.al\/wp-content\/uploads\/2022\/10\/berihsa-768x410.jpg 768w\" sizes=\"auto, (max-width: 1131px) 100vw, 1131px\" \/><\/a><\/span><\/p>\n<p><span style=\"color: #000000;\">Kryetari i Partis\u00eb Demokratike, n\u00eb nj\u00eb takim me persona t\u00eb larguar nga puna foli edhe p\u00ebr aksionin politik q\u00eb do nd\u00ebrmarr\u00eb opozita.<\/span><\/p>\n<p><span style=\"color: #000000;\">Berisha ftoi t\u00eb pranishmit t\u00eb p\u00ebrgatiten p\u00ebr betej\u00eb t\u00eb fuqishme n\u00eb kuad\u00ebr t\u00eb protestave<\/span><\/p>\n<p><span style=\"color: #000000;\">Ai theksoi se nuk do vij\u00eb n\u00eb pushtet me dhun\u00eb por me vota, por paralajm\u00ebroi d\u00ebnim p\u00ebr Ram\u00ebn.<\/span><\/p>\n<p><span style=\"color: #000000;\">\u201c<em>N\u00eb duhet t\u00eb b\u00ebjm\u00eb nj\u00eb betej\u00eb, ju garantoj se sugjerimet tuaja do t\u00eb merren p\u00ebr baz\u00eb, e drejta juaj do triumfoj\u00eb, administrata do mbrohet me ligje t\u00eb ve\u00e7anta, m\u00ebsuesit do marrin statusin e sh\u00ebrbimit civil, jo patronazhist\u00ebt, ta kemi t\u00eb qart\u00eb, ata jan\u00eb rac\u00eb terrorist\u00ebsh elektoral.\u00a0<\/em><\/span><\/p>\n<p><span style=\"color: #000000;\"><em>Duhet t\u00eb ngrihemi jo t\u00eb b\u00ebjm\u00eb sehir, dhe do ngrihemi, do ta \u00a0p\u00ebrmbysim k\u00ebt\u00eb regjim, ne nuk vijm\u00eb n\u00eb pushtet me dhun\u00eb, por me vot\u00eb, por Rama duhet t\u00eb marr\u00eb at\u00eb q\u00eb meriton, ju ftoj t\u00eb p\u00ebrgatitemi p\u00ebr nj\u00eb beteje t\u00eb fuqishme, n\u00eb kuad\u00ebr t\u00eb protestave. N\u00eb k\u00ebt\u00eb m\u00ebnyr\u00eb po shkojm\u00eb drejt shp\u00ebrb\u00ebrjes s\u00eb plot\u00eb t\u00eb regjimit, nuk e meritojm\u00eb<\/em>\u201d-deklaroi Berisha.<\/span><\/p>\n","protected":false,"gt_translate_keys":[{"key":"rendered","format":"html"}]},"excerpt":{"rendered":"<p>Kryetari i Partis\u00eb Demokratike, n\u00eb nj\u00eb takim me persona t\u00eb larguar nga puna foli edhe p\u00ebr aksionin politik q\u00eb do nd\u00ebrmarr\u00eb opozita. Berisha ftoi t\u00eb pranishmit t\u00eb p\u00ebrgatiten p\u00ebr betej\u00eb t\u00eb fuqishme n\u00eb kuad\u00ebr t\u00eb protestave Ai theksoi se nuk do vij\u00eb n\u00eb pushtet me dhun\u00eb por me vota, por paralajm\u00ebroi d\u00ebnim p\u00ebr Ram\u00ebn. \u201cN\u00eb [&hellip;]<\/p>\n","protected":false,"gt_translate_keys":[{"key":"rendered","format":"html"}]},"author":32,"featured_media":552987,"comment_status":"closed","ping_status":"closed","sticky":false,"template":"","format":"standard","meta":{"footnotes":""},"categories":[65,13],"tags":[],"class_list":["post-552986","post","type-post","status-publish","format-standard","has-post-thumbnail","hentry","category-lajme","category-te-fundit"],"gt_translate_keys":[{"key":"link","format":"url"}],"_links":{"self":[{"href":"https:\/\/www.hashtag.al\/index.php\/wp-json\/wp\/v2\/posts\/552986","targetHints":{"allow":["GET"]}}],"collection":[{"href":"https:\/\/www.hashtag.al\/index.php\/wp-json\/wp\/v2\/posts"}],"about":[{"href":"https:\/\/www.hashtag.al\/index.php\/wp-json\/wp\/v2\/types\/post"}],"author":[{"embeddable":true,"href":"https:\/\/www.hashtag.al\/index.php\/wp-json\/wp\/v2\/users\/32"}],"replies":[{"embeddable":true,"href":"https:\/\/www.hashtag.al\/index.php\/wp-json\/wp\/v2\/comments?post=552986"}],"version-history":[{"count":0,"href":"https:\/\/www.hashtag.al\/index.php\/wp-json\/wp\/v2\/posts\/552986\/revisions"}],"wp:featuredmedia":[{"embeddable":true,"href":"https:\/\/www.hashtag.al\/index.php\/wp-json\/wp\/v2\/media\/552987"}],"wp:attachment":[{"href":"https:\/\/www.hashtag.al\/index.php\/wp-json\/wp\/v2\/media?parent=552986"}],"wp:term":[{"taxonomy":"category","embeddable":true,"href":"https:\/\/www.hashtag.al\/index.php\/wp-json\/wp\/v2\/categories?post=552986"},{"taxonomy":"post_tag","embeddable":true,"href":"https:\/\/www.hashtag.al\/index.php\/wp-json\/wp\/v2\/tags?post=552986"}],"curies":[{"name":"wp","href":"https:\/\/api.w.org\/{rel}","templated":true}]}}