{"id":552973,"date":"2022-10-03T18:54:45","date_gmt":"2022-10-03T16:54:45","guid":{"rendered":"https:\/\/www.hashtag.al\/?p=552973"},"modified":"2022-10-03T18:54:45","modified_gmt":"2022-10-03T16:54:45","slug":"rama-e-cuci-lista-e-publikuar-nuk-ka-lidhje-me-memex-in","status":"publish","type":"post","link":"https:\/\/www.hashtag.al\/index.php\/2022\/10\/03\/rama-e-cuci-lista-e-publikuar-nuk-ka-lidhje-me-memex-in\/","title":{"rendered":"Rama e \u00c7u\u00e7i: Lista e publikuar nuk ka lidhje me MEMEX-in","gt_translate_keys":[{"key":"rendered","format":"text"}]},"content":{"rendered":"<p><span style=\"color: #000000;\"><a href=\"https:\/\/www.hashtag.al\/wp-content\/uploads\/2022\/10\/rama-cuci.jpg\"><img loading=\"lazy\" decoding=\"async\" class=\"aligncenter size-full wp-image-552974\" src=\"https:\/\/www.hashtag.al\/wp-content\/uploads\/2022\/10\/rama-cuci.jpg\" alt=\"\" width=\"928\" height=\"688\" srcset=\"https:\/\/www.hashtag.al\/wp-content\/uploads\/2022\/10\/rama-cuci.jpg 928w, https:\/\/www.hashtag.al\/wp-content\/uploads\/2022\/10\/rama-cuci-300x222.jpg 300w, https:\/\/www.hashtag.al\/wp-content\/uploads\/2022\/10\/rama-cuci-768x569.jpg 768w\" sizes=\"auto, (max-width: 928px) 100vw, 928px\" \/><\/a><\/span><\/p>\n<p><span style=\"color: #000000;\">Kryeministri Edi Rama dhe Ministri i Brendsh\u00ebm Bledi \u00c7u\u00e7i kan\u00eb reaguar p\u00ebr daljen e t\u00eb dh\u00ebnave nga grupi q\u00eb sulmoi sistemin informatik t\u00eb policis\u00eb.<\/span><\/p>\n<p><span style=\"color: #000000;\">Rama dhe \u00c7u\u00e7i n\u00eb reagime t\u00eb ve\u00e7uara than\u00eb se lista e b\u00ebr\u00eb publike nuk \u00ebsht\u00eb databaza e sistemit Memex q\u00eb p\u00ebrdoret nga policia kriminale.<\/span><\/p>\n<p><span style=\"color: #000000;\">\u00c7u\u00e7i tha se ekspert\u00ebt e Microsoft po b\u00ebjn\u00eb rikuperimin e t\u00eb gjitha sistemeve. Ndrsa tha se po hetohet bashk\u00eb me FBI-n\u00eb sulmi i ndodhur.<\/span><\/p>\n<p><span style=\"color: #000000;\">\u201c<em>Lista q\u00eb \u00ebsht\u00eb publikuar e them me garanci t\u00eb plot\u00eb q\u00eb nuk \u00ebsht\u00eb databaza e sistemit Memex q\u00eb ka policia kriminale. Ju e dini q\u00eb na kan\u00eb sulmuar. Jemi n\u00eb hetim, kemi nj\u00eb trup\u00eb shum\u00eb t\u00eb mir\u00eb nga Microsoft q\u00eb do rrin\u00eb k\u00ebtu p\u00ebrgjat\u00eb. Sistemet do rikuperohen t\u00eb gjitha. Kemi rikuperuar shum\u00eb sisteme n\u00eb koh\u00eb rekord. Ka pasur edhe spekulime. Lista q\u00eb \u00ebsht\u00eb publikuar sot nuk \u00ebsht\u00eb pjes\u00eb e databaz\u00ebs s\u00eb sistemit Memex. Po hetojm\u00eb bashk\u00eb me FBI<\/em>\u201d-tha \u00c7u\u00e7i teksa hynte n\u00eb seanc\u00ebn plenare n\u00eb Kuvend.<\/span><\/p>\n<p><span style=\"color: #000000;\">Nd\u00ebrsa kryeministri Edi Rama nga Kuvendi p\u00ebrve\u00e7se mohoi q\u00eb lista t\u00eb ket\u00eb lidhje me sistemin MEMEX, sulmoi edhe median.<\/span><\/p>\n<p><span style=\"color: #000000;\">\u201c<em>Fal\u00eb k\u00ebsaj fuqie n\u00eb tubacion llumi, mund t\u00eb b\u00ebj\u00eb hajgare \u00e7do gallataxhi se ngriheni n\u00eb k\u00ebmb\u00eb se cilat jan\u00eb lidhjet me krimet duke b\u00ebr\u00eb fotomontazhe, ajo q\u00eb ka dal\u00eb nuk \u00ebsht\u00eb MEMEX<\/em>\u201d, tha kreu i qeveris\u00eb n\u00eb Kuvend.<\/span><\/p>\n","protected":false,"gt_translate_keys":[{"key":"rendered","format":"html"}]},"excerpt":{"rendered":"<p>Kryeministri Edi Rama dhe Ministri i Brendsh\u00ebm Bledi \u00c7u\u00e7i kan\u00eb reaguar p\u00ebr daljen e t\u00eb dh\u00ebnave nga grupi q\u00eb sulmoi sistemin informatik t\u00eb policis\u00eb. Rama dhe \u00c7u\u00e7i n\u00eb reagime t\u00eb ve\u00e7uara than\u00eb se lista e b\u00ebr\u00eb publike nuk \u00ebsht\u00eb databaza e sistemit Memex q\u00eb p\u00ebrdoret nga policia kriminale. \u00c7u\u00e7i tha se ekspert\u00ebt e Microsoft po [&hellip;]<\/p>\n","protected":false,"gt_translate_keys":[{"key":"rendered","format":"html"}]},"author":32,"featured_media":552974,"comment_status":"closed","ping_status":"closed","sticky":false,"template":"","format":"standard","meta":{"footnotes":""},"categories":[65,13],"tags":[],"class_list":["post-552973","post","type-post","status-publish","format-standard","has-post-thumbnail","hentry","category-lajme","category-te-fundit"],"gt_translate_keys":[{"key":"link","format":"url"}],"_links":{"self":[{"href":"https:\/\/www.hashtag.al\/index.php\/wp-json\/wp\/v2\/posts\/552973","targetHints":{"allow":["GET"]}}],"collection":[{"href":"https:\/\/www.hashtag.al\/index.php\/wp-json\/wp\/v2\/posts"}],"about":[{"href":"https:\/\/www.hashtag.al\/index.php\/wp-json\/wp\/v2\/types\/post"}],"author":[{"embeddable":true,"href":"https:\/\/www.hashtag.al\/index.php\/wp-json\/wp\/v2\/users\/32"}],"replies":[{"embeddable":true,"href":"https:\/\/www.hashtag.al\/index.php\/wp-json\/wp\/v2\/comments?post=552973"}],"version-history":[{"count":0,"href":"https:\/\/www.hashtag.al\/index.php\/wp-json\/wp\/v2\/posts\/552973\/revisions"}],"wp:featuredmedia":[{"embeddable":true,"href":"https:\/\/www.hashtag.al\/index.php\/wp-json\/wp\/v2\/media\/552974"}],"wp:attachment":[{"href":"https:\/\/www.hashtag.al\/index.php\/wp-json\/wp\/v2\/media?parent=552973"}],"wp:term":[{"taxonomy":"category","embeddable":true,"href":"https:\/\/www.hashtag.al\/index.php\/wp-json\/wp\/v2\/categories?post=552973"},{"taxonomy":"post_tag","embeddable":true,"href":"https:\/\/www.hashtag.al\/index.php\/wp-json\/wp\/v2\/tags?post=552973"}],"curies":[{"name":"wp","href":"https:\/\/api.w.org\/{rel}","templated":true}]}}