{"id":552590,"date":"2022-10-01T21:56:53","date_gmt":"2022-10-01T19:56:53","guid":{"rendered":"https:\/\/www.hashtag.al\/?p=552590"},"modified":"2022-10-01T21:56:53","modified_gmt":"2022-10-01T19:56:53","slug":"suedia-per-shkak-te-anetaresimit-ne-nato-heq-embargon-e-armeve-ndaj-turqise","status":"publish","type":"post","link":"https:\/\/www.hashtag.al\/index.php\/2022\/10\/01\/suedia-per-shkak-te-anetaresimit-ne-nato-heq-embargon-e-armeve-ndaj-turqise\/","title":{"rendered":"Suedia p\u00ebr shkak t\u00eb an\u00ebtar\u00ebsimit n\u00eb NATO heq embargon e arm\u00ebve ndaj Turqis\u00eb","gt_translate_keys":[{"key":"rendered","format":"text"}]},"content":{"rendered":"<p><span style=\"color: #000000;\"><a href=\"https:\/\/www.hashtag.al\/wp-content\/uploads\/2022\/06\/turqi-nato-finland-suedi.jpg\"><img loading=\"lazy\" decoding=\"async\" class=\"aligncenter size-full wp-image-532674\" src=\"https:\/\/www.hashtag.al\/wp-content\/uploads\/2022\/06\/turqi-nato-finland-suedi.jpg\" alt=\"\" width=\"768\" height=\"432\" srcset=\"https:\/\/www.hashtag.al\/wp-content\/uploads\/2022\/06\/turqi-nato-finland-suedi.jpg 768w, https:\/\/www.hashtag.al\/wp-content\/uploads\/2022\/06\/turqi-nato-finland-suedi-300x169.jpg 300w\" sizes=\"auto, (max-width: 768px) 100vw, 768px\" \/><\/a><\/span><\/p>\n<p><span style=\"color: #000000;\">Suedia e cila do t\u00eb jet\u00eb an\u00ebtare e NATO-s njoftoi se do t\u00eb lejoj\u00eb eksportet e arm\u00ebve n\u00eb Turqi, e cila kishte k\u00ebrc\u00ebnuar t\u00eb bllokonte aplikimin e kombit skandinav p\u00ebr t&#8217;u bashkuar me aleanc\u00ebn politiko-ushtarake prej 30 an\u00ebtar\u00ebsh.<\/span><\/p>\n<p><span style=\"color: #000000;\">Vendimi do t\u00eb thot\u00eb se Suedia, e cila ka k\u00ebrkuar an\u00ebtar\u00ebsimin n\u00eb NATO s\u00eb bashku me Finland\u00ebn fqinje, do t\u00eb heq\u00eb embargon e arm\u00ebve q\u00eb kishte vendosur ndaj Ankaras\u00eb n\u00eb vitin 2019 pas operacionit ushtarak t\u00eb Turqis\u00eb kund\u00ebr milicis\u00eb kurde t\u00eb njohur si YPG n\u00eb Siri.<\/span><\/p>\n<p><span style=\"color: #000000;\">Presidenti turk Rexhep Tajip Erdogan kishte k\u00ebrc\u00ebnuar se do t\u00eb bllokonte an\u00ebtar\u00ebsimin e dy vendeve nordike, duke k\u00ebmb\u00ebngulur q\u00eb ata t\u00eb ndryshojn\u00eb q\u00ebndrimin e tyre ndaj grupeve rebele kurde q\u00eb Turqia i konsideron terroriste dhe t\u00eb heqin embargon e arm\u00ebve ndaj Turqis\u00eb. NATO vepron me konsensus k\u00ebshtu q\u00eb Turqia duhet ta miratoj\u00eb.<\/span><\/p>\n<p><span style=\"color: #000000;\">\u201c<em>K\u00ebrkesa e Suedis\u00eb p\u00ebr an\u00ebtar\u00ebsim n\u00eb NATO forcon shum\u00eb arsyen e politik\u00ebs s\u00eb mbrojtjes dhe siguris\u00eb p\u00ebr lejimin e eksportit t\u00eb pajisjeve ushtarake n\u00eb shtetet e tjera an\u00ebtare, p\u00ebrfshir\u00eb Turqin\u00eb<\/em>\u201d, tha n\u00eb nj\u00eb deklarat\u00eb Inspektorati p\u00ebr Produktet Strategjike, nj\u00eb autoritet administrativ suedez.<\/span><\/p>\n<p><span style=\"color: #000000;\">Finlanda dhe Suedia dikur neutrale po braktisin at\u00eb q\u00eb n\u00eb rastin e Suedis\u00eb ka qen\u00eb 200 vjet mosangazhim ushtarak, t\u00eb shtyr\u00eb p\u00ebr t&#8217;iu bashkuar paktit t\u00eb mbrojtjes reciproke t\u00eb NATO-s n\u00eb vazhd\u00ebn e pushtimit rus t\u00eb Ukrain\u00ebs dhe luft\u00ebs s\u00eb saj t\u00eb vazhdueshme atje.<\/span><\/p>\n<p><span style=\"color: #000000;\">Parlamenti i Turqis\u00eb ende nuk e ka ratifikuar an\u00ebtar\u00ebsimin e Suedis\u00eb dhe Finland\u00ebs n\u00eb NATO dhe hapi i s\u00eb premtes u pa gjer\u00ebsisht se synonte t\u00eb siguronte miratimin e Ankaras\u00eb. Nj\u00eb delegacion nga Suedia do shkoj\u00eb n\u00eb Ankara jav\u00ebn e ardhshme p\u00ebr t\u00eb diskutuar k\u00ebrkesat turke p\u00ebr ekstradimin e personave t\u00eb k\u00ebrkuara nga Turqia.<\/span><\/p>\n","protected":false,"gt_translate_keys":[{"key":"rendered","format":"html"}]},"excerpt":{"rendered":"<p>Suedia e cila do t\u00eb jet\u00eb an\u00ebtare e NATO-s njoftoi se do t\u00eb lejoj\u00eb eksportet e arm\u00ebve n\u00eb Turqi, e cila kishte k\u00ebrc\u00ebnuar t\u00eb bllokonte aplikimin e kombit skandinav p\u00ebr t&#8217;u bashkuar me aleanc\u00ebn politiko-ushtarake prej 30 an\u00ebtar\u00ebsh. Vendimi do t\u00eb thot\u00eb se Suedia, e cila ka k\u00ebrkuar an\u00ebtar\u00ebsimin n\u00eb NATO s\u00eb bashku me Finland\u00ebn [&hellip;]<\/p>\n","protected":false,"gt_translate_keys":[{"key":"rendered","format":"html"}]},"author":32,"featured_media":532674,"comment_status":"closed","ping_status":"closed","sticky":false,"template":"","format":"standard","meta":{"footnotes":""},"categories":[6,13],"tags":[],"class_list":["post-552590","post","type-post","status-publish","format-standard","has-post-thumbnail","hentry","category-nderkombetare","category-te-fundit"],"gt_translate_keys":[{"key":"link","format":"url"}],"_links":{"self":[{"href":"https:\/\/www.hashtag.al\/index.php\/wp-json\/wp\/v2\/posts\/552590","targetHints":{"allow":["GET"]}}],"collection":[{"href":"https:\/\/www.hashtag.al\/index.php\/wp-json\/wp\/v2\/posts"}],"about":[{"href":"https:\/\/www.hashtag.al\/index.php\/wp-json\/wp\/v2\/types\/post"}],"author":[{"embeddable":true,"href":"https:\/\/www.hashtag.al\/index.php\/wp-json\/wp\/v2\/users\/32"}],"replies":[{"embeddable":true,"href":"https:\/\/www.hashtag.al\/index.php\/wp-json\/wp\/v2\/comments?post=552590"}],"version-history":[{"count":0,"href":"https:\/\/www.hashtag.al\/index.php\/wp-json\/wp\/v2\/posts\/552590\/revisions"}],"wp:featuredmedia":[{"embeddable":true,"href":"https:\/\/www.hashtag.al\/index.php\/wp-json\/wp\/v2\/media\/532674"}],"wp:attachment":[{"href":"https:\/\/www.hashtag.al\/index.php\/wp-json\/wp\/v2\/media?parent=552590"}],"wp:term":[{"taxonomy":"category","embeddable":true,"href":"https:\/\/www.hashtag.al\/index.php\/wp-json\/wp\/v2\/categories?post=552590"},{"taxonomy":"post_tag","embeddable":true,"href":"https:\/\/www.hashtag.al\/index.php\/wp-json\/wp\/v2\/tags?post=552590"}],"curies":[{"name":"wp","href":"https:\/\/api.w.org\/{rel}","templated":true}]}}