{"id":552269,"date":"2022-09-30T13:26:33","date_gmt":"2022-09-30T11:26:33","guid":{"rendered":"https:\/\/www.hashtag.al\/?p=552269"},"modified":"2022-09-30T13:26:33","modified_gmt":"2022-09-30T11:26:33","slug":"kandidate-te-perbashket-ne-zgjedhjet-lokale-berisha-do-ulemi-me-aleatet-por-nuk-largohemi-kurrsesi-nga-primaret","status":"publish","type":"post","link":"https:\/\/www.hashtag.al\/index.php\/2022\/09\/30\/kandidate-te-perbashket-ne-zgjedhjet-lokale-berisha-do-ulemi-me-aleatet-por-nuk-largohemi-kurrsesi-nga-primaret\/","title":{"rendered":"Kandidat\u00eb t\u00eb p\u00ebrbashk\u00ebt n\u00eb zgjedhjet lokale? Berisha: Do ulemi me aleat\u00ebt, por nuk largohemi kurrsesi nga primaret","gt_translate_keys":[{"key":"rendered","format":"text"}]},"content":{"rendered":"<p><span style=\"color: #000000;\"><a href=\"https:\/\/www.hashtag.al\/wp-content\/uploads\/2022\/09\/WhatsApp-Image-2022-09-30-at-12.28.37-PM.jpeg\"><img loading=\"lazy\" decoding=\"async\" class=\"aligncenter size-full wp-image-552254\" src=\"https:\/\/www.hashtag.al\/wp-content\/uploads\/2022\/09\/WhatsApp-Image-2022-09-30-at-12.28.37-PM.jpeg\" alt=\"\" width=\"1280\" height=\"853\" srcset=\"https:\/\/www.hashtag.al\/wp-content\/uploads\/2022\/09\/WhatsApp-Image-2022-09-30-at-12.28.37-PM.jpeg 1280w, https:\/\/www.hashtag.al\/wp-content\/uploads\/2022\/09\/WhatsApp-Image-2022-09-30-at-12.28.37-PM-300x200.jpeg 300w, https:\/\/www.hashtag.al\/wp-content\/uploads\/2022\/09\/WhatsApp-Image-2022-09-30-at-12.28.37-PM-1024x682.jpeg 1024w, https:\/\/www.hashtag.al\/wp-content\/uploads\/2022\/09\/WhatsApp-Image-2022-09-30-at-12.28.37-PM-768x512.jpeg 768w\" sizes=\"auto, (max-width: 1280px) 100vw, 1280px\" \/><\/a><\/span><\/p>\n<p><span style=\"color: #000000;\">Kryetari i Partis\u00eb Demokratike Sali Berisha ka deklaruar se nes\u00ebr do t\u00eb mblidhet K\u00ebshilli Komb\u00ebtar p\u00ebr t\u00eb diskutuar p\u00ebr primaret.<\/span><\/p>\n<p><span style=\"color: #000000;\">I pyetur n\u00ebse partit\u00eb opozitare do t\u00eb dalin n\u00eb zgjedhje me kandidat\u00eb t\u00eb p\u00ebrbashk\u00ebt, Berisha tha se p\u00ebr k\u00ebt\u00eb do t\u00eb ulet me aleat\u00ebt, por theksoi se PD nuk t\u00ebrhiqet kurrsesi nga primaret.<\/span><\/p>\n<p><em><span style=\"color: #000000;\">\u00a0\u201c\u00c7\u00ebshtja q\u00eb ngrini \u00ebsht\u00eb e drejt\u00eb. Ne do ulemi me aleat\u00ebt, do ulemi me PL dhe aleat\u00ebt e tjer\u00eb dhe do bashk\u00ebrendojm\u00eb, do b\u00ebjm\u00eb gjith\u00e7ka q\u00eb t\u00eb arrijm\u00eb maksimumin e konsensusit.<\/span><\/em><br \/>\n<em><span style=\"color: #000000;\">Problemi i vet\u00ebm \u00ebsht\u00eb se ne, nga primaret nuk mund kurrsesi t\u00eb largohemi.<\/span><\/em><br \/>\n<em><span style=\"color: #000000;\">At\u00eb q\u00eb soll\u00ebm ne, soll\u00ebm primaret. N\u00ebse largohemi prej tyre, nuk jemi m\u00eb vetja jon\u00eb.<\/span><\/em><br \/>\n<span style=\"color: #000000;\"><em>Ndaj dhe nes\u00ebr mblidhet K\u00ebshilli Komb\u00ebtar p\u00ebr t\u00eb diskutuar p\u00ebr primaret q\u00eb do zhvillohen, jan\u00eb mendime t\u00eb ndryshme, por cilido mendim t\u00eb mbizot\u00ebroj, nuk mund t\u2019u them se nuk e di, por asnj\u00eb prej tyre nuk e v\u00eb n\u00eb diskutim primaret.\u201d<\/em>&#8211; tha Berisha.<\/span><\/p>\n","protected":false,"gt_translate_keys":[{"key":"rendered","format":"html"}]},"excerpt":{"rendered":"<p>Kryetari i Partis\u00eb Demokratike Sali Berisha ka deklaruar se nes\u00ebr do t\u00eb mblidhet K\u00ebshilli Komb\u00ebtar p\u00ebr t\u00eb diskutuar p\u00ebr primaret. I pyetur n\u00ebse partit\u00eb opozitare do t\u00eb dalin n\u00eb zgjedhje me kandidat\u00eb t\u00eb p\u00ebrbashk\u00ebt, Berisha tha se p\u00ebr k\u00ebt\u00eb do t\u00eb ulet me aleat\u00ebt, por theksoi se PD nuk t\u00ebrhiqet kurrsesi nga primaret. \u00a0\u201c\u00c7\u00ebshtja q\u00eb [&hellip;]<\/p>\n","protected":false,"gt_translate_keys":[{"key":"rendered","format":"html"}]},"author":30,"featured_media":552254,"comment_status":"closed","ping_status":"closed","sticky":false,"template":"","format":"standard","meta":{"footnotes":""},"categories":[65,13],"tags":[],"class_list":["post-552269","post","type-post","status-publish","format-standard","has-post-thumbnail","hentry","category-lajme","category-te-fundit"],"gt_translate_keys":[{"key":"link","format":"url"}],"_links":{"self":[{"href":"https:\/\/www.hashtag.al\/index.php\/wp-json\/wp\/v2\/posts\/552269","targetHints":{"allow":["GET"]}}],"collection":[{"href":"https:\/\/www.hashtag.al\/index.php\/wp-json\/wp\/v2\/posts"}],"about":[{"href":"https:\/\/www.hashtag.al\/index.php\/wp-json\/wp\/v2\/types\/post"}],"author":[{"embeddable":true,"href":"https:\/\/www.hashtag.al\/index.php\/wp-json\/wp\/v2\/users\/30"}],"replies":[{"embeddable":true,"href":"https:\/\/www.hashtag.al\/index.php\/wp-json\/wp\/v2\/comments?post=552269"}],"version-history":[{"count":0,"href":"https:\/\/www.hashtag.al\/index.php\/wp-json\/wp\/v2\/posts\/552269\/revisions"}],"wp:featuredmedia":[{"embeddable":true,"href":"https:\/\/www.hashtag.al\/index.php\/wp-json\/wp\/v2\/media\/552254"}],"wp:attachment":[{"href":"https:\/\/www.hashtag.al\/index.php\/wp-json\/wp\/v2\/media?parent=552269"}],"wp:term":[{"taxonomy":"category","embeddable":true,"href":"https:\/\/www.hashtag.al\/index.php\/wp-json\/wp\/v2\/categories?post=552269"},{"taxonomy":"post_tag","embeddable":true,"href":"https:\/\/www.hashtag.al\/index.php\/wp-json\/wp\/v2\/tags?post=552269"}],"curies":[{"name":"wp","href":"https:\/\/api.w.org\/{rel}","templated":true}]}}