{"id":552180,"date":"2022-09-30T08:39:46","date_gmt":"2022-09-30T06:39:46","guid":{"rendered":"https:\/\/www.hashtag.al\/?p=552180"},"modified":"2022-09-29T21:10:34","modified_gmt":"2022-09-29T19:10:34","slug":"kreu-i-cdu-se-kritikon-ukrainasit-e-ardhur-e-terheq-deklaraten-pas-reagimit-te-ashper","status":"publish","type":"post","link":"https:\/\/www.hashtag.al\/index.php\/2022\/09\/30\/kreu-i-cdu-se-kritikon-ukrainasit-e-ardhur-e-terheq-deklaraten-pas-reagimit-te-ashper\/","title":{"rendered":"Kreu i CDU-s\u00eb kritikon ukrainasit e ardhur, e t\u00ebrheq deklarat\u00ebn pas reagimit t\u00eb ashp\u00ebr","gt_translate_keys":[{"key":"rendered","format":"text"}]},"content":{"rendered":"<p><span style=\"color: #000000;\"><img loading=\"lazy\" decoding=\"async\" class=\"aligncenter size-full wp-image-552181\" src=\"https:\/\/www.hashtag.al\/wp-content\/uploads\/2022\/09\/turiste.jpg\" alt=\"\" width=\"768\" height=\"432\" srcset=\"https:\/\/www.hashtag.al\/wp-content\/uploads\/2022\/09\/turiste.jpg 768w, https:\/\/www.hashtag.al\/wp-content\/uploads\/2022\/09\/turiste-300x169.jpg 300w\" sizes=\"auto, (max-width: 768px) 100vw, 768px\" \/><\/span><\/p>\n<p><span style=\"color: #000000;\">Udh\u00ebheq\u00ebsi i opozit\u00ebs gjermane Friedrich Merz u gjend n\u00ebn kritika p\u00ebr t\u00eb theksuar se disa ukrainas q\u00eb kan\u00eb k\u00ebrkuar strehim n\u00eb vendin e tij po abuzojn\u00eb me sistemin e mir\u00ebqenies.<\/span><\/p>\n<p><span style=\"color: #000000;\">Megjith\u00ebse Merz ka k\u00ebrkuar falje, kryebashkiaku i Przemysl n\u00eb Poloni, i cili tha pothuajse t\u00eb nj\u00ebjt\u00ebn gj\u00eb t\u00eb h\u00ebn\u00ebn, nuk e ka b\u00ebr\u00eb.<\/span><\/p>\n<p><span style=\"color: #000000;\"><em>\u201cTani po p\u00ebrjetojm\u00eb turizmin e mir\u00ebqenies nga k\u00ebta refugjat\u00eb: n\u00eb Gjermani, p\u00ebrs\u00ebri n\u00eb Ukrain\u00eb, n\u00eb Gjermani, p\u00ebrs\u00ebri n\u00eb Ukrain\u00eb.\u201d<\/em> &#8211; tha kreu i Unionit Kristian Demokrat (CDU) Merz p\u00ebr Bild TV t\u00eb h\u00ebn\u00ebn.<\/span><\/p>\n<p><span style=\"color: #000000;\">Komentet e tij t\u00ebrhoq\u00ebn nj\u00eb stuhi kritikash nga koalicioni qeveris\u00ebs, sipas medias shtet\u00ebrore Deutsche Welle. <\/span><\/p>\n<p><span style=\"color: #000000;\">Ministrja e Brendshme Nancy Faeser e Partis\u00eb Socialdemokrate akuzoi Merz se po p\u00ebrdor \u2018grat\u00eb dhe f\u00ebmij\u00ebt ukrainas\u2019 p\u00ebr t\u00eb shprehur nj\u00eb \u00e7\u00ebshtje politike, nd\u00ebrsa udh\u00ebheq\u00ebsi parlamentar i Demokrat\u00ebve t\u00eb Lir\u00eb, Christian Duerr, tha se fjal\u00ebt e Merz ishin \u2018krejt t\u00eb pavenda\u2019.<\/span><\/p>\n<p><span style=\"color: #000000;\">P\u00ebrball\u00eb nj\u00eb sulmi t\u00eb till\u00eb, Merz u t\u00ebrhoq.<\/span><\/p>\n<p><span style=\"color: #000000;\"><em>\u201cM\u00eb vjen keq p\u00ebr p\u00ebrdorimin e fjal\u00ebs \u2018turiz\u00ebm social\u2019. Ky ishte nj\u00eb p\u00ebrshkrim i pasakt\u00eb i nj\u00eb problemi t\u00eb v\u00ebrejtur n\u00eb raste individuale.\u201d<\/em> &#8211; shkroi ai n\u00eb Twitter t\u00eb mart\u00ebn.<\/span><\/p>\n<p><span style=\"color: #000000;\"><em>&#8220;Larg qoft\u00eb nga un\u00eb q\u00eb t\u00eb kritikoj refugjat\u00ebt nga Ukraina, t\u00eb cil\u00ebt po p\u00ebrballen me nj\u00eb fat t\u00eb v\u00ebshtir\u00eb.&#8221;<\/em><\/span><\/p>\n<p><span style=\"color: #000000;\">Nd\u00ebrsa Gjermania ka pranuar pothuajse nj\u00eb milion refugjat\u00eb nga Ukraina, Polonia po p\u00ebrballet me m\u00eb shum\u00eb se kat\u00ebrfishin e k\u00ebtij numri. Wojciech Bakun \u00ebsht\u00eb kryebashkiaku i Przemysl, nj\u00eb qytet me rreth 60,000 banor\u00eb pik\u00ebrisht n\u00eb kufirin me Ukrain\u00ebn. <\/span><\/p>\n<p><span style=\"color: #000000;\">T\u00eb h\u00ebn\u00ebn, ai shkroi n\u00eb Facebook se disa refugjat\u00eb ukrainas ishin t\u00eb angazhuar n\u00eb nj\u00eb \u2018sistem t\u00eb organizuar t\u00eb zhvatjes s\u00eb p\u00ebrfitimeve sociale\u2019.<\/span><\/p>\n<p><span style=\"color: #000000;\"><em>\u201c\u00cbsht\u00eb e pamundur t\u00eb mos v\u00ebrehen transportet e organizuara t\u00eb grave me f\u00ebmij\u00eb, t\u00eb cilat kan\u00eb kartela me udh\u00ebzime t\u00eb shkruara p\u00ebr procedurat q\u00eb duhet t&#8217;i n\u00ebnshtrohen p\u00ebr t\u00eb marr\u00eb ndihm\u00eb materiale dhe financiare.\u201d<\/em> &#8211; tha Bakun, duke p\u00ebrshkruar se si ato rreshtohen jasht\u00eb zyrave t\u00eb qeveris\u00eb \u00e7do dit\u00eb p\u00ebr t\u00eb marr\u00eb p\u00ebrfitime, <em>\u2018m\u00eb pas, n\u00eb nj\u00eb transport t\u00eb organizuar, ata kthehen n\u00eb Ukrain\u00eb\u2019.<\/em><\/span><\/p>\n<p><span style=\"color: #000000;\">Shum\u00eb refugjat\u00eb ukrainas gjithashtu largohen nga Polonia p\u00ebr gati 30 dit\u00eb, por m\u00eb pas kthehen para k\u00ebtij afati p\u00ebr t\u00eb mbajtur statusin e tyre, sipas gazet\u00ebs lokale Kresy.<\/span><\/p>\n","protected":false,"gt_translate_keys":[{"key":"rendered","format":"html"}]},"excerpt":{"rendered":"<p>Udh\u00ebheq\u00ebsi i opozit\u00ebs gjermane Friedrich Merz u gjend n\u00ebn kritika p\u00ebr t\u00eb theksuar se disa ukrainas q\u00eb kan\u00eb k\u00ebrkuar strehim n\u00eb vendin e tij po abuzojn\u00eb me sistemin e mir\u00ebqenies. Megjith\u00ebse Merz ka k\u00ebrkuar falje, kryebashkiaku i Przemysl n\u00eb Poloni, i cili tha pothuajse t\u00eb nj\u00ebjt\u00ebn gj\u00eb t\u00eb h\u00ebn\u00ebn, nuk e ka b\u00ebr\u00eb. \u201cTani po [&hellip;]<\/p>\n","protected":false,"gt_translate_keys":[{"key":"rendered","format":"html"}]},"author":51,"featured_media":552181,"comment_status":"closed","ping_status":"closed","sticky":false,"template":"","format":"standard","meta":{"footnotes":""},"categories":[53],"tags":[],"class_list":["post-552180","post","type-post","status-publish","format-standard","has-post-thumbnail","hentry","category-fast-foodi"],"gt_translate_keys":[{"key":"link","format":"url"}],"_links":{"self":[{"href":"https:\/\/www.hashtag.al\/index.php\/wp-json\/wp\/v2\/posts\/552180","targetHints":{"allow":["GET"]}}],"collection":[{"href":"https:\/\/www.hashtag.al\/index.php\/wp-json\/wp\/v2\/posts"}],"about":[{"href":"https:\/\/www.hashtag.al\/index.php\/wp-json\/wp\/v2\/types\/post"}],"author":[{"embeddable":true,"href":"https:\/\/www.hashtag.al\/index.php\/wp-json\/wp\/v2\/users\/51"}],"replies":[{"embeddable":true,"href":"https:\/\/www.hashtag.al\/index.php\/wp-json\/wp\/v2\/comments?post=552180"}],"version-history":[{"count":0,"href":"https:\/\/www.hashtag.al\/index.php\/wp-json\/wp\/v2\/posts\/552180\/revisions"}],"wp:featuredmedia":[{"embeddable":true,"href":"https:\/\/www.hashtag.al\/index.php\/wp-json\/wp\/v2\/media\/552181"}],"wp:attachment":[{"href":"https:\/\/www.hashtag.al\/index.php\/wp-json\/wp\/v2\/media?parent=552180"}],"wp:term":[{"taxonomy":"category","embeddable":true,"href":"https:\/\/www.hashtag.al\/index.php\/wp-json\/wp\/v2\/categories?post=552180"},{"taxonomy":"post_tag","embeddable":true,"href":"https:\/\/www.hashtag.al\/index.php\/wp-json\/wp\/v2\/tags?post=552180"}],"curies":[{"name":"wp","href":"https:\/\/api.w.org\/{rel}","templated":true}]}}