{"id":552139,"date":"2022-09-29T17:26:22","date_gmt":"2022-09-29T15:26:22","guid":{"rendered":"https:\/\/www.hashtag.al\/?p=552139"},"modified":"2022-09-29T17:26:22","modified_gmt":"2022-09-29T15:26:22","slug":"disa-te-arrestuar-ne-mal-te-zi-pas-dyshimeve-se-punonin-per-sigurimin-rus-mes-tyre-dhe-ish-zedhenesi-i-ministrise-se-jashtme","status":"publish","type":"post","link":"https:\/\/www.hashtag.al\/index.php\/2022\/09\/29\/disa-te-arrestuar-ne-mal-te-zi-pas-dyshimeve-se-punonin-per-sigurimin-rus-mes-tyre-dhe-ish-zedhenesi-i-ministrise-se-jashtme\/","title":{"rendered":"Disa t\u00eb arrestuar n\u00eb Mal t\u00eb Zi pas dyshimeve se punonin p\u00ebr sigurimin rus, mes tyre dhe ish-z\u00ebdh\u00ebn\u00ebsi i Ministris\u00eb s\u00eb Jashtme","gt_translate_keys":[{"key":"rendered","format":"text"}]},"content":{"rendered":"<p><span style=\"color: #000000;\"><a href=\"https:\/\/www.hashtag.al\/wp-content\/uploads\/2022\/09\/bastisje.jpg\"><img loading=\"lazy\" decoding=\"async\" class=\"aligncenter size-full wp-image-552140\" src=\"https:\/\/www.hashtag.al\/wp-content\/uploads\/2022\/09\/bastisje.jpg\" alt=\"\" width=\"752\" height=\"440\" srcset=\"https:\/\/www.hashtag.al\/wp-content\/uploads\/2022\/09\/bastisje.jpg 752w, https:\/\/www.hashtag.al\/wp-content\/uploads\/2022\/09\/bastisje-300x176.jpg 300w, https:\/\/www.hashtag.al\/wp-content\/uploads\/2022\/09\/bastisje-250x145.jpg 250w\" sizes=\"auto, (max-width: 752px) 100vw, 752px\" \/><\/a><\/span><\/p>\n<p><span style=\"color: #000000;\">Policia malazeze ka arrestuar disa persona t\u00eb dyshuar p\u00ebr spiunazh p\u00ebr Rusin\u00eb. K\u00ebshtu ka raportuar k\u00ebt\u00eb t\u00eb enjte e p\u00ebrditshmja e Podgoric\u00ebs Vijesti.<\/span><\/p>\n<p><span style=\"color: #000000;\">Sipas gazet\u00ebs, agjent\u00ebt e Agjencis\u00eb s\u00eb Siguris\u00eb Komb\u00ebtare (ANB) b\u00ebn\u00eb arrestimin e shtetasve malazez\u00eb me urdh\u00ebr t\u00eb Prokurorit Special t\u00eb Shtetit. Nj\u00eb burim i <span style=\"color: #0000ff;\"><a style=\"color: #0000ff;\" href=\"https:\/\/www.vijesti.me\/vijesti\/crna-hronika\/623703\/podgorica-vise-osoba-osumnjiceno-da-su-radile-za-obavjestajnu-sluzbu-rusije-medju-njima-i-bivsi-portparol-mvp\">Vijesti<\/a> <\/span>tha se nj\u00eb nga t\u00eb dyshuarit e paidentifikuar, nj\u00eb n\u00ebpun\u00ebs civil, dyshohet se kishte punuar p\u00ebr sh\u00ebrbimet e inteligjenc\u00ebs ruse p\u00ebr t\u00eb pakt\u00ebn 10 vjet, duke drejtuar nj\u00eb grup spiun\u00ebsh.<\/span><\/p>\n<p><span style=\"color: #000000;\">Ky \u00ebsht\u00eb operacioni i par\u00eb kund\u00ebr personelit t\u00eb inteligjenc\u00ebs s\u00eb huaj q\u00eb vepron n\u00eb Mal t\u00eb Zi.<\/span><\/p>\n<p><span style=\"color: #000000;\">ANB-ja dhe Departamenti i Policis\u00eb Speciale kontrolluan disa vende n\u00eb t\u00eb gjith\u00eb kryeqytetin malazez dhe zona t\u00eb tjera dhe raportuan se kishin gjetur &#8220;<em>artikuj me interes p\u00ebr hetimin&#8221;.<\/em><\/span><\/p>\n<p><span style=\"color: #000000;\">Ndon\u00ebse kjo nuk \u00ebsht\u00eb konfirmuar ende nga autoritetet, sipas <span style=\"color: #0000ff;\"><a style=\"color: #0000ff;\" href=\"https:\/\/www.vijesti.me\/vijesti\/crna-hronika\/623703\/podgorica-vise-osoba-osumnjiceno-da-su-radile-za-obavjestajnu-sluzbu-rusije-medju-njima-i-bivsi-portparol-mvp\">gazet\u00ebs<\/a> <\/span>dy shtetas malazez\u00eb, gjasht\u00eb punonj\u00ebs t\u00eb ambasad\u00ebs ruse dhe disa shtetas rus\u00eb jan\u00eb n\u00ebn hetim n\u00ebn dyshimin se kan\u00eb punuar p\u00ebr sh\u00ebrbimin inteligjent rus.<\/span><\/p>\n<p><span style=\"color: #000000;\">N\u00eb mesin e t\u00eb dyshuarve \u00ebsht\u00eb edhe ish-z\u00ebdh\u00ebn\u00ebsi i Ministris\u00eb s\u00eb Pun\u00ebve t\u00eb Jashtme (MVP) Radomir Sekulovi\u00e7.<\/span><\/p>\n<p><span style=\"color: #000000;\">Kryeministri malazes Dritan Abazovi\u00e7 e vler\u00ebsoi policin\u00eb gjat\u00eb nj\u00eb takimi t\u00eb kabinetit t\u00eb tij t\u00eb enjten, duke th\u00ebn\u00eb se bastisjet u p\u00ebrgatit\u00ebn <em>&#8220;n\u00eb bashk\u00ebpunim me partner\u00ebt tan\u00eb nd\u00ebrkomb\u00ebtar\u00eb dhe kishin p\u00ebr q\u00ebllim mbrojtjen e siguris\u00eb komb\u00ebtare (t\u00eb Malit t\u00eb Zi)&#8221;<\/em>.<\/span><\/p>\n","protected":false,"gt_translate_keys":[{"key":"rendered","format":"html"}]},"excerpt":{"rendered":"<p>Policia malazeze ka arrestuar disa persona t\u00eb dyshuar p\u00ebr spiunazh p\u00ebr Rusin\u00eb. K\u00ebshtu ka raportuar k\u00ebt\u00eb t\u00eb enjte e p\u00ebrditshmja e Podgoric\u00ebs Vijesti. Sipas gazet\u00ebs, agjent\u00ebt e Agjencis\u00eb s\u00eb Siguris\u00eb Komb\u00ebtare (ANB) b\u00ebn\u00eb arrestimin e shtetasve malazez\u00eb me urdh\u00ebr t\u00eb Prokurorit Special t\u00eb Shtetit. Nj\u00eb burim i Vijesti tha se nj\u00eb nga t\u00eb dyshuarit e [&hellip;]<\/p>\n","protected":false,"gt_translate_keys":[{"key":"rendered","format":"html"}]},"author":30,"featured_media":552140,"comment_status":"closed","ping_status":"closed","sticky":false,"template":"","format":"standard","meta":{"footnotes":""},"categories":[149,13],"tags":[],"class_list":["post-552139","post","type-post","status-publish","format-standard","has-post-thumbnail","hentry","category-kosoverajon","category-te-fundit"],"gt_translate_keys":[{"key":"link","format":"url"}],"_links":{"self":[{"href":"https:\/\/www.hashtag.al\/index.php\/wp-json\/wp\/v2\/posts\/552139","targetHints":{"allow":["GET"]}}],"collection":[{"href":"https:\/\/www.hashtag.al\/index.php\/wp-json\/wp\/v2\/posts"}],"about":[{"href":"https:\/\/www.hashtag.al\/index.php\/wp-json\/wp\/v2\/types\/post"}],"author":[{"embeddable":true,"href":"https:\/\/www.hashtag.al\/index.php\/wp-json\/wp\/v2\/users\/30"}],"replies":[{"embeddable":true,"href":"https:\/\/www.hashtag.al\/index.php\/wp-json\/wp\/v2\/comments?post=552139"}],"version-history":[{"count":0,"href":"https:\/\/www.hashtag.al\/index.php\/wp-json\/wp\/v2\/posts\/552139\/revisions"}],"wp:featuredmedia":[{"embeddable":true,"href":"https:\/\/www.hashtag.al\/index.php\/wp-json\/wp\/v2\/media\/552140"}],"wp:attachment":[{"href":"https:\/\/www.hashtag.al\/index.php\/wp-json\/wp\/v2\/media?parent=552139"}],"wp:term":[{"taxonomy":"category","embeddable":true,"href":"https:\/\/www.hashtag.al\/index.php\/wp-json\/wp\/v2\/categories?post=552139"},{"taxonomy":"post_tag","embeddable":true,"href":"https:\/\/www.hashtag.al\/index.php\/wp-json\/wp\/v2\/tags?post=552139"}],"curies":[{"name":"wp","href":"https:\/\/api.w.org\/{rel}","templated":true}]}}