{"id":551966,"date":"2022-09-29T08:19:37","date_gmt":"2022-09-29T06:19:37","guid":{"rendered":"https:\/\/www.hashtag.al\/?p=551966"},"modified":"2022-09-28T19:47:52","modified_gmt":"2022-09-28T17:47:52","slug":"greqia-po-ecen-drejt-mocalit-nuk-i-afrohet-dot-nivelit-tone-erdogan","status":"publish","type":"post","link":"https:\/\/www.hashtag.al\/index.php\/2022\/09\/29\/greqia-po-ecen-drejt-mocalit-nuk-i-afrohet-dot-nivelit-tone-erdogan\/","title":{"rendered":"\u201cGreqia po ec\u00ebn drejt mo\u00e7alit, nuk i afrohet dot nivelit ton\u00eb\u201d &#8211; Erdogan","gt_translate_keys":[{"key":"rendered","format":"text"}]},"content":{"rendered":"<p><span style=\"color: #000000;\"><img loading=\"lazy\" decoding=\"async\" class=\"aligncenter size-full wp-image-551967\" src=\"https:\/\/www.hashtag.al\/wp-content\/uploads\/2022\/09\/erdo2.jpg\" alt=\"\" width=\"768\" height=\"432\" srcset=\"https:\/\/www.hashtag.al\/wp-content\/uploads\/2022\/09\/erdo2.jpg 768w, https:\/\/www.hashtag.al\/wp-content\/uploads\/2022\/09\/erdo2-300x169.jpg 300w\" sizes=\"auto, (max-width: 768px) 100vw, 768px\" \/><\/span><\/p>\n<p><span style=\"color: #000000;\">Greqia nuk \u00ebsht\u00eb e barabart\u00eb me Turqin\u00eb dhe do futet n\u00eb nj\u00eb mo\u00e7al duke u p\u00ebrballur me t\u00eb, ka paralajm\u00ebruar presidenti turk Rexhep Tajip Erdogan. Ai kritikoi Athin\u00ebn p\u00ebr militarizimin e supozuar t\u00eb ishujve t\u00eb saj n\u00eb detin Egje.<\/span><\/p>\n<p><span style=\"color: #000000;\">Q\u00ebllimi i v\u00ebrtet\u00eb i q\u00ebndrimit konfrontues t\u00eb Athin\u00ebs ndaj Turqis\u00eb \u00ebsht\u00eb duke penguar p\u00ebrparimin e vendit drejt madh\u00ebshtis\u00eb, tha presidenti, n\u00eb nj\u00eb fjalim t\u00eb h\u00ebn\u00ebn pas nj\u00eb takimi t\u00eb kabinetit turk.<\/span><\/p>\n<p><span style=\"color: #000000;\"><em>\u201cKjo \u00ebsht\u00eb nj\u00eb loj\u00eb e rrezikshme p\u00ebr politikan\u00ebt grek\u00eb, shtetin grek, popullin grek dhe ata q\u00eb i p\u00ebrdorin ata si kukulla.\u201d<\/em> &#8211; tha Erdogan.<\/span><\/p>\n<p><span style=\"color: #000000;\"><em>\u201cAs ato instalime ushtarake dhe as ajo mb\u00ebshtetje politike dhe ekonomike nuk mjaftojn\u00eb p\u00ebr ta ngritur Greqin\u00eb n\u00eb nivelin ton\u00eb, por k\u00ebta hapa t\u00eb gabuar jan\u00eb t\u00eb mjaftuesh\u00ebm p\u00ebr ta t\u00ebrhequr Greqin\u00eb n\u00eb mo\u00e7al n\u00eb \u00e7do kuptim.\u201d<\/em> &#8211; shtoi ai.<\/span><\/p>\n<p><span style=\"color: #000000;\">Udh\u00ebheq\u00ebsi turk po komentonte vendosjen e raportuar t\u00eb arm\u00ebve shtes\u00eb n\u00eb ishujt Lesbos dhe Samos. Jav\u00ebn e kaluar, media n\u00eb Turqi tregoi at\u00eb q\u00eb ata pretenduan se ishin pamjet e xhiruara nga dron\u00ebt ushtarak\u00eb t\u00eb Ankaras\u00eb, duke treguar automjete t\u00eb blinduara q\u00eb shkarkoheshin nga nj\u00eb anije zbarkimi greke. Pajisjet i ishin dhuruar Athin\u00ebs nga Uashingtoni.<\/span><\/p>\n<p><span style=\"color: #000000;\">Ankaraja thirri ambasadorin grek p\u00ebr t\u00eb paraqitur nj\u00eb protest\u00eb zyrtare t\u00eb h\u00ebn\u00ebn, por Athina i hodhi posht\u00eb akuzat e saj si t\u00eb pabaza. Qeveria greke thot\u00eb se aktivitetet e saj ushtarake n\u00eb Egje jan\u00eb reaguese ndaj politikave agresive t\u00eb Turqis\u00eb.<\/span><\/p>\n<p><span style=\"color: #000000;\">Erdogan akuzoi Greqin\u00eb se ishte e p\u00ebrfshir\u00eb n\u00eb \u2018manipulime dhe p\u00ebrshkall\u00ebzime\u2019 dhe paralajm\u00ebroi se rezultati i nj\u00eb konfrontimi t\u00eb mundsh\u00ebm me Turqin\u00eb do t\u00eb ishte katastrofik p\u00ebr popullin grek. Lesbos dhe Samos dikur ishin pjes\u00eb e Perandoris\u00eb Osmane, por kontrolli i Stambollit mbi to u pak\u00ebsua nga fillimi i shekullit t\u00eb 20-t\u00eb. Greqia i inkorporoi ishujt s\u00eb bashku me disa t\u00eb tjer\u00eb n\u00eb fillim t\u00eb viteve 1910.<\/span><\/p>\n<p><span style=\"color: #000000;\">Athina vulosi sovranitetin e saj mbi to sipas Traktatit t\u00eb Lozan\u00ebs t\u00eb vitit 1923, i cili i dha fund armiq\u00ebsive t\u00eb Turqis\u00eb me kombet evropiane. Kushtet e marr\u00ebveshjes e ndalonin n\u00eb m\u00ebnyr\u00eb specifike Greqin\u00eb t\u00eb nd\u00ebrtonte baza detare ose fortifikime n\u00eb kat\u00ebr prej tyre, duke p\u00ebrfshir\u00eb Lesbosin dhe Samosin.<\/span><\/p>\n","protected":false,"gt_translate_keys":[{"key":"rendered","format":"html"}]},"excerpt":{"rendered":"<p>Greqia nuk \u00ebsht\u00eb e barabart\u00eb me Turqin\u00eb dhe do futet n\u00eb nj\u00eb mo\u00e7al duke u p\u00ebrballur me t\u00eb, ka paralajm\u00ebruar presidenti turk Rexhep Tajip Erdogan. Ai kritikoi Athin\u00ebn p\u00ebr militarizimin e supozuar t\u00eb ishujve t\u00eb saj n\u00eb detin Egje. Q\u00ebllimi i v\u00ebrtet\u00eb i q\u00ebndrimit konfrontues t\u00eb Athin\u00ebs ndaj Turqis\u00eb \u00ebsht\u00eb duke penguar p\u00ebrparimin e vendit [&hellip;]<\/p>\n","protected":false,"gt_translate_keys":[{"key":"rendered","format":"html"}]},"author":51,"featured_media":551967,"comment_status":"closed","ping_status":"closed","sticky":false,"template":"","format":"standard","meta":{"footnotes":""},"categories":[149],"tags":[],"class_list":["post-551966","post","type-post","status-publish","format-standard","has-post-thumbnail","hentry","category-kosoverajon"],"gt_translate_keys":[{"key":"link","format":"url"}],"_links":{"self":[{"href":"https:\/\/www.hashtag.al\/index.php\/wp-json\/wp\/v2\/posts\/551966","targetHints":{"allow":["GET"]}}],"collection":[{"href":"https:\/\/www.hashtag.al\/index.php\/wp-json\/wp\/v2\/posts"}],"about":[{"href":"https:\/\/www.hashtag.al\/index.php\/wp-json\/wp\/v2\/types\/post"}],"author":[{"embeddable":true,"href":"https:\/\/www.hashtag.al\/index.php\/wp-json\/wp\/v2\/users\/51"}],"replies":[{"embeddable":true,"href":"https:\/\/www.hashtag.al\/index.php\/wp-json\/wp\/v2\/comments?post=551966"}],"version-history":[{"count":0,"href":"https:\/\/www.hashtag.al\/index.php\/wp-json\/wp\/v2\/posts\/551966\/revisions"}],"wp:featuredmedia":[{"embeddable":true,"href":"https:\/\/www.hashtag.al\/index.php\/wp-json\/wp\/v2\/media\/551967"}],"wp:attachment":[{"href":"https:\/\/www.hashtag.al\/index.php\/wp-json\/wp\/v2\/media?parent=551966"}],"wp:term":[{"taxonomy":"category","embeddable":true,"href":"https:\/\/www.hashtag.al\/index.php\/wp-json\/wp\/v2\/categories?post=551966"},{"taxonomy":"post_tag","embeddable":true,"href":"https:\/\/www.hashtag.al\/index.php\/wp-json\/wp\/v2\/tags?post=551966"}],"curies":[{"name":"wp","href":"https:\/\/api.w.org\/{rel}","templated":true}]}}