{"id":551921,"date":"2022-09-28T16:50:13","date_gmt":"2022-09-28T14:50:13","guid":{"rendered":"https:\/\/www.hashtag.al\/?p=551921"},"modified":"2022-09-28T17:16:15","modified_gmt":"2022-09-28T15:16:15","slug":"do-i-japim-fund-nord-stream-2-zakharova-nxjerr-videon-biden-te-pergjigjet-nese-e-realizoi-kercenimin","status":"publish","type":"post","link":"https:\/\/www.hashtag.al\/index.php\/2022\/09\/28\/do-i-japim-fund-nord-stream-2-zakharova-nxjerr-videon-biden-te-pergjigjet-nese-e-realizoi-kercenimin\/","title":{"rendered":"\u201cDo i japim fund Nord Stream 2\u201d \u2013 Zakharova nxjerr videon: Biden t\u00eb p\u00ebrgjigjet n\u00ebse e realizoi k\u00ebrc\u00ebnimin","gt_translate_keys":[{"key":"rendered","format":"text"}]},"content":{"rendered":"<p><a href=\"https:\/\/www.hashtag.al\/wp-content\/uploads\/2022\/09\/z-3.jpg\"><img loading=\"lazy\" decoding=\"async\" class=\"size-full wp-image-551922\" src=\"https:\/\/www.hashtag.al\/wp-content\/uploads\/2022\/09\/z-3.jpg\" alt=\"\" width=\"1020\" height=\"649\" srcset=\"https:\/\/www.hashtag.al\/wp-content\/uploads\/2022\/09\/z-3.jpg 1020w, https:\/\/www.hashtag.al\/wp-content\/uploads\/2022\/09\/z-3-300x191.jpg 300w, https:\/\/www.hashtag.al\/wp-content\/uploads\/2022\/09\/z-3-768x489.jpg 768w\" sizes=\"auto, (max-width: 1020px) 100vw, 1020px\" \/><\/a><\/p>\n<p><span style=\"color: #000000;\">Rusia ka ngritur akuza ndaj SHBA-ve lidhur me problemet me rrjedhjet e gazit n\u00eb tubacionet e gazsjell\u00ebsit rus Nord Stream n\u00eb Detin Baltik.<\/span><\/p>\n<p><span style=\"color: #000000;\">Z\u00ebdh\u00ebn\u00ebsja e ministris\u00eb s\u00eb Jashtme ruse Maria Zakharova ka publikuar nj\u00eb video t\u00eb presidentit t\u00eb SHBA-ve Joe Biden ku ai duket se k\u00ebrc\u00ebnon se do i jap\u00eb fund \u201cNord Stream 2\u201d.<\/span><\/p>\n<p><span style=\"color: #000000;\"><em>\u201cM\u00eb 7 shkurt 2022, Joe Biden k\u00ebrc\u00ebnoi se do t&#8217;i jepte fund NordStream. Presidenti amerikan duhet t\u00eb jap\u00eb nj\u00eb p\u00ebrgjigje n\u00ebse Shtetet e Bashkuara kan\u00eb vepruar ndaj k\u00ebrc\u00ebnimit t\u00eb tyre m\u00eb 25 dhe 26 shtator 2022!\u201d-<\/em> thuhet n\u00eb postimin e Ministris\u00eb s\u00eb Jashtme ruse.<\/span><\/p>\n<blockquote class=\"twitter-tweet\">\n<p dir=\"ltr\" lang=\"en\"><a href=\"https:\/\/twitter.com\/hashtag\/Opinion?src=hash&amp;ref_src=twsrc%5Etfw\">#Opinion<\/a> by Maria <a href=\"https:\/\/twitter.com\/hashtag\/Zakharova?src=hash&amp;ref_src=twsrc%5Etfw\">#Zakharova<\/a>:<\/p>\n<p>\ud83d\udcac On February 7, 2022, Joe Biden threatened to end <a href=\"https:\/\/twitter.com\/hashtag\/NordStream?src=hash&amp;ref_src=twsrc%5Etfw\">#NordStream<\/a>.<a href=\"https:\/\/twitter.com\/POTUS?ref_src=twsrc%5Etfw\">@POTUS<\/a> must give a definitive answer whether the United States acted on its threat on September 25 and 26, 2022!<\/p>\n<p>\ud83d\udc49 <a href=\"https:\/\/t.co\/NTkmD2Dw68\">https:\/\/t.co\/NTkmD2Dw68<\/a> <a href=\"https:\/\/t.co\/wWCgC6isPt\">pic.twitter.com\/wWCgC6isPt<\/a><\/p>\n<p>\u2014 MFA Russia \ud83c\uddf7\ud83c\uddfa (@mfa_russia) <a href=\"https:\/\/twitter.com\/mfa_russia\/status\/1575101792798576640?ref_src=twsrc%5Etfw\">September 28, 2022<\/a><\/p><\/blockquote>\n<p><script async src=\"https:\/\/platform.twitter.com\/widgets.js\" charset=\"utf-8\"><\/script><\/p>\n<p><span style=\"color: #000000;\">N\u00eb k\u00ebt\u00eb video Biden thot\u00eb se n\u00ebse Rusia pushton Ukrain\u00ebn,<em> \u201cnuk do t\u00eb ket\u00eb m\u00eb Nord Stream 2, ne do i japim fund\u201d.<\/em><\/span><\/p>\n<p><span style=\"color: #000000;\">Pasi nj\u00eb gazetare e pyet se si do ta b\u00ebj\u00eb k\u00ebt\u00eb n\u00eb nj\u00eb koh\u00eb kur kontroll mbi tubacionin ka Gjermania dhe jo SHBA, Biden p\u00ebrgjigjet:<em> \u201cJu premtoj se ne do t\u00eb jemi n\u00eb gjendje ta b\u00ebjm\u00eb k\u00ebt\u00eb\u201d.<\/em><\/span><\/p>\n<p><span style=\"color: #000000;\">M\u00eb von\u00eb gjat\u00eb dit\u00ebs s\u00eb sotme, Zakharova ka deklaruar se <em>\u201cRusia synon t\u00eb th\u00ebrras\u00eb nj\u00eb takim zyrtar t\u00eb K\u00ebshillit t\u00eb Sigurimit t\u00eb OKB-s\u00eb n\u00eb lidhje me incidentet me tubacionet e gazit NordStream 1 dhe 2\u201d.<\/em><\/span><\/p>\n","protected":false,"gt_translate_keys":[{"key":"rendered","format":"html"}]},"excerpt":{"rendered":"<p>Rusia ka ngritur akuza ndaj SHBA-ve lidhur me problemet me rrjedhjet e gazit n\u00eb tubacionet e gazsjell\u00ebsit rus Nord Stream n\u00eb Detin Baltik. Z\u00ebdh\u00ebn\u00ebsja e ministris\u00eb s\u00eb Jashtme ruse Maria Zakharova ka publikuar nj\u00eb video t\u00eb presidentit t\u00eb SHBA-ve Joe Biden ku ai duket se k\u00ebrc\u00ebnon se do i jap\u00eb fund \u201cNord Stream 2\u201d. \u201cM\u00eb [&hellip;]<\/p>\n","protected":false,"gt_translate_keys":[{"key":"rendered","format":"html"}]},"author":30,"featured_media":551922,"comment_status":"closed","ping_status":"closed","sticky":false,"template":"","format":"standard","meta":{"footnotes":""},"categories":[6,13],"tags":[],"class_list":["post-551921","post","type-post","status-publish","format-standard","has-post-thumbnail","hentry","category-nderkombetare","category-te-fundit"],"gt_translate_keys":[{"key":"link","format":"url"}],"_links":{"self":[{"href":"https:\/\/www.hashtag.al\/index.php\/wp-json\/wp\/v2\/posts\/551921","targetHints":{"allow":["GET"]}}],"collection":[{"href":"https:\/\/www.hashtag.al\/index.php\/wp-json\/wp\/v2\/posts"}],"about":[{"href":"https:\/\/www.hashtag.al\/index.php\/wp-json\/wp\/v2\/types\/post"}],"author":[{"embeddable":true,"href":"https:\/\/www.hashtag.al\/index.php\/wp-json\/wp\/v2\/users\/30"}],"replies":[{"embeddable":true,"href":"https:\/\/www.hashtag.al\/index.php\/wp-json\/wp\/v2\/comments?post=551921"}],"version-history":[{"count":0,"href":"https:\/\/www.hashtag.al\/index.php\/wp-json\/wp\/v2\/posts\/551921\/revisions"}],"wp:featuredmedia":[{"embeddable":true,"href":"https:\/\/www.hashtag.al\/index.php\/wp-json\/wp\/v2\/media\/551922"}],"wp:attachment":[{"href":"https:\/\/www.hashtag.al\/index.php\/wp-json\/wp\/v2\/media?parent=551921"}],"wp:term":[{"taxonomy":"category","embeddable":true,"href":"https:\/\/www.hashtag.al\/index.php\/wp-json\/wp\/v2\/categories?post=551921"},{"taxonomy":"post_tag","embeddable":true,"href":"https:\/\/www.hashtag.al\/index.php\/wp-json\/wp\/v2\/tags?post=551921"}],"curies":[{"name":"wp","href":"https:\/\/api.w.org\/{rel}","templated":true}]}}