{"id":551911,"date":"2022-09-28T15:57:46","date_gmt":"2022-09-28T13:57:46","guid":{"rendered":"https:\/\/www.hashtag.al\/?p=551911"},"modified":"2022-09-28T15:57:46","modified_gmt":"2022-09-28T13:57:46","slug":"presidenti-i-fifa-s-gianni-infantino-vjen-te-enjten-ne-shqiperi","status":"publish","type":"post","link":"https:\/\/www.hashtag.al\/index.php\/2022\/09\/28\/presidenti-i-fifa-s-gianni-infantino-vjen-te-enjten-ne-shqiperi\/","title":{"rendered":"Presidenti i FIFA-s Gianni Infantino vjen t\u00eb enjten n\u00eb Shqip\u00ebri","gt_translate_keys":[{"key":"rendered","format":"text"}]},"content":{"rendered":"<p><span style=\"color: #000000;\"><a href=\"https:\/\/www.hashtag.al\/wp-content\/uploads\/2022\/09\/Infantino.jpeg\"><img loading=\"lazy\" decoding=\"async\" class=\"aligncenter size-full wp-image-551912\" src=\"https:\/\/www.hashtag.al\/wp-content\/uploads\/2022\/09\/Infantino.jpeg\" alt=\"\" width=\"780\" height=\"440\" srcset=\"https:\/\/www.hashtag.al\/wp-content\/uploads\/2022\/09\/Infantino.jpeg 780w, https:\/\/www.hashtag.al\/wp-content\/uploads\/2022\/09\/Infantino-300x169.jpeg 300w, https:\/\/www.hashtag.al\/wp-content\/uploads\/2022\/09\/Infantino-768x433.jpeg 768w\" sizes=\"auto, (max-width: 780px) 100vw, 780px\" \/><\/a><\/span><\/p>\n<p><span style=\"color: #000000;\">Kreu i FIFA, Gianni Infantino vjen nes\u00ebr n\u00eb Tiran\u00eb. T\u00eb enjten kreu i qeveris\u00eb bot\u00ebrore t\u00eb futbollit do t\u00eb zhvilloj\u00eb takime me Presidentin e Federat\u00ebs Shqiptare t\u00eb Futbollit, Armand Duk\u00ebn, por jo vet\u00ebm.<\/span><\/p>\n<p><span style=\"color: #000000;\">Ai pritet t\u00eb shoh\u00eb nga af\u00ebr punim\u00ebt n\u00eb Sht\u00ebpin\u00eb e Futbollit dhe do vizitoj\u00eb stadiumin Air Albania.<\/span><\/p>\n<p><span style=\"color: #000000;\">Kjo vizit\u00eb vjen me rastin e 90-vjetorit t\u00eb an\u00ebtar\u00ebsimit t\u00eb FSHF-s\u00eb n\u00eb institucionin m\u00eb t\u00eb r\u00ebnd\u00ebsish\u00ebm t\u00eb futbollit n\u00eb bot\u00eb.<\/span><\/p>\n<p><span style=\"color: #000000;\">Italiani thuhet se p\u00ebrve\u00e7 p\u00ebrfaq\u00ebsuesve t\u00eb futbollit, do t\u00eb takoj\u00eb edhe figura t\u00eb politik\u00ebs, konkretisht kryeministrin Edi Rama. K\u00ebt\u00eb vizit\u00eb, Infantino e kishte lajm\u00ebruar prej muajsh, p\u00ebrmes nj\u00eb letre d\u00ebrguar presidentit t\u00eb Federat\u00ebs Shqiptare t\u00eb Futbollit, Armand Duka.<\/span><\/p>\n","protected":false,"gt_translate_keys":[{"key":"rendered","format":"html"}]},"excerpt":{"rendered":"<p>Kreu i FIFA, Gianni Infantino vjen nes\u00ebr n\u00eb Tiran\u00eb. T\u00eb enjten kreu i qeveris\u00eb bot\u00ebrore t\u00eb futbollit do t\u00eb zhvilloj\u00eb takime me Presidentin e Federat\u00ebs Shqiptare t\u00eb Futbollit, Armand Duk\u00ebn, por jo vet\u00ebm. Ai pritet t\u00eb shoh\u00eb nga af\u00ebr punim\u00ebt n\u00eb Sht\u00ebpin\u00eb e Futbollit dhe do vizitoj\u00eb stadiumin Air Albania. Kjo vizit\u00eb vjen me rastin [&hellip;]<\/p>\n","protected":false,"gt_translate_keys":[{"key":"rendered","format":"html"}]},"author":30,"featured_media":551912,"comment_status":"closed","ping_status":"closed","sticky":false,"template":"","format":"standard","meta":{"footnotes":""},"categories":[65,13],"tags":[],"class_list":["post-551911","post","type-post","status-publish","format-standard","has-post-thumbnail","hentry","category-lajme","category-te-fundit"],"gt_translate_keys":[{"key":"link","format":"url"}],"_links":{"self":[{"href":"https:\/\/www.hashtag.al\/index.php\/wp-json\/wp\/v2\/posts\/551911","targetHints":{"allow":["GET"]}}],"collection":[{"href":"https:\/\/www.hashtag.al\/index.php\/wp-json\/wp\/v2\/posts"}],"about":[{"href":"https:\/\/www.hashtag.al\/index.php\/wp-json\/wp\/v2\/types\/post"}],"author":[{"embeddable":true,"href":"https:\/\/www.hashtag.al\/index.php\/wp-json\/wp\/v2\/users\/30"}],"replies":[{"embeddable":true,"href":"https:\/\/www.hashtag.al\/index.php\/wp-json\/wp\/v2\/comments?post=551911"}],"version-history":[{"count":0,"href":"https:\/\/www.hashtag.al\/index.php\/wp-json\/wp\/v2\/posts\/551911\/revisions"}],"wp:featuredmedia":[{"embeddable":true,"href":"https:\/\/www.hashtag.al\/index.php\/wp-json\/wp\/v2\/media\/551912"}],"wp:attachment":[{"href":"https:\/\/www.hashtag.al\/index.php\/wp-json\/wp\/v2\/media?parent=551911"}],"wp:term":[{"taxonomy":"category","embeddable":true,"href":"https:\/\/www.hashtag.al\/index.php\/wp-json\/wp\/v2\/categories?post=551911"},{"taxonomy":"post_tag","embeddable":true,"href":"https:\/\/www.hashtag.al\/index.php\/wp-json\/wp\/v2\/tags?post=551911"}],"curies":[{"name":"wp","href":"https:\/\/api.w.org\/{rel}","templated":true}]}}