{"id":551759,"date":"2022-09-27T22:35:33","date_gmt":"2022-09-27T20:35:33","guid":{"rendered":"https:\/\/www.hashtag.al\/?p=551759"},"modified":"2022-09-27T22:35:33","modified_gmt":"2022-09-27T20:35:33","slug":"princi-i-kurores-i-arabise-saudite-emerohet-kryeminister-i-mbreterise","status":"publish","type":"post","link":"https:\/\/www.hashtag.al\/index.php\/2022\/09\/27\/princi-i-kurores-i-arabise-saudite-emerohet-kryeminister-i-mbreterise\/","title":{"rendered":"Princi i kuror\u00ebs i Arabis\u00eb Saudite em\u00ebrohet kryeminist\u00ebr i mbret\u00ebris\u00eb","gt_translate_keys":[{"key":"rendered","format":"text"}]},"content":{"rendered":"<p style=\"text-align: justify;\"><span style=\"color: #000000;\"><a href=\"https:\/\/www.hashtag.al\/wp-content\/uploads\/2022\/09\/princi.png\"><img loading=\"lazy\" decoding=\"async\" class=\"aligncenter size-full wp-image-551760\" src=\"https:\/\/www.hashtag.al\/wp-content\/uploads\/2022\/09\/princi.png\" alt=\"\" width=\"1044\" height=\"661\" srcset=\"https:\/\/www.hashtag.al\/wp-content\/uploads\/2022\/09\/princi.png 1044w, https:\/\/www.hashtag.al\/wp-content\/uploads\/2022\/09\/princi-300x190.png 300w, https:\/\/www.hashtag.al\/wp-content\/uploads\/2022\/09\/princi-1024x648.png 1024w, https:\/\/www.hashtag.al\/wp-content\/uploads\/2022\/09\/princi-768x486.png 768w\" sizes=\"auto, (max-width: 1044px) 100vw, 1044px\" \/><\/a><\/span><\/p>\n<p style=\"text-align: justify;\"><span style=\"color: #000000;\">Princi i kuror\u00ebs i Arabis\u00eb Saudite, Mohammed bin Salman, \u00ebsht\u00eb em\u00ebruar kryeminist\u00ebr i mbret\u00ebris\u00eb n\u00eb nj\u00eb riorganizim t\u00eb kabinetit t\u00eb urdh\u00ebruar nga Mbreti Salman, sipas nj\u00eb dekreti mbret\u00ebror t\u00eb publikuar nga Agjencia zyrtare e Shtypit Saudite t\u00eb mart\u00ebn.<\/span><\/p>\n<p style=\"text-align: justify;\"><span style=\"color: #000000;\">Princi Mohammed tashm\u00eb \u00ebsht\u00eb sundimtar de fakto i eksportuesit m\u00eb t\u00eb madh t\u00eb naft\u00ebs n\u00eb bot\u00eb dhe em\u00ebrimi zyrtarizon rolin e tij si udh\u00ebheq\u00ebs i qeveris\u00eb s\u00eb mbret\u00ebris\u00eb.<\/span><\/p>\n<p style=\"text-align: justify;\"><span style=\"color: #000000;\">Princi i kuror\u00ebs, i njohur me inicialet e tij MBS, ka sh\u00ebrbyer m\u00eb par\u00eb si z\u00ebvend\u00ebskryeminist\u00ebr, si dhe minist\u00ebr i mbrojtjes. Ai do t\u00eb z\u00ebvend\u00ebsohet si minist\u00ebr i mbrojtjes nga v\u00ebllai i tij m\u00eb i vog\u00ebl, Khalid bin Salman, i cili ishte z\u00ebvend\u00ebsminist\u00ebr i mbrojtjes.<\/span><\/p>\n<p style=\"text-align: justify;\"><span style=\"color: #000000;\">Dekreti mbret\u00ebror rikonfirmoi t\u00eb gjith\u00eb ministrat e tjer\u00eb t\u00eb lart\u00eb n\u00eb postet e tyre, duke p\u00ebrfshir\u00eb ministrin e Jasht\u00ebm Princin Faisal bin Farhan Al Saud, Ministrin e Financave Mohammed al-Jadaan dhe Ministrin e Investimeve Khalid al-Falih.<\/span><\/p>\n<p style=\"text-align: justify;\"><span style=\"color: #000000;\">Duke em\u00ebruar MBS si kryeminist\u00ebr, nj\u00eb rol i mbajtur m\u00eb par\u00eb \u2013 dhe zakonisht \u2013 nga mbreti, monarku 86-vje\u00e7ar vazhdon nj\u00eb transferim t\u00eb ngadalt\u00eb por t\u00eb q\u00ebndruesh\u00ebm t\u00eb pushtetit n\u00eb mbret\u00ebri.<\/span><\/p>\n<p style=\"text-align: justify;\"><span style=\"color: #000000;\">Dekreti mbret\u00ebror t\u00eb mart\u00ebn nuk deklaroi arsyet pas em\u00ebrimit, por agjencia shtet\u00ebrore e lajmeve SPA tha se mbreti \u2013 i cili mbetet kreu i shtetit \u2013 do t\u00eb vazhdoj\u00eb t\u00eb kryesoj\u00eb mbledhjet e kabinetit ku merr pjes\u00eb.<\/span><\/p>\n<p style=\"text-align: justify;\"><span style=\"color: #000000;\">N\u00eb maj, mbreti u shtrua n\u00eb spital p\u00ebr ekzaminime dhe trajtime mjek\u00ebsore, raportoi SPA n\u00eb at\u00eb koh\u00eb.<\/span><\/p>\n<p style=\"text-align: justify;\"><span style=\"color: #000000;\">Princi i kuror\u00ebs 37-vje\u00e7ar ishte tashm\u00eb n\u00eb krye t\u00eb shum\u00eb prej portofoleve kryesore t\u00eb mbret\u00ebris\u00eb, duke p\u00ebrfshir\u00eb ekonomin\u00eb, mbrojtjen, naft\u00ebn dhe sigurin\u00eb e brendshme.<\/span><\/p>\n","protected":false,"gt_translate_keys":[{"key":"rendered","format":"html"}]},"excerpt":{"rendered":"<p>Princi i kuror\u00ebs i Arabis\u00eb Saudite, Mohammed bin Salman, \u00ebsht\u00eb em\u00ebruar kryeminist\u00ebr i mbret\u00ebris\u00eb n\u00eb nj\u00eb riorganizim t\u00eb kabinetit t\u00eb urdh\u00ebruar nga Mbreti Salman, sipas nj\u00eb dekreti mbret\u00ebror t\u00eb publikuar nga Agjencia zyrtare e Shtypit Saudite t\u00eb mart\u00ebn. Princi Mohammed tashm\u00eb \u00ebsht\u00eb sundimtar de fakto i eksportuesit m\u00eb t\u00eb madh t\u00eb naft\u00ebs n\u00eb bot\u00eb dhe [&hellip;]<\/p>\n","protected":false,"gt_translate_keys":[{"key":"rendered","format":"html"}]},"author":32,"featured_media":551760,"comment_status":"closed","ping_status":"closed","sticky":false,"template":"","format":"standard","meta":{"footnotes":""},"categories":[6,13],"tags":[],"class_list":["post-551759","post","type-post","status-publish","format-standard","has-post-thumbnail","hentry","category-nderkombetare","category-te-fundit"],"gt_translate_keys":[{"key":"link","format":"url"}],"_links":{"self":[{"href":"https:\/\/www.hashtag.al\/index.php\/wp-json\/wp\/v2\/posts\/551759","targetHints":{"allow":["GET"]}}],"collection":[{"href":"https:\/\/www.hashtag.al\/index.php\/wp-json\/wp\/v2\/posts"}],"about":[{"href":"https:\/\/www.hashtag.al\/index.php\/wp-json\/wp\/v2\/types\/post"}],"author":[{"embeddable":true,"href":"https:\/\/www.hashtag.al\/index.php\/wp-json\/wp\/v2\/users\/32"}],"replies":[{"embeddable":true,"href":"https:\/\/www.hashtag.al\/index.php\/wp-json\/wp\/v2\/comments?post=551759"}],"version-history":[{"count":0,"href":"https:\/\/www.hashtag.al\/index.php\/wp-json\/wp\/v2\/posts\/551759\/revisions"}],"wp:featuredmedia":[{"embeddable":true,"href":"https:\/\/www.hashtag.al\/index.php\/wp-json\/wp\/v2\/media\/551760"}],"wp:attachment":[{"href":"https:\/\/www.hashtag.al\/index.php\/wp-json\/wp\/v2\/media?parent=551759"}],"wp:term":[{"taxonomy":"category","embeddable":true,"href":"https:\/\/www.hashtag.al\/index.php\/wp-json\/wp\/v2\/categories?post=551759"},{"taxonomy":"post_tag","embeddable":true,"href":"https:\/\/www.hashtag.al\/index.php\/wp-json\/wp\/v2\/tags?post=551759"}],"curies":[{"name":"wp","href":"https:\/\/api.w.org\/{rel}","templated":true}]}}