{"id":551756,"date":"2022-09-27T22:14:19","date_gmt":"2022-09-27T20:14:19","guid":{"rendered":"https:\/\/www.hashtag.al\/?p=551756"},"modified":"2022-09-27T22:14:19","modified_gmt":"2022-09-27T20:14:19","slug":"u-plagos-ne-puke-44-vjecari-nga-lezha-nderron-jete-ne-spital","status":"publish","type":"post","link":"https:\/\/www.hashtag.al\/index.php\/2022\/09\/27\/u-plagos-ne-puke-44-vjecari-nga-lezha-nderron-jete-ne-spital\/","title":{"rendered":"U plagos n\u00eb Puk\u00eb, 44-vje\u00e7ari nga Lezha nd\u00ebrron jet\u00eb n\u00eb spital","gt_translate_keys":[{"key":"rendered","format":"text"}]},"content":{"rendered":"<p style=\"text-align: justify;\"><span style=\"color: #000000;\"><a href=\"https:\/\/www.hashtag.al\/wp-content\/uploads\/2022\/09\/ambulance-policia-naten.jpg\"><img loading=\"lazy\" decoding=\"async\" class=\"aligncenter size-full wp-image-551757\" src=\"https:\/\/www.hashtag.al\/wp-content\/uploads\/2022\/09\/ambulance-policia-naten.jpg\" alt=\"\" width=\"740\" height=\"398\" srcset=\"https:\/\/www.hashtag.al\/wp-content\/uploads\/2022\/09\/ambulance-policia-naten.jpg 740w, https:\/\/www.hashtag.al\/wp-content\/uploads\/2022\/09\/ambulance-policia-naten-300x161.jpg 300w\" sizes=\"auto, (max-width: 740px) 100vw, 740px\" \/><\/a><\/span><\/p>\n<p style=\"text-align: justify;\"><span style=\"color: #000000;\">T\u00eb sht\u00ebnat me arm\u00eb zjarri n\u00eb Puk\u00eb kan\u00eb p\u00ebrfunduar me vdekjen e nj\u00eb personi.<\/span><\/p>\n<p style=\"text-align: justify;\"><span style=\"color: #000000;\">44-vje\u00e7ari Pjet\u00ebr Kola fillimisht shkoi p\u00ebr ndihm\u00eb mjek\u00ebsore i plagosur n\u00eb qendr\u00ebn sh\u00ebndet\u00ebsore t\u00eb Vaut t\u00eb Dej\u00ebs rreth or\u00ebs 18:00 dhe u d\u00ebrgua m\u00eb pas n\u00eb Spitalin e Shkodr\u00ebs.<\/span><\/p>\n<p style=\"text-align: justify;\"><span style=\"color: #000000;\">Kola nuk ka mundur t\u2019i mbijetoj\u00eb plag\u00ebve t\u00eb shkaktuara nga arma e zjarrit.<\/span><\/p>\n<p style=\"text-align: justify;\"><span style=\"color: #000000;\">Ngjarja ka ndodhur n\u00eb fshatin Qaf\u00eb \u00c7el\u00eb t\u00eb Puk\u00ebs nd\u00ebrsa policia nuk ka ende nj\u00eb version t\u00eb qart\u00eb se n\u00eb \u00e7far\u00eb rrethanash \u00ebsht\u00eb plagosur Pjet\u00ebr Kola.<\/span><\/p>\n<p style=\"text-align: justify;\"><span style=\"color: #000000;\"><em>&#8220;Rreth or\u00ebs 18:00, n\u00eb qendr\u00ebn sh\u00ebndet\u00ebsore t\u00eb Vaut t\u00eb Dej\u00ebs \u00ebsht\u00eb paraqitur p\u00ebr ndihm\u00eb mjek\u00ebsore, shtetasi P. K., 44 vje\u00e7, \u00a0nga Lezha, \u00a0i plagosur me arm\u00eb zjarri, n\u00eb rrethana ende t\u00eb paqarta, ne fshatin Qaf\u00eb \u00c7el\u00eb, Puk\u00eb.\u00a0 Ky shtetas \u00ebsht\u00eb transportuar n\u00eb Spitalin Rajonal Shkod\u00ebr, p\u00ebr ndihm\u00eb mjek\u00ebsore m\u00eb t\u00eb specializuar, i cili nd\u00ebrroi jet\u00eb n\u00eb spitalin e Shkodr\u00ebs. \u00cbsht\u00eb ngritur menj\u00ebher\u00eb grupi hetimor dhe n\u00ebn drejtimin e Prokuroris\u00eb pran\u00eb Gjykat\u00ebs s\u00eb Rrethit Gjyq\u00ebsor Shkod\u00ebr vijon puna p\u00ebr zbardhjen e rrethanave t\u00eb ngjarjes, identifikimin dhe kapjen e autorit\/ve&#8221;, njofton policia.\u00a0<\/em><\/span><\/p>\n","protected":false,"gt_translate_keys":[{"key":"rendered","format":"html"}]},"excerpt":{"rendered":"<p>T\u00eb sht\u00ebnat me arm\u00eb zjarri n\u00eb Puk\u00eb kan\u00eb p\u00ebrfunduar me vdekjen e nj\u00eb personi. 44-vje\u00e7ari Pjet\u00ebr Kola fillimisht shkoi p\u00ebr ndihm\u00eb mjek\u00ebsore i plagosur n\u00eb qendr\u00ebn sh\u00ebndet\u00ebsore t\u00eb Vaut t\u00eb Dej\u00ebs rreth or\u00ebs 18:00 dhe u d\u00ebrgua m\u00eb pas n\u00eb Spitalin e Shkodr\u00ebs. Kola nuk ka mundur t\u2019i mbijetoj\u00eb plag\u00ebve t\u00eb shkaktuara nga arma e [&hellip;]<\/p>\n","protected":false,"gt_translate_keys":[{"key":"rendered","format":"html"}]},"author":32,"featured_media":551757,"comment_status":"closed","ping_status":"closed","sticky":false,"template":"","format":"standard","meta":{"footnotes":""},"categories":[65,13],"tags":[],"class_list":["post-551756","post","type-post","status-publish","format-standard","has-post-thumbnail","hentry","category-lajme","category-te-fundit"],"gt_translate_keys":[{"key":"link","format":"url"}],"_links":{"self":[{"href":"https:\/\/www.hashtag.al\/index.php\/wp-json\/wp\/v2\/posts\/551756","targetHints":{"allow":["GET"]}}],"collection":[{"href":"https:\/\/www.hashtag.al\/index.php\/wp-json\/wp\/v2\/posts"}],"about":[{"href":"https:\/\/www.hashtag.al\/index.php\/wp-json\/wp\/v2\/types\/post"}],"author":[{"embeddable":true,"href":"https:\/\/www.hashtag.al\/index.php\/wp-json\/wp\/v2\/users\/32"}],"replies":[{"embeddable":true,"href":"https:\/\/www.hashtag.al\/index.php\/wp-json\/wp\/v2\/comments?post=551756"}],"version-history":[{"count":0,"href":"https:\/\/www.hashtag.al\/index.php\/wp-json\/wp\/v2\/posts\/551756\/revisions"}],"wp:featuredmedia":[{"embeddable":true,"href":"https:\/\/www.hashtag.al\/index.php\/wp-json\/wp\/v2\/media\/551757"}],"wp:attachment":[{"href":"https:\/\/www.hashtag.al\/index.php\/wp-json\/wp\/v2\/media?parent=551756"}],"wp:term":[{"taxonomy":"category","embeddable":true,"href":"https:\/\/www.hashtag.al\/index.php\/wp-json\/wp\/v2\/categories?post=551756"},{"taxonomy":"post_tag","embeddable":true,"href":"https:\/\/www.hashtag.al\/index.php\/wp-json\/wp\/v2\/tags?post=551756"}],"curies":[{"name":"wp","href":"https:\/\/api.w.org\/{rel}","templated":true}]}}