{"id":551752,"date":"2022-09-27T22:06:48","date_gmt":"2022-09-27T20:06:48","guid":{"rendered":"https:\/\/www.hashtag.al\/?p=551752"},"modified":"2022-09-27T22:06:48","modified_gmt":"2022-09-27T20:06:48","slug":"rrjedhjet-e-gazsjellesit-nord-stream-danimarke-ngre-dyshime-per-akte-sabotazhi","status":"publish","type":"post","link":"https:\/\/www.hashtag.al\/index.php\/2022\/09\/27\/rrjedhjet-e-gazsjellesit-nord-stream-danimarke-ngre-dyshime-per-akte-sabotazhi\/","title":{"rendered":"Rrjedhjet e gazsjell\u00ebsit Nord Stream, Danimarke ngre dyshime p\u00ebr &#8220;akte sabotazhi&#8221;","gt_translate_keys":[{"key":"rendered","format":"text"}]},"content":{"rendered":"<p><span style=\"color: #000000;\"><a style=\"color: #000000;\" href=\"https:\/\/www.hashtag.al\/wp-content\/uploads\/2022\/09\/rrjedhja-e-gazit.png\"><img loading=\"lazy\" decoding=\"async\" class=\"aligncenter size-full wp-image-551753\" src=\"https:\/\/www.hashtag.al\/wp-content\/uploads\/2022\/09\/rrjedhja-e-gazit.png\" alt=\"\" width=\"1066\" height=\"644\" srcset=\"https:\/\/www.hashtag.al\/wp-content\/uploads\/2022\/09\/rrjedhja-e-gazit.png 1066w, https:\/\/www.hashtag.al\/wp-content\/uploads\/2022\/09\/rrjedhja-e-gazit-300x181.png 300w, https:\/\/www.hashtag.al\/wp-content\/uploads\/2022\/09\/rrjedhja-e-gazit-1024x619.png 1024w, https:\/\/www.hashtag.al\/wp-content\/uploads\/2022\/09\/rrjedhja-e-gazit-768x464.png 768w\" sizes=\"auto, (max-width: 1066px) 100vw, 1066px\" \/><\/a><\/span><\/p>\n<p><span style=\"color: #000000;\">Kryeministri danez tha se nj\u00eb vler\u00ebsim nga autoritetet tregoi se rrjedhjet nga tubacioni \u201cNord Stream 2\u201d do t\u00eb zgjasin &#8220;t\u00eb pakt\u00ebn nj\u00eb jav\u00eb&#8221;.<\/span><\/p>\n<p><span style=\"color: #000000;\">Kryeministrja daneze Mette Frederiksen tha t\u00eb mart\u00ebn se rrjedhjet n\u00eb tubacionet Nord Stream ishin &#8220;t\u00eb q\u00ebllimshme&#8221; dhe jo t\u00eb rast\u00ebsishme n\u00eb natyr\u00eb.<\/span><\/p>\n<p><span style=\"color: #000000;\">Zyrtar\u00ebt danez\u00eb dhe suedez\u00eb than\u00eb t\u00eb mart\u00ebn se dy rrjedhje ishin identifikuar n\u00eb tubacionin e gazit Nord Stream 1 Rusi-Evrop\u00eb n\u00eb Detin Baltik.<\/span><\/p>\n<p><span style=\"color: #000000;\">Lajmi erdhi vet\u00ebm disa or\u00eb pas nj\u00eb zhvillimi t\u00eb ngjash\u00ebm n\u00eb gazsjell\u00ebsin e tij binjak, Nord Stream 2.<\/span><\/p>\n<p><span style=\"color: #000000;\">T\u00eb dy tubacionet jan\u00eb b\u00ebr\u00eb pika ndezjeje n\u00eb luft\u00ebn e p\u00ebrshkall\u00ebzuar t\u00eb energjis\u00eb q\u00eb ka b\u00ebr\u00eb q\u00eb \u00e7mimet e gazit t\u00eb rriten q\u00eb nga pushtimi rus i Ukrain\u00ebs.<\/span><\/p>\n<p><span style=\"color: #000000;\"><strong>\u00c7far\u00eb dihet deri tani?<\/strong><\/span><\/p>\n<p><span style=\"color: #000000;\">Zyrtar\u00ebt than\u00eb se nj\u00eb r\u00ebnie presioni u zbulua n\u00eb tubacionin e gazit n\u00ebnujor Nord Stream 1 menj\u00ebher\u00eb pasi u zbulua nj\u00eb r\u00ebnie e ngjashme n\u00eb tubacionin simot\u00ebr t\u00eb tij, Nord Stream 2.<\/span><\/p>\n<p><span style=\"color: #000000;\">T\u00eb dy linjat e Nord Stream 1 jan\u00eb prekur, nd\u00ebrsa nj\u00eb nga tubacionet e Nord Stream 2 tregoi nj\u00eb r\u00ebnie t\u00eb presionit.<\/span><\/p>\n<p><span style=\"color: #000000;\">Autoritetet detare identifikuan nj\u00eb rrjedhje gazi n\u00eb juglindje t\u00eb ishullit danez t\u00eb Bornholm si shkaktarin e mundsh\u00ebm t\u00eb problemit q\u00eb prek Nord Stream 2. Zyrtar\u00ebt danez\u00eb paralajm\u00ebruan p\u00ebr nj\u00eb k\u00ebrc\u00ebnim p\u00ebr transportin n\u00eb zon\u00eb dhe u k\u00ebrkuan anijeve t\u00eb largoheshin.<\/span><\/p>\n<p><span style=\"color: #000000;\">Autoritetet suedeze than\u00eb t\u00eb mart\u00ebn se kishte dy rrjedhje n\u00eb Nord Stream 1 \u2013 nj\u00eb n\u00eb zon\u00ebn ekonomike detare daneze dhe tjetra n\u00eb at\u00eb suedeze. Dy rrjedhjet u raportuan se ishin shum\u00eb af\u00ebr nj\u00ebra-tjetr\u00ebs.<\/span><\/p>\n<p><span style=\"color: #000000;\">Ministria gjermane e ekonomis\u00eb tha se po hetonte incidentin.<\/span><\/p>\n<p><span style=\"color: #000000;\">&#8220;Aktualisht nuk e dim\u00eb arsyen e r\u00ebnies s\u00eb presionit,&#8221; tha ministria<\/span><\/p>\n<div style=\"width: 640px;\" class=\"wp-video\"><video class=\"wp-video-shortcode\" id=\"video-551752-1\" width=\"640\" height=\"360\" preload=\"metadata\" controls=\"controls\"><source type=\"video\/mp4\" src=\"https:\/\/www.hashtag.al\/wp-content\/uploads\/2022\/09\/xW33WBDseL0dGFky.mp4?_=1\" \/><a href=\"https:\/\/www.hashtag.al\/wp-content\/uploads\/2022\/09\/xW33WBDseL0dGFky.mp4\">https:\/\/www.hashtag.al\/wp-content\/uploads\/2022\/09\/xW33WBDseL0dGFky.mp4<\/a><\/video><\/div>\n<p><span style=\"color: #000000;\"><strong>Shp\u00ebrthimet e regjistruara nga sizmolog\u00ebt suedez\u00eb<\/strong><\/span><\/p>\n<p><span style=\"color: #000000;\">Sizmolog\u00ebt nga Qendra Komb\u00ebtare e Sizmologjis\u00eb s\u00eb Suedis\u00eb (SNSN) i than\u00eb transmetuesit publik SVT se shp\u00ebrthime t\u00eb fuqishme ishin regjistruar n\u00eb zonat e rrjedhjeve t\u00eb gazit t\u00eb h\u00ebn\u00ebn.<\/span><\/p>\n<p><span style=\"color: #000000;\">&#8220;<em>Nuk ka dyshim se k\u00ebto ishin shp\u00ebrthime<\/em>,&#8221; tha sizmologu i SNSN Bjorn Lund p\u00ebr SVT.<\/span><\/p>\n<p><span style=\"color: #000000;\">Nd\u00ebrkoh\u00eb, forcat e armatosura t\u00eb Danimark\u00ebs publikuan pamjet q\u00eb tregojn\u00eb flluska n\u00eb sip\u00ebrfaqen e Detit Baltik mbi tubacionet Nordstream 1 dhe 2 dhe raportuan se rrjedhjet m\u00eb t\u00eb m\u00ebdha kishin shkaktuar shqet\u00ebsime sip\u00ebrfaq\u00ebsore prej rreth 1 kilomet\u00ebr (0.62 milje) n\u00eb diamet\u00ebr.<\/span><\/p>\n<p><span style=\"color: #000000;\"><strong>\u00c7far\u00eb r\u00ebnd\u00ebsie ka?<\/strong><\/span><\/p>\n<p><span style=\"color: #000000;\">T\u00eb dy tubacionet u nd\u00ebrtuan p\u00ebr t\u00eb transportuar gaz natyror nga Rusia n\u00eb Evrop\u00eb, megjith\u00ebse tubacioni Nord Stream 2 nuk u aktivizua kurr\u00eb.<\/span><\/p>\n<p><span style=\"color: #000000;\">Zyrtar\u00ebt gjerman\u00eb nuk kan\u00eb dh\u00ebn\u00eb ende asnj\u00eb informacion p\u00ebr shkakun e mundsh\u00ebm t\u00eb d\u00ebmit. Megjithat\u00eb, gazeta Tagesspiegel e Berlinit citoi qarqet gjermane t\u00eb siguris\u00eb duke th\u00ebn\u00eb se dyshohej fuqish\u00ebm p\u00ebr sabotim. &#8220;Imagjinata jon\u00eb nuk lejon m\u00eb nj\u00eb skenar n\u00eb t\u00eb cilin ky nuk \u00ebsht\u00eb nj\u00eb sulm i synuar,&#8221; citoi gazeta t\u00eb thoshte burimi i saj.<\/span><\/p>\n<p><span style=\"color: #000000;\">Policia suedeze nisi nj\u00eb hetim paraprak p\u00ebr sabotim t\u00eb mundsh\u00ebm, tha nj\u00eb z\u00ebdh\u00ebn\u00ebs i policis\u00eb komb\u00ebtare.<\/span><\/p>\n<p><span style=\"color: #000000;\">Kryeministri i Danimark\u00ebs Frederiksen tha se ishte &#8220;e v\u00ebshtir\u00eb t\u00eb imagjinohej&#8221; q\u00eb rrjedhjet ishin &#8220;aksidentale&#8221;.<\/span><\/p>\n<p><span style=\"color: #000000;\">Duke folur p\u00ebr mediat daneze gjat\u00eb nj\u00eb vizite n\u00eb Poloni, Frederiksen tha: &#8220;\u00cbsht\u00eb nj\u00eb situat\u00eb e pazakont\u00eb, t\u00eb kesh tre rrjedhje n\u00eb distanc\u00eb nga nj\u00ebra-tjetra. Kjo \u00ebsht\u00eb arsyeja pse \u00ebsht\u00eb e v\u00ebshtir\u00eb t\u00eb imagjinohet se \u00ebsht\u00eb aksidentale.&#8221;<\/span><\/p>\n<p><span style=\"color: #000000;\">Ukraina faj\u00ebsoi Mosk\u00ebn p\u00ebr rrjedhjet.<\/span><\/p>\n<p><span style=\"color: #000000;\">&#8220;Rrjedhja e gazit&#8221; n\u00eb shkall\u00eb t\u00eb gjer\u00eb nga Nord Stream 1 nuk \u00ebsht\u00eb gj\u00eb tjet\u00ebr ve\u00e7se nj\u00eb sulm terrorist i planifikuar nga Rusia dhe nj\u00eb akt agresioni ndaj BE-s\u00eb,&#8221; shkroi n\u00eb Twitter k\u00ebshilltari presidencial i Kievit, Mikhaylo Podolyak.<\/span><\/p>\n<p><span style=\"color: #000000;\">Ai akuzoi Rusin\u00eb se k\u00ebrkon t\u00eb &#8220;destabilizoj\u00eb situat\u00ebn ekonomike n\u00eb Evrop\u00eb dhe t\u00eb shkaktoj\u00eb panik para dimrit&#8221;.<\/span><\/p>\n<p><span style=\"color: #000000;\">Nga ana tjet\u00ebr z\u00ebdh\u00ebn\u00ebsi i Kremlinit, Dmitry Peskov tha se Rusia ishte &#8220;jasht\u00ebzakonisht e shqet\u00ebsuar&#8221; nga raportet e d\u00ebmeve dhe se asnj\u00eb opsion, p\u00ebrfshir\u00eb sabotimin, nuk mund t\u00eb p\u00ebrjashtohet p\u00ebr momentin.<\/span><\/p>\n<p><span style=\"color: #000000;\">&#8220;Natyrisht, ka nj\u00eb shkat\u00ebrrim t\u00eb tubacionit. Dhe cila \u00ebsht\u00eb arsyeja, nuk ka asnj\u00eb opsion q\u00eb mund t\u00eb p\u00ebrjashtohet derisa t\u00eb dalin rezultatet e hetimit,&#8221; u citua t\u00eb ket\u00eb th\u00ebn\u00eb Peskov nga agjencia shtet\u00ebrore e lajmeve Interfax. &#8220;Kjo \u00ebsht\u00eb nj\u00eb situat\u00eb absolutisht e paprecedent\u00eb q\u00eb duhet t\u00eb zgjidhet shpejt.&#8221;<\/span><\/p>\n<p><span style=\"color: #000000;\">Nd\u00ebrsa asnj\u00eb tubacion nuk ka ofruar furnizime n\u00eb Evrop\u00eb, t\u00eb dy jan\u00eb ende t\u00eb mbushur me gaz.<\/span><\/p>\n<p><span style=\"color: #000000;\"><strong>Pse nuk p\u00ebrcillet gaz nga Rusia?<\/strong><\/span><\/p>\n<p><span style=\"color: #000000;\">Nord Stream 1 transportonte gaz n\u00eb Gjermani deri n\u00eb fillim t\u00eb k\u00ebtij muaji, por gjigandi rus i energjis\u00eb Gazprom nd\u00ebrpreu furnizimin, duke pretenduar se kishte nevoj\u00eb p\u00ebr pun\u00eb urgjente mir\u00ebmbajtjeje p\u00ebr t\u00eb riparuar komponent\u00ebt kryesor\u00eb.<\/span><\/p>\n<p><span style=\"color: #000000;\">Zyrtar\u00ebt gjerman\u00eb kan\u00eb kund\u00ebrshtuar shpjegimin e Gazprom-it shtet\u00ebror p\u00ebr problemet teknike, duke th\u00ebn\u00eb se ndalimi \u00ebsht\u00eb thjesht nj\u00eb loj\u00eb pushteti n\u00eb p\u00ebrgjigje t\u00eb sanksioneve per\u00ebndimore.<\/span><\/p>\n<p><span style=\"color: #000000;\">Gazprom filloi t\u00eb shkurtoj\u00eb furnizimet p\u00ebrmes Nord Stream 1 n\u00eb mes t\u00eb qershorit, duke faj\u00ebsuar nj\u00eb vones\u00eb n\u00eb dor\u00ebzimin e nj\u00eb turbine q\u00eb ishte d\u00ebrguar n\u00eb Kanada p\u00ebr riparim.<\/span><\/p>\n<p><span style=\"color: #000000;\">Gazsjell\u00ebsi m\u00eb i ri Nord Stream 2 ishte plot\u00ebsisht i p\u00ebrfunduar kur kancelari gjerman Olaf Scholz pezulloi certifikimin e tij, dy dit\u00eb p\u00ebrpara se Rusia t\u00eb pushtonte Ukrain\u00ebn.<\/span><\/p>\n<p><span style=\"color: #000000;\">Gjermania ka qen\u00eb prej koh\u00ebsh shum\u00eb e varur nga importet e l\u00ebnd\u00ebve djeg\u00ebse fosile nga Rusia p\u00ebr t\u00eb plot\u00ebsuar nevojat e saj p\u00ebr energji, por \u00ebsht\u00eb detyruar t\u00eb k\u00ebrkoj\u00eb burime t\u00eb reja q\u00eb nga fillimi i luft\u00ebs n\u00eb Ukrain\u00eb.<\/span><\/p>\n","protected":false,"gt_translate_keys":[{"key":"rendered","format":"html"}]},"excerpt":{"rendered":"<p>Kryeministri danez tha se nj\u00eb vler\u00ebsim nga autoritetet tregoi se rrjedhjet nga tubacioni \u201cNord Stream 2\u201d do t\u00eb zgjasin &#8220;t\u00eb pakt\u00ebn nj\u00eb jav\u00eb&#8221;. Kryeministrja daneze Mette Frederiksen tha t\u00eb mart\u00ebn se rrjedhjet n\u00eb tubacionet Nord Stream ishin &#8220;t\u00eb q\u00ebllimshme&#8221; dhe jo t\u00eb rast\u00ebsishme n\u00eb natyr\u00eb. Zyrtar\u00ebt danez\u00eb dhe suedez\u00eb than\u00eb t\u00eb mart\u00ebn se dy rrjedhje [&hellip;]<\/p>\n","protected":false,"gt_translate_keys":[{"key":"rendered","format":"html"}]},"author":32,"featured_media":551753,"comment_status":"closed","ping_status":"closed","sticky":false,"template":"","format":"standard","meta":{"footnotes":""},"categories":[6,13],"tags":[],"class_list":["post-551752","post","type-post","status-publish","format-standard","has-post-thumbnail","hentry","category-nderkombetare","category-te-fundit"],"gt_translate_keys":[{"key":"link","format":"url"}],"_links":{"self":[{"href":"https:\/\/www.hashtag.al\/index.php\/wp-json\/wp\/v2\/posts\/551752","targetHints":{"allow":["GET"]}}],"collection":[{"href":"https:\/\/www.hashtag.al\/index.php\/wp-json\/wp\/v2\/posts"}],"about":[{"href":"https:\/\/www.hashtag.al\/index.php\/wp-json\/wp\/v2\/types\/post"}],"author":[{"embeddable":true,"href":"https:\/\/www.hashtag.al\/index.php\/wp-json\/wp\/v2\/users\/32"}],"replies":[{"embeddable":true,"href":"https:\/\/www.hashtag.al\/index.php\/wp-json\/wp\/v2\/comments?post=551752"}],"version-history":[{"count":0,"href":"https:\/\/www.hashtag.al\/index.php\/wp-json\/wp\/v2\/posts\/551752\/revisions"}],"wp:featuredmedia":[{"embeddable":true,"href":"https:\/\/www.hashtag.al\/index.php\/wp-json\/wp\/v2\/media\/551753"}],"wp:attachment":[{"href":"https:\/\/www.hashtag.al\/index.php\/wp-json\/wp\/v2\/media?parent=551752"}],"wp:term":[{"taxonomy":"category","embeddable":true,"href":"https:\/\/www.hashtag.al\/index.php\/wp-json\/wp\/v2\/categories?post=551752"},{"taxonomy":"post_tag","embeddable":true,"href":"https:\/\/www.hashtag.al\/index.php\/wp-json\/wp\/v2\/tags?post=551752"}],"curies":[{"name":"wp","href":"https:\/\/api.w.org\/{rel}","templated":true}]}}