{"id":551712,"date":"2022-09-27T17:42:03","date_gmt":"2022-09-27T15:42:03","guid":{"rendered":"https:\/\/www.hashtag.al\/?p=551712"},"modified":"2022-09-27T17:44:16","modified_gmt":"2022-09-27T15:44:16","slug":"berisha-sqaron-pse-u-ul-ne-krahun-e-socialisteve-ne-kuvend-doja-tju-tregoja-se-ne-jemi-zeri-juaj-i-vertete","status":"publish","type":"post","link":"https:\/\/www.hashtag.al\/index.php\/2022\/09\/27\/berisha-sqaron-pse-u-ul-ne-krahun-e-socialisteve-ne-kuvend-doja-tju-tregoja-se-ne-jemi-zeri-juaj-i-vertete\/","title":{"rendered":"Berisha sqaron pse u ul n\u00eb krahun e socialist\u00ebve n\u00eb Kuvend: Doja t&#8217;ju tregoja se ne jemi z\u00ebri juaj i v\u00ebrtet\u00eb","gt_translate_keys":[{"key":"rendered","format":"text"}]},"content":{"rendered":"<p><span style=\"color: #000000;\"><a style=\"color: #000000;\" href=\"https:\/\/www.hashtag.al\/wp-content\/uploads\/2022\/09\/Sb.png\"><img loading=\"lazy\" decoding=\"async\" class=\"aligncenter size-full wp-image-551713\" src=\"https:\/\/www.hashtag.al\/wp-content\/uploads\/2022\/09\/Sb.png\" alt=\"\" width=\"1200\" height=\"630\" srcset=\"https:\/\/www.hashtag.al\/wp-content\/uploads\/2022\/09\/Sb.png 1200w, https:\/\/www.hashtag.al\/wp-content\/uploads\/2022\/09\/Sb-300x158.png 300w, https:\/\/www.hashtag.al\/wp-content\/uploads\/2022\/09\/Sb-1024x538.png 1024w, https:\/\/www.hashtag.al\/wp-content\/uploads\/2022\/09\/Sb-768x403.png 768w\" sizes=\"auto, (max-width: 1200px) 100vw, 1200px\" \/><\/a><\/span><\/p>\n<p><span style=\"color: #000000;\">N\u00eb takim e sot\u00ebm n\u00eb Gramsh, kryetari i Partis\u00eb Demokratike Sali Berisha sqaroi gjestin e tij t\u00eb seanc\u00ebs s\u00eb kaluar parlamentare, ku u ul nj\u00eb karrige n\u00eb krahun e socialist\u00ebve. Nj\u00eb veprim q\u00eb shkaktoi t\u00eb qeshura n\u00eb sall\u00eb nga an\u00ebtar\u00ebt e maxhoranc\u00ebs.<\/span><\/p>\n<p><span style=\"color: #000000;\">Berisha u shpreh se e kishte e b\u00ebr\u00eb q\u00ebllimisht k\u00ebt\u00eb, p\u00ebr t\u2019ju treguar qytetar\u00ebve socialist\u00eb se z\u00ebrin e tyre t\u00eb v\u00ebrtet\u00eb e p\u00ebrfaq\u00ebson opozita.<\/span><\/p>\n<p><span style=\"color: #000000;\"><em>\u201cZhvillimet n\u00eb fush\u00ebn e bujq\u00ebsis\u00eb n\u00eb k\u00ebto vite jan\u00eb dramatike. Ka nj\u00eb pak\u00ebsim nga viti 2018 deri m\u00eb sot t\u00eb krer\u00ebve t\u00eb gjedh\u00ebve dhe blegtoris\u00eb, t\u00eb jasht\u00ebzakonsh\u00ebm.<\/em><\/span><\/p>\n<p><span style=\"color: #000000;\"><em>Sot v\u00ebrshojn\u00eb mbi tregun ton\u00eb, prodhimet serbe, qum\u00ebshti pluhur nga Serbia, n\u00eb nj\u00eb koh\u00eb q\u00eb t\u00eb gjitha ato prodhoheshin n\u00eb vend. N\u00eb vitet 2012-2013 ne u b\u00ebm\u00eb eksportues qum\u00ebshti, p\u00ebr her\u00eb t\u00eb par\u00eb n\u00eb historin\u00eb ton\u00eb.<\/em><\/span><\/p>\n<p><span style=\"color: #000000;\"><em>Qeveria nuk ka lidhje me qytetar\u00ebt, ndaj dhe nj\u00eb dit\u00eb n\u00eb parlament jo rast\u00ebsisht, jo pa q\u00ebllim u ula n\u00eb krahun e deputet\u00ebve socialist\u00eb.<\/em><\/span><\/p>\n<p><span style=\"color: #000000;\"><em>Dhe ua thash\u00eb n\u00eb platform\u00eb, u ula k\u00ebtu p\u00ebr t&#8217;u th\u00ebn\u00eb socialist\u00ebve se z\u00ebrin e v\u00ebrtet\u00eb tuajin e p\u00ebrfaq\u00ebsojm\u00eb ne, q\u00eb trajtojm\u00eb problemet e m\u00ebdha t\u00eb qytetar\u00ebve shqiptar\u00eb.<\/em><\/span><\/p>\n<p><span style=\"color: #000000;\"><em>Tani t\u00eb ju b\u00ebj nj\u00eb pyetje ju; \u00e7far\u00eb zgjidhi Gjiknuri n\u00eb k\u00ebt\u00eb rreth? Vodhi votat dhe ja mbathi. Kjo \u00ebsht\u00eb e v\u00ebrteta. Por kjo nuk \u00ebsht\u00eb vet\u00ebm n\u00eb Gramsh.<\/em><\/span><\/p>\n<p><span style=\"color: #000000;\"><em>Po t\u00eb d\u00ebgjoni ata, Edi Ram\u00ebn, p\u00ebrve\u00e7 vrerit q\u00eb vjell ndaj opozit\u00ebs dhe kund\u00ebrshtar\u00ebve politik\u00eb, avokatis\u00eb q\u00eb i b\u00ebn Vu\u00e7i\u00e7it ju nuk e d\u00ebgjoni at\u00eb ndonj\u00ebher\u00eb t\u00eb flas\u00eb p\u00ebr nj\u00eb rreth, qytetar\u00ebt, apo problematikat e tyre.\u201d<\/em>&#8211; tha Berisha.<\/span><\/p>\n","protected":false,"gt_translate_keys":[{"key":"rendered","format":"html"}]},"excerpt":{"rendered":"<p>N\u00eb takim e sot\u00ebm n\u00eb Gramsh, kryetari i Partis\u00eb Demokratike Sali Berisha sqaroi gjestin e tij t\u00eb seanc\u00ebs s\u00eb kaluar parlamentare, ku u ul nj\u00eb karrige n\u00eb krahun e socialist\u00ebve. Nj\u00eb veprim q\u00eb shkaktoi t\u00eb qeshura n\u00eb sall\u00eb nga an\u00ebtar\u00ebt e maxhoranc\u00ebs. Berisha u shpreh se e kishte e b\u00ebr\u00eb q\u00ebllimisht k\u00ebt\u00eb, p\u00ebr t\u2019ju treguar [&hellip;]<\/p>\n","protected":false,"gt_translate_keys":[{"key":"rendered","format":"html"}]},"author":30,"featured_media":551713,"comment_status":"closed","ping_status":"closed","sticky":false,"template":"","format":"standard","meta":{"footnotes":""},"categories":[65,13],"tags":[],"class_list":["post-551712","post","type-post","status-publish","format-standard","has-post-thumbnail","hentry","category-lajme","category-te-fundit"],"gt_translate_keys":[{"key":"link","format":"url"}],"_links":{"self":[{"href":"https:\/\/www.hashtag.al\/index.php\/wp-json\/wp\/v2\/posts\/551712","targetHints":{"allow":["GET"]}}],"collection":[{"href":"https:\/\/www.hashtag.al\/index.php\/wp-json\/wp\/v2\/posts"}],"about":[{"href":"https:\/\/www.hashtag.al\/index.php\/wp-json\/wp\/v2\/types\/post"}],"author":[{"embeddable":true,"href":"https:\/\/www.hashtag.al\/index.php\/wp-json\/wp\/v2\/users\/30"}],"replies":[{"embeddable":true,"href":"https:\/\/www.hashtag.al\/index.php\/wp-json\/wp\/v2\/comments?post=551712"}],"version-history":[{"count":0,"href":"https:\/\/www.hashtag.al\/index.php\/wp-json\/wp\/v2\/posts\/551712\/revisions"}],"wp:featuredmedia":[{"embeddable":true,"href":"https:\/\/www.hashtag.al\/index.php\/wp-json\/wp\/v2\/media\/551713"}],"wp:attachment":[{"href":"https:\/\/www.hashtag.al\/index.php\/wp-json\/wp\/v2\/media?parent=551712"}],"wp:term":[{"taxonomy":"category","embeddable":true,"href":"https:\/\/www.hashtag.al\/index.php\/wp-json\/wp\/v2\/categories?post=551712"},{"taxonomy":"post_tag","embeddable":true,"href":"https:\/\/www.hashtag.al\/index.php\/wp-json\/wp\/v2\/tags?post=551712"}],"curies":[{"name":"wp","href":"https:\/\/api.w.org\/{rel}","templated":true}]}}