{"id":551709,"date":"2022-09-27T17:34:05","date_gmt":"2022-09-27T15:34:05","guid":{"rendered":"https:\/\/www.hashtag.al\/?p=551709"},"modified":"2022-09-27T17:34:05","modified_gmt":"2022-09-27T15:34:05","slug":"berisha-nga-gramshi-sot-shqiptaret-jane-20-30-me-te-varfer-se-ne-2013-n","status":"publish","type":"post","link":"https:\/\/www.hashtag.al\/index.php\/2022\/09\/27\/berisha-nga-gramshi-sot-shqiptaret-jane-20-30-me-te-varfer-se-ne-2013-n\/","title":{"rendered":"Berisha nga Gramshi: Sot shqiptar\u00ebt jan\u00eb 20-30% m\u00eb t\u00eb varf\u00ebr se n\u00eb 2013-n","gt_translate_keys":[{"key":"rendered","format":"text"}]},"content":{"rendered":"<p><span style=\"color: #000000;\"><a href=\"https:\/\/www.hashtag.al\/wp-content\/uploads\/2022\/09\/berisha-13.jpg\"><img loading=\"lazy\" decoding=\"async\" class=\"aligncenter size-full wp-image-551710\" src=\"https:\/\/www.hashtag.al\/wp-content\/uploads\/2022\/09\/berisha-13.jpg\" alt=\"\" width=\"820\" height=\"426\" srcset=\"https:\/\/www.hashtag.al\/wp-content\/uploads\/2022\/09\/berisha-13.jpg 820w, https:\/\/www.hashtag.al\/wp-content\/uploads\/2022\/09\/berisha-13-300x156.jpg 300w, https:\/\/www.hashtag.al\/wp-content\/uploads\/2022\/09\/berisha-13-768x399.jpg 768w\" sizes=\"auto, (max-width: 820px) 100vw, 820px\" \/><\/a><\/span><\/p>\n<p><span style=\"color: #000000;\">Kreu i Partis\u00eb Demokratike, Sali Berisha ndodhet sot n\u00eb Gramsh ku po zhvillon nj\u00eb takim me qytetar\u00ebt atje.<\/span><\/p>\n<p><span style=\"color: #000000;\">Gjat\u00eb fjal\u00ebs s\u00eb tij, ish-kryeministri tha se qytetar\u00ebt sot jan\u00eb 30% m\u00eb t\u00eb varf\u00ebr se n\u00eb vitin 2013, n\u00eb nj\u00eb koh\u00eb kur duhet t\u00eb ishin dy her\u00eb m\u00eb t\u00eb kamur.<\/span><\/p>\n<p><span style=\"color: #000000;\"><em>\u201cJu p\u00ebrsh\u00ebndes p\u00ebrzem\u00ebrsisht. Shpreh k\u00ebnaq\u00ebsin\u00eb q\u00eb jam sot k\u00ebtu te ju. Shpreh bindjen se sot qytetar\u00ebt e Gramshit, dhe t\u00eb mbar\u00eb Shqip\u00ebris\u00eb, pavar\u00ebsisht dhe nga bindjet partiake, ndjekin me dhimbje dhe keqardhje shkretimin e shoq\u00ebris\u00eb s\u00eb tyre, t\u00eb kombit t\u00eb tyre, t\u00eb vendit t\u00eb tyre n\u00eb kuptimin e shpopullimin e shpejt\u00eb dhe marramend\u00ebs.<\/em><\/span><\/p>\n<p><span style=\"color: #000000;\"><em>N\u00eb kuptimin e nj\u00eb varf\u00ebrie q\u00eb nuk pak\u00ebsohet, por vjen gjithnj\u00eb duke u rritur. Sot shqiptar\u00ebt jan\u00eb t\u00eb pakt\u00ebn 20-30% m\u00eb t\u00eb varf\u00ebr, se n\u00eb 2013-\u00ebn. Jua them me v\u00ebrtet\u00ebsin\u00eb m\u00eb t\u00eb madhe. Ata sot duhet t\u00eb ishin dy her\u00eb m\u00eb t\u00eb m\u00ebk\u00ebmbur se n\u00eb 2013. Koha matet me zhvillimet q\u00eb ndodhin gjat\u00eb saj. Po t\u00eb pyesim s\u00eb bashku veten, \u00e7far\u00eb zhvillimesh kan\u00eb ndodhur k\u00ebto 8 vite n\u00eb rrethin e Gramshit, p\u00ebrve\u00e7 projektit t\u00eb Devollit, q\u00eb nuk \u00ebsht\u00eb i k\u00ebtyre viteve. \u00cbsht\u00eb i qeveris\u00eb s\u00eb m\u00ebparshme. Kam qen\u00eb n\u00eb inaugurimin e Kaskad\u00ebs s\u00eb Devollit. Disa or\u00eb pas meje k\u00ebtu erdhi Rama dhe tha; kjo \u00ebsht\u00eb g\u00ebnjeshtra e radh\u00ebs e Berish\u00ebs. Ai \u00ebsht\u00eb realiteti i \u00e7muar.\u201d<\/em>&#8211; tha Berisha.<\/span><\/p>\n","protected":false,"gt_translate_keys":[{"key":"rendered","format":"html"}]},"excerpt":{"rendered":"<p>Kreu i Partis\u00eb Demokratike, Sali Berisha ndodhet sot n\u00eb Gramsh ku po zhvillon nj\u00eb takim me qytetar\u00ebt atje. Gjat\u00eb fjal\u00ebs s\u00eb tij, ish-kryeministri tha se qytetar\u00ebt sot jan\u00eb 30% m\u00eb t\u00eb varf\u00ebr se n\u00eb vitin 2013, n\u00eb nj\u00eb koh\u00eb kur duhet t\u00eb ishin dy her\u00eb m\u00eb t\u00eb kamur. \u201cJu p\u00ebrsh\u00ebndes p\u00ebrzem\u00ebrsisht. Shpreh k\u00ebnaq\u00ebsin\u00eb q\u00eb jam [&hellip;]<\/p>\n","protected":false,"gt_translate_keys":[{"key":"rendered","format":"html"}]},"author":30,"featured_media":551710,"comment_status":"closed","ping_status":"closed","sticky":false,"template":"","format":"standard","meta":{"footnotes":""},"categories":[65,13],"tags":[],"class_list":["post-551709","post","type-post","status-publish","format-standard","has-post-thumbnail","hentry","category-lajme","category-te-fundit"],"gt_translate_keys":[{"key":"link","format":"url"}],"_links":{"self":[{"href":"https:\/\/www.hashtag.al\/index.php\/wp-json\/wp\/v2\/posts\/551709","targetHints":{"allow":["GET"]}}],"collection":[{"href":"https:\/\/www.hashtag.al\/index.php\/wp-json\/wp\/v2\/posts"}],"about":[{"href":"https:\/\/www.hashtag.al\/index.php\/wp-json\/wp\/v2\/types\/post"}],"author":[{"embeddable":true,"href":"https:\/\/www.hashtag.al\/index.php\/wp-json\/wp\/v2\/users\/30"}],"replies":[{"embeddable":true,"href":"https:\/\/www.hashtag.al\/index.php\/wp-json\/wp\/v2\/comments?post=551709"}],"version-history":[{"count":0,"href":"https:\/\/www.hashtag.al\/index.php\/wp-json\/wp\/v2\/posts\/551709\/revisions"}],"wp:featuredmedia":[{"embeddable":true,"href":"https:\/\/www.hashtag.al\/index.php\/wp-json\/wp\/v2\/media\/551710"}],"wp:attachment":[{"href":"https:\/\/www.hashtag.al\/index.php\/wp-json\/wp\/v2\/media?parent=551709"}],"wp:term":[{"taxonomy":"category","embeddable":true,"href":"https:\/\/www.hashtag.al\/index.php\/wp-json\/wp\/v2\/categories?post=551709"},{"taxonomy":"post_tag","embeddable":true,"href":"https:\/\/www.hashtag.al\/index.php\/wp-json\/wp\/v2\/tags?post=551709"}],"curies":[{"name":"wp","href":"https:\/\/api.w.org\/{rel}","templated":true}]}}