{"id":551561,"date":"2022-09-26T23:21:35","date_gmt":"2022-09-26T21:21:35","guid":{"rendered":"https:\/\/www.hashtag.al\/?p=551561"},"modified":"2022-09-26T23:25:25","modified_gmt":"2022-09-26T21:25:25","slug":"trimerohet-sinani-i-stambollit-berisha-te-mos-guxoje-te-me-shantazhoje-mua","status":"publish","type":"post","link":"https:\/\/www.hashtag.al\/index.php\/2022\/09\/26\/trimerohet-sinani-i-stambollit-berisha-te-mos-guxoje-te-me-shantazhoje-mua\/","title":{"rendered":"Trim\u00ebrohet Sinani i Stambollit: Berisha t\u00eb mos guxoj\u00eb t\u00eb m\u00eb shantazhoj\u00eb mua","gt_translate_keys":[{"key":"rendered","format":"text"}]},"content":{"rendered":"<p style=\"text-align: justify;\"><span style=\"color: #000000;\"><a style=\"color: #000000;\" href=\"https:\/\/www.hashtag.al\/wp-content\/uploads\/2022\/09\/idrizi-berisha.jpg\"><img loading=\"lazy\" decoding=\"async\" class=\"aligncenter size-full wp-image-551562\" src=\"https:\/\/www.hashtag.al\/wp-content\/uploads\/2022\/09\/idrizi-berisha.jpg\" alt=\"\" width=\"1768\" height=\"1000\" srcset=\"https:\/\/www.hashtag.al\/wp-content\/uploads\/2022\/09\/idrizi-berisha.jpg 1768w, https:\/\/www.hashtag.al\/wp-content\/uploads\/2022\/09\/idrizi-berisha-300x170.jpg 300w, https:\/\/www.hashtag.al\/wp-content\/uploads\/2022\/09\/idrizi-berisha-1024x579.jpg 1024w, https:\/\/www.hashtag.al\/wp-content\/uploads\/2022\/09\/idrizi-berisha-768x434.jpg 768w, https:\/\/www.hashtag.al\/wp-content\/uploads\/2022\/09\/idrizi-berisha-1536x869.jpg 1536w\" sizes=\"auto, (max-width: 1768px) 100vw, 1768px\" \/><\/a><\/span><\/p>\n<p style=\"text-align: justify;\"><span style=\"color: #000000;\">Biznesmeni Sinan Idrizi n\u00eb nj\u00eb intervist\u00eb p\u00ebr emisionin &#8220;T\u00eb Paekspozuarit&#8221; n\u00eb MCN TV foli p\u00ebr blerjen e godin\u00ebs s\u00eb &#8220;Mehmet Akif&#8221;, shkoll\u00ebs turke e cila u mbyll pak dit\u00eb m\u00eb par\u00eb nga qeveria si dhe iu p\u00ebrgjigj<span style=\"color: #0000ff;\"><a style=\"color: #0000ff;\" href=\"https:\/\/www.hashtag.al\/index.php\/2022\/09\/26\/mbyllja-e-kolegjit-turk-berisha-thirrje-sinan-idrizit-mos-luaj-me-interesat-kombetare\/\"> k\u00ebrc\u00ebnimeve<\/a><\/span> t\u00eb Sali Berish\u00ebs.<\/span><\/p>\n<p style=\"text-align: justify;\"><span style=\"color: #000000;\">Idrizi tha se ka investuar dhe do t\u00eb vijoj\u00eb t\u00eb investoj\u00eb n\u00eb arsim dhe mohoi kategorikisht q\u00eb miq\u00ebsia e tij me Presidentin Erdogan, t\u00eb ket\u00eb lidhje me faktin se ai po ble shkolla.<\/span><\/p>\n<p style=\"text-align: justify;\"><span style=\"color: #000000;\">M\u00eb tej, Idrizi tha se Sali Berisha duhet t\u00eb ndal\u00eb k\u00ebrc\u00ebnimet ndaj tij si nj\u00eb p\u00ebrgjigje ndaj akuzave t\u00eb b\u00ebra nga ish-kryeministri se po d\u00ebmton interesat e komb\u00ebtare.<\/span><\/p>\n<p style=\"text-align: justify;\"><span style=\"color: #000000;\">Sinan Idrizi n\u00eb rrethet e biznesit etiketohet dhe si &#8220;Sinani i Stambollit&#8221;, p\u00ebr shkak t\u00eb njohjeve qe ai ka n\u00eb administrat\u00ebn turke, lidhjes sidomos me Ibrahim Kalin.<\/span><\/p>\n<p style=\"text-align: justify;\"><span style=\"color: #000000;\">Disa te dh\u00ebna sugjerojn\u00eb se ai prej disa muajsh nuk shkel dot n\u00eb Turqi pasi nj\u00eb oligark i fuqish\u00ebm turk, Adnan Polat, e dyshon p\u00ebr vjedhjen e disa milion\u00eb eurove n\u00ebp\u00ebrmjet nj\u00eb skeme mashtrimi.<\/span><\/p>\n<p style=\"text-align: justify;\"><span style=\"color: #000000;\"><strong>Pjes\u00eb nga intervista:<\/strong><\/span><\/p>\n<p style=\"text-align: justify;\"><span style=\"color: #000000;\"><span style=\"color: #ff00ff;\">Ylli Rakipi: <\/span>Keni bler\u00eb godin\u00ebn e Mehmet Akif. P\u00ebrse ju duhet kjo godin\u00eb?<\/span><\/p>\n<p style=\"text-align: justify;\"><span style=\"color: #000000;\"><span style=\"color: #00ccff;\">Sinan Idrizi:<\/span>\u00a0Kam bler\u00eb godin\u00ebn n\u00eb Kor\u00e7\u00eb t\u00eb Medreses\u00eb. Kam bler\u00eb n\u00eb Shkod\u00ebr, n\u00eb Berat, etj, informohuni. Jam duke bler\u00eb nj\u00eb zinxhir shkollash. Dua t\u00eb investoj n\u00eb arsim. \u00cbsht\u00eb viti i tet\u00eb q\u00eb un\u00eb sponsorizoj student\u00ebt ekselent\u00eb. Nuk erdha si rrufe n\u00eb qiell t\u00eb hapur.<\/span><\/p>\n<p style=\"text-align: justify;\"><span style=\"color: #000000;\"><span style=\"color: #ff00ff;\">Ylli Rakipi:<\/span>\u00a0Si ju lindi kjo ide p\u00ebr t\u00eb b\u00ebr\u00eb shkolla? Sepse ju keni b\u00ebr\u00eb biznese t\u00eb tjera. Ka z\u00ebra se shkollat tuaja po b\u00ebhen p\u00ebr t\u00eb z\u00ebvend\u00ebsuar shkollat e Gylenit dhe shkollat tuaja jan\u00eb pro mikut tuaj Erdogan?<\/span><\/p>\n<p style=\"text-align: justify;\"><span style=\"color: #000000;\"><span style=\"color: #00ccff;\">Sinan Idrizi:\u00a0<\/span>Brenda k\u00ebsaj ka disa tema t\u00eb ndryshme. Un\u00eb dua t\u00eb investoj n\u00eb k\u00ebt\u00eb sistem arsimor. Kam tet\u00eb vite q\u00eb investoj dhe kam hyr\u00eb n\u00eb kontakt t\u00eb drejtp\u00ebrdrejt\u00eb dhe kemi b\u00ebr\u00eb aktet shitblerje. Ku \u00ebsht\u00eb problemi k\u00ebtu? Teorit\u00eb e komplotit nuk jan\u00eb problemet e mia.<\/span><\/p>\n<p style=\"text-align: justify;\"><span style=\"color: #000000;\"><span style=\"color: #ff00ff;\">Ylli Rakipi:\u00a0<\/span>Thuhet se ju si mik i Erdogan po blini nj\u00eb rrjet shkollash?<\/span><\/p>\n<p style=\"text-align: justify;\"><span style=\"color: #000000;\"><span style=\"color: #00ccff;\">Sinan Idrizi:<\/span>\u00a0Miq\u00ebsia ime me Erdogan nuk ka lidhje me shkollat. P\u00ebrse i miksojn\u00eb k\u00ebto me bindjet e mia politike? Un\u00eb kam b\u00ebr\u00eb marr\u00ebdh\u00ebnie korrekte biznesi me poseduesit e shkollave. Un\u00eb nuk i kam vjedhur njeriu shkoll\u00ebn.<\/span><\/p>\n<p style=\"text-align: justify;\"><span style=\"color: #000000;\"><span style=\"color: #ff00ff;\">Ylli Rakipi:<\/span>\u00a0Berisha ju ka akuzuar konkretisht. Si i p\u00ebrgjigjeni?\u00a0<\/span><\/p>\n<p style=\"text-align: justify;\"><span style=\"color: #000000;\"><span style=\"color: #00ccff;\">Sinan Idrizi:<\/span> S\u2019kam \u00e7far\u00eb t&#8217;i them un\u00eb fare. Nuk ka burr\u00eb n\u00ebne t\u00eb m\u00eb k\u00ebrc\u00ebnoj\u00eb mua p\u00ebr investimin tim. Ka gjetur njeriun e gabuar p\u00ebr t\u00eb k\u00ebrc\u00ebnuar. Ta ankoroj\u00eb anijen n\u00eb port tjet\u00ebr<\/span><\/p>\n<p style=\"text-align: justify;\">\n","protected":false,"gt_translate_keys":[{"key":"rendered","format":"html"}]},"excerpt":{"rendered":"<p>Biznesmeni Sinan Idrizi n\u00eb nj\u00eb intervist\u00eb p\u00ebr emisionin &#8220;T\u00eb Paekspozuarit&#8221; n\u00eb MCN TV foli p\u00ebr blerjen e godin\u00ebs s\u00eb &#8220;Mehmet Akif&#8221;, shkoll\u00ebs turke e cila u mbyll pak dit\u00eb m\u00eb par\u00eb nga qeveria si dhe iu p\u00ebrgjigj k\u00ebrc\u00ebnimeve t\u00eb Sali Berish\u00ebs. Idrizi tha se ka investuar dhe do t\u00eb vijoj\u00eb t\u00eb investoj\u00eb n\u00eb arsim dhe [&hellip;]<\/p>\n","protected":false,"gt_translate_keys":[{"key":"rendered","format":"html"}]},"author":32,"featured_media":551562,"comment_status":"closed","ping_status":"closed","sticky":false,"template":"","format":"standard","meta":{"footnotes":""},"categories":[22,65,13],"tags":[],"class_list":["post-551561","post","type-post","status-publish","format-standard","has-post-thumbnail","hentry","category-ballina","category-lajme","category-te-fundit"],"gt_translate_keys":[{"key":"link","format":"url"}],"_links":{"self":[{"href":"https:\/\/www.hashtag.al\/index.php\/wp-json\/wp\/v2\/posts\/551561","targetHints":{"allow":["GET"]}}],"collection":[{"href":"https:\/\/www.hashtag.al\/index.php\/wp-json\/wp\/v2\/posts"}],"about":[{"href":"https:\/\/www.hashtag.al\/index.php\/wp-json\/wp\/v2\/types\/post"}],"author":[{"embeddable":true,"href":"https:\/\/www.hashtag.al\/index.php\/wp-json\/wp\/v2\/users\/32"}],"replies":[{"embeddable":true,"href":"https:\/\/www.hashtag.al\/index.php\/wp-json\/wp\/v2\/comments?post=551561"}],"version-history":[{"count":0,"href":"https:\/\/www.hashtag.al\/index.php\/wp-json\/wp\/v2\/posts\/551561\/revisions"}],"wp:featuredmedia":[{"embeddable":true,"href":"https:\/\/www.hashtag.al\/index.php\/wp-json\/wp\/v2\/media\/551562"}],"wp:attachment":[{"href":"https:\/\/www.hashtag.al\/index.php\/wp-json\/wp\/v2\/media?parent=551561"}],"wp:term":[{"taxonomy":"category","embeddable":true,"href":"https:\/\/www.hashtag.al\/index.php\/wp-json\/wp\/v2\/categories?post=551561"},{"taxonomy":"post_tag","embeddable":true,"href":"https:\/\/www.hashtag.al\/index.php\/wp-json\/wp\/v2\/tags?post=551561"}],"curies":[{"name":"wp","href":"https:\/\/api.w.org\/{rel}","templated":true}]}}