{"id":551522,"date":"2022-09-26T19:56:48","date_gmt":"2022-09-26T17:56:48","guid":{"rendered":"https:\/\/www.hashtag.al\/?p=551522"},"modified":"2022-09-26T20:16:52","modified_gmt":"2022-09-26T18:16:52","slug":"akuzohen-per-shperdorim-detyre-e-falsifikim-dokumentesh-gjykata-e-tiranes-vendos-arrest-shtepie-per-18-punonjesit-e-burgut-te-fierit","status":"publish","type":"post","link":"https:\/\/www.hashtag.al\/index.php\/2022\/09\/26\/akuzohen-per-shperdorim-detyre-e-falsifikim-dokumentesh-gjykata-e-tiranes-vendos-arrest-shtepie-per-18-punonjesit-e-burgut-te-fierit\/","title":{"rendered":"Akuzohen p\u00ebr shp\u00ebrdorim detyre e falsifikim dokumentesh, Gjykata e Tiran\u00ebs vendos arrest sht\u00ebpie p\u00ebr 18 punonj\u00ebsit e burgut t\u00eb Fierit","gt_translate_keys":[{"key":"rendered","format":"text"}]},"content":{"rendered":"<p style=\"text-align: justify;\"><span style=\"color: #000000;\"><a href=\"https:\/\/www.hashtag.al\/wp-content\/uploads\/2022\/09\/gjykata-burgu-fier-scaled.jpg\"><img loading=\"lazy\" decoding=\"async\" class=\"aligncenter size-full wp-image-551524\" src=\"https:\/\/www.hashtag.al\/wp-content\/uploads\/2022\/09\/gjykata-burgu-fier-scaled.jpg\" alt=\"\" width=\"2560\" height=\"1188\" srcset=\"https:\/\/www.hashtag.al\/wp-content\/uploads\/2022\/09\/gjykata-burgu-fier-scaled.jpg 2560w, https:\/\/www.hashtag.al\/wp-content\/uploads\/2022\/09\/gjykata-burgu-fier-300x139.jpg 300w, https:\/\/www.hashtag.al\/wp-content\/uploads\/2022\/09\/gjykata-burgu-fier-1024x475.jpg 1024w, https:\/\/www.hashtag.al\/wp-content\/uploads\/2022\/09\/gjykata-burgu-fier-768x357.jpg 768w, https:\/\/www.hashtag.al\/wp-content\/uploads\/2022\/09\/gjykata-burgu-fier-1536x713.jpg 1536w, https:\/\/www.hashtag.al\/wp-content\/uploads\/2022\/09\/gjykata-burgu-fier-2048x951.jpg 2048w\" sizes=\"auto, (max-width: 2560px) 100vw, 2560px\" \/><\/a><\/span><\/p>\n<p style=\"text-align: justify;\"><span style=\"color: #000000;\">Gjykata e Tiran\u00ebs ka vendosur masat e siguris\u00eb p\u00ebr 18 punonj\u00ebsit e Burgut t\u00eb Fierit.<\/span><\/p>\n<p style=\"text-align: justify;\"><span style=\"color: #000000;\">Masat e siguris\u00eb erdh\u00ebn pas nj\u00eb hetimi t\u00eb kryer nga Sh\u00ebrbimi i Brendsh\u00ebm i Burgjeve n\u00eb Ministrin\u00eb e Drejt\u00ebsis\u00eb.<\/span><\/p>\n<p style=\"text-align: justify;\"><span style=\"color: #000000;\">P\u00ebr t\u00eb 18 punonj\u00ebsit \u00ebsht\u00eb vendosur masa \u201cArrest sht\u00ebpie\u201d.<\/span><\/p>\n<p style=\"text-align: justify;\"><span style=\"color: #000000;\">Gerard Nonaj, Ervis Alliaj, Bashkim Me\u00e7i, Eris Isufaj, Albi Rezhda, Dorjan Nukaj, Arbri Gjermeni, Enflor Hoxha, Florida Mata, Fatos Lika, Neritan Mataj, Mato Mataj, Ermal Li\u00e7aj, Xheniana Buzi, Denisa Bendaj, Sidorela Vogli, Jonida Qato, Eduart Rrapaj, akuzohen p\u00ebr shp\u00ebrdorim detyre dhe falsifikim dokumentesh.<\/span><\/p>\n<p style=\"text-align: justify;\"><span style=\"color: #000000;\">Rreth nj\u00eb jav\u00eb m\u00eb par\u00eb \u00ebsht\u00eb publikuar skandali n\u00eb burgun e Fierit, ku d\u00ebshmia e penalitetit pastrohej pas pages\u00ebs s\u00eb nj\u00eb shum\u00eb prej 600 eurosh.<\/span><\/p>\n<p style=\"text-align: justify;\"><span style=\"color: #000000;\">Nj\u00eb \u00a0qytetar ka treguar p\u00ebr emisionin se n\u00eb vitin 2012 \u00ebsht\u00eb d\u00ebnuar me 8 vite burgim. Duke p\u00ebrfituar nga amnistia, ai ka dal\u00eb i lir\u00eb pas 5 viteve vuajtje d\u00ebnimi.<\/span><\/p>\n<p style=\"text-align: justify;\"><span style=\"color: #000000;\"> N\u00eb vitin 2022 ka k\u00ebrkuar nj\u00eb d\u00ebshmi penaliteti, por i thon\u00eb, se ka 3 vjet d\u00ebnim t\u00eb pakryer. Qytetari d\u00ebshmon se i kan\u00eb k\u00ebrkuar nj\u00eb shum\u00eb prej 600 Eurosh p\u00ebr ta pastruar d\u00ebshmin\u00eb e penalitetit q\u00eb i duhet p\u00ebr pun\u00eb jasht\u00eb Shqip\u00ebris\u00eb.<\/span><\/p>\n","protected":false,"gt_translate_keys":[{"key":"rendered","format":"html"}]},"excerpt":{"rendered":"<p>Gjykata e Tiran\u00ebs ka vendosur masat e siguris\u00eb p\u00ebr 18 punonj\u00ebsit e Burgut t\u00eb Fierit. Masat e siguris\u00eb erdh\u00ebn pas nj\u00eb hetimi t\u00eb kryer nga Sh\u00ebrbimi i Brendsh\u00ebm i Burgjeve n\u00eb Ministrin\u00eb e Drejt\u00ebsis\u00eb. P\u00ebr t\u00eb 18 punonj\u00ebsit \u00ebsht\u00eb vendosur masa \u201cArrest sht\u00ebpie\u201d. Gerard Nonaj, Ervis Alliaj, Bashkim Me\u00e7i, Eris Isufaj, Albi Rezhda, Dorjan Nukaj, [&hellip;]<\/p>\n","protected":false,"gt_translate_keys":[{"key":"rendered","format":"html"}]},"author":32,"featured_media":551524,"comment_status":"closed","ping_status":"closed","sticky":false,"template":"","format":"standard","meta":{"footnotes":""},"categories":[65,13],"tags":[],"class_list":["post-551522","post","type-post","status-publish","format-standard","has-post-thumbnail","hentry","category-lajme","category-te-fundit"],"gt_translate_keys":[{"key":"link","format":"url"}],"_links":{"self":[{"href":"https:\/\/www.hashtag.al\/index.php\/wp-json\/wp\/v2\/posts\/551522","targetHints":{"allow":["GET"]}}],"collection":[{"href":"https:\/\/www.hashtag.al\/index.php\/wp-json\/wp\/v2\/posts"}],"about":[{"href":"https:\/\/www.hashtag.al\/index.php\/wp-json\/wp\/v2\/types\/post"}],"author":[{"embeddable":true,"href":"https:\/\/www.hashtag.al\/index.php\/wp-json\/wp\/v2\/users\/32"}],"replies":[{"embeddable":true,"href":"https:\/\/www.hashtag.al\/index.php\/wp-json\/wp\/v2\/comments?post=551522"}],"version-history":[{"count":0,"href":"https:\/\/www.hashtag.al\/index.php\/wp-json\/wp\/v2\/posts\/551522\/revisions"}],"wp:featuredmedia":[{"embeddable":true,"href":"https:\/\/www.hashtag.al\/index.php\/wp-json\/wp\/v2\/media\/551524"}],"wp:attachment":[{"href":"https:\/\/www.hashtag.al\/index.php\/wp-json\/wp\/v2\/media?parent=551522"}],"wp:term":[{"taxonomy":"category","embeddable":true,"href":"https:\/\/www.hashtag.al\/index.php\/wp-json\/wp\/v2\/categories?post=551522"},{"taxonomy":"post_tag","embeddable":true,"href":"https:\/\/www.hashtag.al\/index.php\/wp-json\/wp\/v2\/tags?post=551522"}],"curies":[{"name":"wp","href":"https:\/\/api.w.org\/{rel}","templated":true}]}}