{"id":551395,"date":"2022-09-26T11:21:28","date_gmt":"2022-09-26T09:21:28","guid":{"rendered":"https:\/\/www.hashtag.al\/?p=551395"},"modified":"2022-09-26T11:24:29","modified_gmt":"2022-09-26T09:24:29","slug":"nxeneset-e-mehmet-akif-i-drejtohen-kryeministrise-rama-protestoni-kunder-pronareve-ministria-e-arsimit-ka-zbatuar-ligjin-si-ne-rastet-e-tjera","status":"publish","type":"post","link":"https:\/\/www.hashtag.al\/index.php\/2022\/09\/26\/nxeneset-e-mehmet-akif-i-drejtohen-kryeministrise-rama-protestoni-kunder-pronareve-ministria-e-arsimit-ka-zbatuar-ligjin-si-ne-rastet-e-tjera\/","title":{"rendered":"Nx\u00ebn\u00ebset e \u2018Mehmet Akif\u2019 i drejtohen kryeministris\u00eb, Rama: Ministria e Arsimit ka zbatuar ligjin si n\u00eb rastet e tjera","gt_translate_keys":[{"key":"rendered","format":"text"}]},"content":{"rendered":"<p><span style=\"color: #000000;\"><img loading=\"lazy\" decoding=\"async\" class=\"aligncenter size-full wp-image-551397\" src=\"https:\/\/www.hashtag.al\/wp-content\/uploads\/2022\/09\/ramakushi.jpg\" alt=\"\" width=\"2000\" height=\"1000\" srcset=\"https:\/\/www.hashtag.al\/wp-content\/uploads\/2022\/09\/ramakushi.jpg 2000w, https:\/\/www.hashtag.al\/wp-content\/uploads\/2022\/09\/ramakushi-300x150.jpg 300w, https:\/\/www.hashtag.al\/wp-content\/uploads\/2022\/09\/ramakushi-1024x512.jpg 1024w, https:\/\/www.hashtag.al\/wp-content\/uploads\/2022\/09\/ramakushi-768x384.jpg 768w, https:\/\/www.hashtag.al\/wp-content\/uploads\/2022\/09\/ramakushi-1536x768.jpg 1536w\" sizes=\"auto, (max-width: 2000px) 100vw, 2000px\" \/><\/span><\/p>\n<p><span style=\"color: #000000;\">Kryeministri Rama u \u00ebsht\u00eb p\u00ebrgjigjur nx\u00ebn\u00ebsve t\u00eb shkoll\u00ebs \u2018Mehmet Akif Ersoy\u2019, prind\u00ebrve t\u00eb tyre e p\u00ebrfaq\u00ebsuesve t\u00eb shkoll\u00ebs q\u00eb po marshojn\u00eb drejt zyr\u00ebs s\u00eb tij p\u00ebr nj\u00eb protest\u00eb. <\/span><\/p>\n<p><span style=\"color: #000000;\">Ai shkruan n\u00eb Twitter se ato duhet t\u00eb protestojn\u00eb kund\u00ebr pronar\u00ebve q\u00eb shit\u00ebn godin\u00ebn e shkoll\u00ebs dhe e \u00e7uan aktivitetin n\u00eb nj\u00eb tjet\u00ebr vend pa marre leje. Rama shkruan se Ministria e Arsimit ka zbatuar ligjin nj\u00ebsoj si n\u00eb rastet e tjera.<\/span><\/p>\n<p><span style=\"color: #000000;\"><em>\u201cNx\u00ebn\u00ebset e shkoll\u00ebs s\u00eb mbyllur t\u00eb protestojn\u00eb kund\u00ebr pronar\u00ebve q\u00eb shit\u00ebn godin\u00ebn e shkoll\u00ebs dhe e spostuan aktivitetin gjetk\u00eb, pa marr\u00eb leje sipas ligjit e pa respektuar rregullat e parashikuara ligj\u00ebrisht! Ministria e Arsimit dhe Sportit ka zbatuar ligjin si n\u00eb raste t\u00eb tjera.\u201d<\/em> &#8211; shkruan Rama n\u00eb Twitter.<\/span><\/p>\n<p><span style=\"color: #000000;\">Vendimi nga qeveria u mor n\u00eb mbledhjen e fundit t\u00eb saj. Nj\u00eb dit\u00eb m\u00eb pas ministra Kushi shpjegoi se mbyllja kishte ardhur pasi shkolla kishte shitur godin\u00ebn ku ishte licencuar p\u00ebr t\u00eb ushtruar aktivitetin e ishte zhvendosur diku tjet\u00ebr pa leje. <\/span><\/p>\n<p><span style=\"color: #000000;\">Nd\u00ebrkoh\u00eb p\u00ebrfaq\u00ebsuesit e shkoll\u00ebs \u2018Mehmet Akif\u2019 kan\u00eb pohuar se do e ndjekin n\u00eb rrug\u00eb ligjore \u00e7\u00ebshtjen. P\u00ebrve\u00e7 shkoll\u00ebs, qeveria ka mbyllur edhe kopshtin \u2018Turgut Ozal\u2019. Ata jan\u00eb shprehur se jan\u00eb n\u00eb rregull me t\u00eb gjitha detyrimet e k\u00ebrkuara nga shteti e kan\u00eb paralajm\u00ebruar proces gjyq\u00ebsor.<\/span><\/p>\n<p><span style=\"color: #000000;\"><img loading=\"lazy\" decoding=\"async\" class=\"aligncenter size-full wp-image-551396\" src=\"https:\/\/www.hashtag.al\/wp-content\/uploads\/2022\/09\/nxense.jpeg\" alt=\"\" width=\"768\" height=\"576\" srcset=\"https:\/\/www.hashtag.al\/wp-content\/uploads\/2022\/09\/nxense.jpeg 768w, https:\/\/www.hashtag.al\/wp-content\/uploads\/2022\/09\/nxense-300x225.jpeg 300w\" sizes=\"auto, (max-width: 768px) 100vw, 768px\" \/><\/span><\/p>\n","protected":false,"gt_translate_keys":[{"key":"rendered","format":"html"}]},"excerpt":{"rendered":"<p>Kryeministri Rama u \u00ebsht\u00eb p\u00ebrgjigjur nx\u00ebn\u00ebsve t\u00eb shkoll\u00ebs \u2018Mehmet Akif Ersoy\u2019, prind\u00ebrve t\u00eb tyre e p\u00ebrfaq\u00ebsuesve t\u00eb shkoll\u00ebs q\u00eb po marshojn\u00eb drejt zyr\u00ebs s\u00eb tij p\u00ebr nj\u00eb protest\u00eb. Ai shkruan n\u00eb Twitter se ato duhet t\u00eb protestojn\u00eb kund\u00ebr pronar\u00ebve q\u00eb shit\u00ebn godin\u00ebn e shkoll\u00ebs dhe e \u00e7uan aktivitetin n\u00eb nj\u00eb tjet\u00ebr vend pa marre leje. [&hellip;]<\/p>\n","protected":false,"gt_translate_keys":[{"key":"rendered","format":"html"}]},"author":51,"featured_media":551397,"comment_status":"closed","ping_status":"closed","sticky":false,"template":"","format":"standard","meta":{"footnotes":""},"categories":[65,13],"tags":[],"class_list":["post-551395","post","type-post","status-publish","format-standard","has-post-thumbnail","hentry","category-lajme","category-te-fundit"],"gt_translate_keys":[{"key":"link","format":"url"}],"_links":{"self":[{"href":"https:\/\/www.hashtag.al\/index.php\/wp-json\/wp\/v2\/posts\/551395","targetHints":{"allow":["GET"]}}],"collection":[{"href":"https:\/\/www.hashtag.al\/index.php\/wp-json\/wp\/v2\/posts"}],"about":[{"href":"https:\/\/www.hashtag.al\/index.php\/wp-json\/wp\/v2\/types\/post"}],"author":[{"embeddable":true,"href":"https:\/\/www.hashtag.al\/index.php\/wp-json\/wp\/v2\/users\/51"}],"replies":[{"embeddable":true,"href":"https:\/\/www.hashtag.al\/index.php\/wp-json\/wp\/v2\/comments?post=551395"}],"version-history":[{"count":0,"href":"https:\/\/www.hashtag.al\/index.php\/wp-json\/wp\/v2\/posts\/551395\/revisions"}],"wp:featuredmedia":[{"embeddable":true,"href":"https:\/\/www.hashtag.al\/index.php\/wp-json\/wp\/v2\/media\/551397"}],"wp:attachment":[{"href":"https:\/\/www.hashtag.al\/index.php\/wp-json\/wp\/v2\/media?parent=551395"}],"wp:term":[{"taxonomy":"category","embeddable":true,"href":"https:\/\/www.hashtag.al\/index.php\/wp-json\/wp\/v2\/categories?post=551395"},{"taxonomy":"post_tag","embeddable":true,"href":"https:\/\/www.hashtag.al\/index.php\/wp-json\/wp\/v2\/tags?post=551395"}],"curies":[{"name":"wp","href":"https:\/\/api.w.org\/{rel}","templated":true}]}}