{"id":551130,"date":"2022-09-24T20:44:20","date_gmt":"2022-09-24T18:44:20","guid":{"rendered":"https:\/\/www.hashtag.al\/?p=551130"},"modified":"2022-09-24T20:44:20","modified_gmt":"2022-09-24T18:44:20","slug":"hungaria-uron-rizgjedhjen-e-donald-trump","status":"publish","type":"post","link":"https:\/\/www.hashtag.al\/index.php\/2022\/09\/24\/hungaria-uron-rizgjedhjen-e-donald-trump\/","title":{"rendered":"Hungaria uron rizgjedhjen e Donald Trump","gt_translate_keys":[{"key":"rendered","format":"text"}]},"content":{"rendered":"<p><span style=\"color: #000000;\"><img loading=\"lazy\" decoding=\"async\" class=\"aligncenter size-full wp-image-551131\" src=\"https:\/\/www.hashtag.al\/wp-content\/uploads\/2022\/09\/orbantrump.jpg\" alt=\"\" width=\"768\" height=\"432\" srcset=\"https:\/\/www.hashtag.al\/wp-content\/uploads\/2022\/09\/orbantrump.jpg 768w, https:\/\/www.hashtag.al\/wp-content\/uploads\/2022\/09\/orbantrump-300x169.jpg 300w\" sizes=\"auto, (max-width: 768px) 100vw, 768px\" \/><\/span><\/p>\n<p><span style=\"color: #000000;\">Ministri i Jasht\u00ebm hungarez Peter Szijjarto ka th\u00ebn\u00eb se qeveria e tij konservatore mund t\u00eb pres\u00eb \u2018marr\u00ebdh\u00ebniet m\u00eb t\u00eb mira politike ndonj\u00ebher\u00eb\u2019 me SHBA-n\u00eb, n\u00ebse Donald Trump rizgjedhet n\u00eb vitin 2024.<\/span><\/p>\n<p><span style=\"color: #000000;\"><em>\u201cNe punojm\u00eb s\u00eb bashku me ata q\u00eb jan\u00eb zgjedhur n\u00eb SHBA.\u201d<\/em> &#8211; tha Szijjarto p\u00ebr Fox News n\u00eb margjinat e Asambles\u00eb s\u00eb P\u00ebrgjithshme t\u00eb Kombeve t\u00eb Bashkuara n\u00eb Nju Jork t\u00eb enjten.<\/span><\/p>\n<p><span style=\"color: #000000;\"><em>\u201cEpo, duhet t\u00eb jemi t\u00eb sinqert\u00eb. N\u00ebse shikoni marr\u00ebdh\u00ebniet politike n\u00ebn administrat\u00ebn konservatore ose republikane dhe n\u00ebn nj\u00eb administrat\u00eb demokrate, ka nj\u00eb ndryshim t\u00eb madh.\u201d<\/em><\/span><\/p>\n<p><span style=\"color: #000000;\">Ish-presidenti Donald Trump ishte nj\u00eb admirues i kryeministrit hungarez Viktor Orban, duke e l\u00ebvduar Orbanin nd\u00ebrsa ishte n\u00eb detyr\u00eb dhe duke i dh\u00ebn\u00eb synimit p\u00ebr rizgjedhjen e kryeministrit \u2018mb\u00ebshtetjen e plot\u00eb\u2019 t\u00eb tij n\u00eb fillim t\u00eb k\u00ebtij viti. <\/span><\/p>\n<p><span style=\"color: #000000;\">T\u00eb dy lider\u00ebt kan\u00eb kund\u00ebrshtuar emigracionin masiv dhe jan\u00eb pozicionuar si kund\u00ebrshtar\u00eb t\u00eb liberalizmit dhe globalizmit dhe t\u00eb dy kan\u00eb marr\u00eb reagime nga OJQ-t\u00eb dhe mediat p\u00ebr k\u00ebto pik\u00ebpamje, me BE-n\u00eb q\u00eb k\u00ebrc\u00ebnon gjithashtu t\u00eb nd\u00ebrpres\u00eb fondet p\u00ebr Hungarin\u00eb.<\/span><\/p>\n<p><span style=\"color: #000000;\">Presidenti Joe Biden, nga ana tjet\u00ebr, iu referua publikisht qeveris\u00eb s\u00eb Orbanit si nj\u00eb \u2018regjim totalitar\u2019, i dha fund nj\u00eb traktati tatimor me kombin e Evrop\u00ebs Qendrore dhe ftoi \u00e7do lider t\u00eb BE-s\u00eb, p\u00ebrve\u00e7 Orbanit, n\u00eb nj\u00eb \u2018Samit p\u00ebr Demokraci\u2019 vitin e kaluar.<\/span><\/p>\n<p><span style=\"color: #000000;\">\u201cN\u00eb mandatin e presidentit Trump, ne kishim marr\u00ebdh\u00ebniet m\u00eb t\u00eb mira politike ndonj\u00ebher\u00eb midis dy vendeve.\u201d &#8211; tha Szijjarto p\u00ebr Fox.<\/span><\/p>\n<p><span style=\"color: #000000;\"><em>&#8220;Ne e respektojm\u00eb shum\u00eb Donald Trump.&#8221;<\/em><\/span><\/p>\n<p><span style=\"color: #000000;\">I pyetur n\u00ebse Hungaria do d\u00ebshironte q\u00eb Trump t\u00eb kthehej n\u00eb Sht\u00ebpin\u00eb e Bardh\u00eb n\u00eb vitin 2024, Szijjarto tha se ishte \u2018shum\u00eb i sigurt\u2019 se e nj\u00ebjta marr\u00ebdh\u00ebnie \u2018m\u00eb e mira ndonj\u00ebher\u00eb\u00eb\u2019 do rifillonte n\u00ebse Trump do kandidonte p\u00ebrs\u00ebri dhe do fitonte.<\/span><\/p>\n<p><span style=\"color: #000000;\">Orban dhe Trump kan\u00eb gjetur gjithashtu gjuh\u00ebn e p\u00ebrbashk\u00ebt p\u00ebr konfliktin n\u00eb Ukrain\u00eb. Trump e ka kritikuar vazhdimisht Biden p\u00ebr d\u00ebrgimin e arm\u00ebve n\u00eb vler\u00eb prej dhjet\u00ebra miliarda dollar\u00ebsh n\u00eb Ukrain\u00eb, duke akuzuar pasardh\u00ebsin e tij se rrezikon \u2018Luft\u00ebs e Tret\u00eb Bot\u00ebrore\u2019. <\/span><\/p>\n<p><span style=\"color: #000000;\">Orban, i cili ka kund\u00ebrshtuar t\u00eb lejoj\u00eb hyrjen e arm\u00ebve n\u00eb Ukrain\u00eb p\u00ebrmes kufijve t\u00eb Hungaris\u00eb, deklaroi publikisht n\u00eb korrik se konflikti nuk do kishte ndodhur \u2018n\u00ebse do t\u00eb kishim qen\u00eb pak m\u00eb me fat dhe n\u00eb k\u00ebt\u00eb or\u00eb vendimtare Presidenti i Shteteve t\u00eb Bashkuara t\u00eb Amerik\u00ebs t\u00eb quhej Donald Trump\u2019.<\/span><\/p>\n<p><span style=\"color: #000000;\">Besohet gjer\u00ebsisht se Trump po p\u00ebrgatitet t\u00eb shpall\u00eb kandidatur\u00ebn e tij p\u00ebr vitin 2024 dhe tha n\u00eb fillim t\u00eb k\u00ebtij muaji se ai do \u2018marr\u00eb nj\u00eb vendim n\u00eb t\u00eb ardhmen e af\u00ebrt\u2019.<\/span><\/p>\n","protected":false,"gt_translate_keys":[{"key":"rendered","format":"html"}]},"excerpt":{"rendered":"<p>Ministri i Jasht\u00ebm hungarez Peter Szijjarto ka th\u00ebn\u00eb se qeveria e tij konservatore mund t\u00eb pres\u00eb \u2018marr\u00ebdh\u00ebniet m\u00eb t\u00eb mira politike ndonj\u00ebher\u00eb\u2019 me SHBA-n\u00eb, n\u00ebse Donald Trump rizgjedhet n\u00eb vitin 2024. \u201cNe punojm\u00eb s\u00eb bashku me ata q\u00eb jan\u00eb zgjedhur n\u00eb SHBA.\u201d &#8211; tha Szijjarto p\u00ebr Fox News n\u00eb margjinat e Asambles\u00eb s\u00eb P\u00ebrgjithshme t\u00eb [&hellip;]<\/p>\n","protected":false,"gt_translate_keys":[{"key":"rendered","format":"html"}]},"author":51,"featured_media":551131,"comment_status":"closed","ping_status":"closed","sticky":false,"template":"","format":"standard","meta":{"footnotes":""},"categories":[53],"tags":[],"class_list":["post-551130","post","type-post","status-publish","format-standard","has-post-thumbnail","hentry","category-fast-foodi"],"gt_translate_keys":[{"key":"link","format":"url"}],"_links":{"self":[{"href":"https:\/\/www.hashtag.al\/index.php\/wp-json\/wp\/v2\/posts\/551130","targetHints":{"allow":["GET"]}}],"collection":[{"href":"https:\/\/www.hashtag.al\/index.php\/wp-json\/wp\/v2\/posts"}],"about":[{"href":"https:\/\/www.hashtag.al\/index.php\/wp-json\/wp\/v2\/types\/post"}],"author":[{"embeddable":true,"href":"https:\/\/www.hashtag.al\/index.php\/wp-json\/wp\/v2\/users\/51"}],"replies":[{"embeddable":true,"href":"https:\/\/www.hashtag.al\/index.php\/wp-json\/wp\/v2\/comments?post=551130"}],"version-history":[{"count":0,"href":"https:\/\/www.hashtag.al\/index.php\/wp-json\/wp\/v2\/posts\/551130\/revisions"}],"wp:featuredmedia":[{"embeddable":true,"href":"https:\/\/www.hashtag.al\/index.php\/wp-json\/wp\/v2\/media\/551131"}],"wp:attachment":[{"href":"https:\/\/www.hashtag.al\/index.php\/wp-json\/wp\/v2\/media?parent=551130"}],"wp:term":[{"taxonomy":"category","embeddable":true,"href":"https:\/\/www.hashtag.al\/index.php\/wp-json\/wp\/v2\/categories?post=551130"},{"taxonomy":"post_tag","embeddable":true,"href":"https:\/\/www.hashtag.al\/index.php\/wp-json\/wp\/v2\/tags?post=551130"}],"curies":[{"name":"wp","href":"https:\/\/api.w.org\/{rel}","templated":true}]}}