{"id":550752,"date":"2022-09-22T20:29:44","date_gmt":"2022-09-22T18:29:44","guid":{"rendered":"https:\/\/www.hashtag.al\/?p=550752"},"modified":"2022-09-22T20:29:44","modified_gmt":"2022-09-22T18:29:44","slug":"meta-vetem-protestat-na-ndajne-me-hajduterine-e-rames","status":"publish","type":"post","link":"https:\/\/www.hashtag.al\/index.php\/2022\/09\/22\/meta-vetem-protestat-na-ndajne-me-hajduterine-e-rames\/","title":{"rendered":"Meta: Vet\u00ebm protestat na ndajn\u00eb me hajdut\u00ebrin\u00eb e Ram\u00ebs","gt_translate_keys":[{"key":"rendered","format":"text"}]},"content":{"rendered":"<p style=\"text-align: justify;\"><span style=\"color: #000000;\"><a style=\"color: #000000;\" href=\"https:\/\/www.hashtag.al\/wp-content\/uploads\/2022\/09\/Ilir-Meta-6.jpg\"><img loading=\"lazy\" decoding=\"async\" class=\"size-full wp-image-549251 aligncenter\" src=\"https:\/\/www.hashtag.al\/wp-content\/uploads\/2022\/09\/Ilir-Meta-6.jpg\" alt=\"\" width=\"640\" height=\"360\" srcset=\"https:\/\/www.hashtag.al\/wp-content\/uploads\/2022\/09\/Ilir-Meta-6.jpg 640w, https:\/\/www.hashtag.al\/wp-content\/uploads\/2022\/09\/Ilir-Meta-6-300x169.jpg 300w\" sizes=\"auto, (max-width: 640px) 100vw, 640px\" \/><\/a><\/span><\/p>\n<p style=\"text-align: justify;\"><span style=\"color: #000000;\">Kryetari i Partis\u00eb s\u00eb Liris\u00eb, Ilir Meta ka b\u00ebr\u00eb thirrje p\u00ebr protesta, q\u00eb sipas tij do t\u00eb vendosnin rendin kushtetues n\u00eb vend.<\/span><\/p>\n<p style=\"text-align: justify;\"><span style=\"color: #000000;\">Meta thekson se kjo gj\u00eb do t\u00eb ndalte keqqeverisjen e kryeministrit Edi Rama.<\/span><\/p>\n<p style=\"text-align: justify;\"><span style=\"color: #000000;\">\u201c<em>N\u00eb nj\u00eb shtet t\u00eb kapur t\u00ebr\u00ebsisht nga mafia kush do t\u2019i vendos\u00eb p\u00ebrpara p\u00ebrgjegj\u00ebsis\u00eb shkel\u00ebsit e ligjit, t\u00eb siguris\u00eb komb\u00ebtare dhe t\u00eb transferimit t\u00eb t\u00eb dh\u00ebnave t\u00eb qytetar\u00ebve te patronazhist\u00ebt p\u00ebr q\u00ebllime shantazhi dhe presioni? Vet\u00ebm protestat qytetare do t\u00eb rivendosin rendin kushtetues dhe ligjshm\u00ebrin\u00eb p\u00ebr t\u2019u ndar\u00eb me dekad\u00ebn e hajdut\u00ebris\u00eb dhe keqqeverisjes t\u00eb Edvin K. Ram\u00ebs\u201d-<\/em>shkruan Meta.<\/span><\/p>\n<p style=\"text-align: justify;\">\n","protected":false,"gt_translate_keys":[{"key":"rendered","format":"html"}]},"excerpt":{"rendered":"<p>Kryetari i Partis\u00eb s\u00eb Liris\u00eb, Ilir Meta ka b\u00ebr\u00eb thirrje p\u00ebr protesta, q\u00eb sipas tij do t\u00eb vendosnin rendin kushtetues n\u00eb vend. Meta thekson se kjo gj\u00eb do t\u00eb ndalte keqqeverisjen e kryeministrit Edi Rama. \u201cN\u00eb nj\u00eb shtet t\u00eb kapur t\u00ebr\u00ebsisht nga mafia kush do t\u2019i vendos\u00eb p\u00ebrpara p\u00ebrgjegj\u00ebsis\u00eb shkel\u00ebsit e ligjit, t\u00eb siguris\u00eb komb\u00ebtare [&hellip;]<\/p>\n","protected":false,"gt_translate_keys":[{"key":"rendered","format":"html"}]},"author":32,"featured_media":549251,"comment_status":"closed","ping_status":"closed","sticky":false,"template":"","format":"standard","meta":{"footnotes":""},"categories":[65,13],"tags":[],"class_list":["post-550752","post","type-post","status-publish","format-standard","has-post-thumbnail","hentry","category-lajme","category-te-fundit"],"gt_translate_keys":[{"key":"link","format":"url"}],"_links":{"self":[{"href":"https:\/\/www.hashtag.al\/index.php\/wp-json\/wp\/v2\/posts\/550752","targetHints":{"allow":["GET"]}}],"collection":[{"href":"https:\/\/www.hashtag.al\/index.php\/wp-json\/wp\/v2\/posts"}],"about":[{"href":"https:\/\/www.hashtag.al\/index.php\/wp-json\/wp\/v2\/types\/post"}],"author":[{"embeddable":true,"href":"https:\/\/www.hashtag.al\/index.php\/wp-json\/wp\/v2\/users\/32"}],"replies":[{"embeddable":true,"href":"https:\/\/www.hashtag.al\/index.php\/wp-json\/wp\/v2\/comments?post=550752"}],"version-history":[{"count":0,"href":"https:\/\/www.hashtag.al\/index.php\/wp-json\/wp\/v2\/posts\/550752\/revisions"}],"wp:featuredmedia":[{"embeddable":true,"href":"https:\/\/www.hashtag.al\/index.php\/wp-json\/wp\/v2\/media\/549251"}],"wp:attachment":[{"href":"https:\/\/www.hashtag.al\/index.php\/wp-json\/wp\/v2\/media?parent=550752"}],"wp:term":[{"taxonomy":"category","embeddable":true,"href":"https:\/\/www.hashtag.al\/index.php\/wp-json\/wp\/v2\/categories?post=550752"},{"taxonomy":"post_tag","embeddable":true,"href":"https:\/\/www.hashtag.al\/index.php\/wp-json\/wp\/v2\/tags?post=550752"}],"curies":[{"name":"wp","href":"https:\/\/api.w.org\/{rel}","templated":true}]}}