{"id":550714,"date":"2022-09-22T17:31:47","date_gmt":"2022-09-22T15:31:47","guid":{"rendered":"https:\/\/www.hashtag.al\/?p=550714"},"modified":"2022-09-22T17:31:47","modified_gmt":"2022-09-22T15:31:47","slug":"be-ja-do-vendose-sanksione-te-reja-ndaj-moskes-borrell","status":"publish","type":"post","link":"https:\/\/www.hashtag.al\/index.php\/2022\/09\/22\/be-ja-do-vendose-sanksione-te-reja-ndaj-moskes-borrell\/","title":{"rendered":"BE-ja do vendos\u00eb sanksione t\u00eb reja ndaj Mosk\u00ebs &#8211; Borrell","gt_translate_keys":[{"key":"rendered","format":"text"}]},"content":{"rendered":"<p><span style=\"color: #000000;\"><img loading=\"lazy\" decoding=\"async\" class=\"aligncenter size-full wp-image-550715\" src=\"https:\/\/www.hashtag.al\/wp-content\/uploads\/2022\/09\/borrell-1.jpg\" alt=\"\" width=\"768\" height=\"432\" srcset=\"https:\/\/www.hashtag.al\/wp-content\/uploads\/2022\/09\/borrell-1.jpg 768w, https:\/\/www.hashtag.al\/wp-content\/uploads\/2022\/09\/borrell-1-300x169.jpg 300w\" sizes=\"auto, (max-width: 768px) 100vw, 768px\" \/><\/span><\/p>\n<p><span style=\"color: #000000;\">BE-ja ka r\u00ebn\u00eb dakord t\u00eb vendos\u00eb sanksione t\u00eb reja ndaj Rusis\u00eb \u2018sa m\u00eb shpejt t\u00eb jet\u00eb e mundur\u2019 lidhur me planet p\u00ebr t\u00eb mbajtur referendume n\u00eb republikat e Donbass dhe rajonet e kontrolluara nga Rusia n\u00eb Ukrain\u00eb, tha t\u00eb m\u00ebrkur\u00ebn shefi i politik\u00ebs s\u00eb jashtme t\u00eb bllokut.<\/span><\/p>\n<p><span style=\"color: #000000;\">Duke folur pas nj\u00eb takimi urgjent t\u00eb ministrave t\u00eb jasht\u00ebm t\u00eb BE-s\u00eb, Josep Borrell tha se blloku kishte marr\u00eb nj\u00eb vendim \u2018politik\u2019 p\u00ebr t\u00eb vendosur sanksione t\u00eb reja sektoriale dhe individuale ndaj Rusis\u00eb.<\/span><\/p>\n<p><span style=\"color: #000000;\">Nd\u00ebrsa ai nuk sqaroi holl\u00ebsit\u00eb e sanksioneve t\u00eb reja, ai la t\u00eb kuptohet se ato do t\u00eb godasin ekonomin\u00eb ruse, ve\u00e7an\u00ebrisht sektorin e teknologjis\u00eb, nd\u00ebrkoh\u00eb q\u00eb BE-ja do vinte n\u00eb list\u00ebn e zez\u00eb nj\u00eb num\u00ebr individ\u00ebsh.<\/span><\/p>\n<p><span style=\"color: #000000;\">Ai gjithashtu vuri n\u00eb dukje se blloku do t&#8217;i ofroj\u00eb Ukrain\u00ebs ndihm\u00eb p\u00ebr sigurin\u00eb \u2018p\u00ebr aq koh\u00eb sa duhet\u2019. <em>&#8220;Sot \u00ebsht\u00eb e qart\u00eb se ne do t\u00eb vazhdojm\u00eb t\u00eb rrisim mb\u00ebshtetjen ton\u00eb ushtarake dhe t\u00eb vazhdojm\u00eb t\u00eb ofrojm\u00eb arm\u00eb p\u00ebr Ukrain\u00ebn.&#8221;<\/em> &#8211; shtoi ai.<\/span><\/p>\n<p><span style=\"color: #000000;\">Borrell komentoi gjithashtu zhvillimet e fundit n\u00eb konfliktin e Ukrain\u00ebs, duke akuzuar presidentin rus Putin se po p\u00ebrpiqet \u2018t\u00eb shkat\u00ebrroj\u00eb Ukrain\u00ebn\u2019 dhe p\u00ebr organizimin e mobilizimit t\u00eb pjessh\u00ebm p\u00ebr t\u00eb mb\u00ebshtetur ato q\u00eb ai i quajti referendume t\u00eb paligjshme.<\/span><\/p>\n","protected":false,"gt_translate_keys":[{"key":"rendered","format":"html"}]},"excerpt":{"rendered":"<p>BE-ja ka r\u00ebn\u00eb dakord t\u00eb vendos\u00eb sanksione t\u00eb reja ndaj Rusis\u00eb \u2018sa m\u00eb shpejt t\u00eb jet\u00eb e mundur\u2019 lidhur me planet p\u00ebr t\u00eb mbajtur referendume n\u00eb republikat e Donbass dhe rajonet e kontrolluara nga Rusia n\u00eb Ukrain\u00eb, tha t\u00eb m\u00ebrkur\u00ebn shefi i politik\u00ebs s\u00eb jashtme t\u00eb bllokut. Duke folur pas nj\u00eb takimi urgjent t\u00eb ministrave [&hellip;]<\/p>\n","protected":false,"gt_translate_keys":[{"key":"rendered","format":"html"}]},"author":51,"featured_media":550715,"comment_status":"closed","ping_status":"closed","sticky":false,"template":"","format":"standard","meta":{"footnotes":""},"categories":[6],"tags":[],"class_list":["post-550714","post","type-post","status-publish","format-standard","has-post-thumbnail","hentry","category-nderkombetare"],"gt_translate_keys":[{"key":"link","format":"url"}],"_links":{"self":[{"href":"https:\/\/www.hashtag.al\/index.php\/wp-json\/wp\/v2\/posts\/550714","targetHints":{"allow":["GET"]}}],"collection":[{"href":"https:\/\/www.hashtag.al\/index.php\/wp-json\/wp\/v2\/posts"}],"about":[{"href":"https:\/\/www.hashtag.al\/index.php\/wp-json\/wp\/v2\/types\/post"}],"author":[{"embeddable":true,"href":"https:\/\/www.hashtag.al\/index.php\/wp-json\/wp\/v2\/users\/51"}],"replies":[{"embeddable":true,"href":"https:\/\/www.hashtag.al\/index.php\/wp-json\/wp\/v2\/comments?post=550714"}],"version-history":[{"count":0,"href":"https:\/\/www.hashtag.al\/index.php\/wp-json\/wp\/v2\/posts\/550714\/revisions"}],"wp:featuredmedia":[{"embeddable":true,"href":"https:\/\/www.hashtag.al\/index.php\/wp-json\/wp\/v2\/media\/550715"}],"wp:attachment":[{"href":"https:\/\/www.hashtag.al\/index.php\/wp-json\/wp\/v2\/media?parent=550714"}],"wp:term":[{"taxonomy":"category","embeddable":true,"href":"https:\/\/www.hashtag.al\/index.php\/wp-json\/wp\/v2\/categories?post=550714"},{"taxonomy":"post_tag","embeddable":true,"href":"https:\/\/www.hashtag.al\/index.php\/wp-json\/wp\/v2\/tags?post=550714"}],"curies":[{"name":"wp","href":"https:\/\/api.w.org\/{rel}","templated":true}]}}