{"id":550523,"date":"2022-09-21T21:58:00","date_gmt":"2022-09-21T19:58:00","guid":{"rendered":"https:\/\/www.hashtag.al\/?p=550523"},"modified":"2022-09-21T21:58:00","modified_gmt":"2022-09-21T19:58:00","slug":"endrit-dokle-deshmoi-ne-polici-per-zhdukjen-e-ervis-martinajt-nuk-kam-lidhje-me-ngjarjen-skam-asnje-konflikt-me-te","status":"publish","type":"post","link":"https:\/\/www.hashtag.al\/index.php\/2022\/09\/21\/endrit-dokle-deshmoi-ne-polici-per-zhdukjen-e-ervis-martinajt-nuk-kam-lidhje-me-ngjarjen-skam-asnje-konflikt-me-te\/","title":{"rendered":"Endrit Dokle d\u00ebshmoi n\u00eb polici p\u00ebr zhdukjen e Ervis Martinajt: Nuk kam lidhje me ngjarjen, s\u2019kam asnj\u00eb konflikt me t\u00eb","gt_translate_keys":[{"key":"rendered","format":"text"}]},"content":{"rendered":"<p style=\"text-align: justify;\"><span style=\"color: #000000;\"><a style=\"color: #000000;\" href=\"https:\/\/www.hashtag.al\/wp-content\/uploads\/2022\/09\/dokle-martinaj-e1663789089127.jpeg\"><img loading=\"lazy\" decoding=\"async\" class=\"aligncenter size-full wp-image-550524\" src=\"https:\/\/www.hashtag.al\/wp-content\/uploads\/2022\/09\/dokle-martinaj-e1663789089127.jpeg\" alt=\"\" width=\"999\" height=\"562\" srcset=\"https:\/\/www.hashtag.al\/wp-content\/uploads\/2022\/09\/dokle-martinaj-e1663789089127.jpeg 999w, https:\/\/www.hashtag.al\/wp-content\/uploads\/2022\/09\/dokle-martinaj-e1663789089127-300x169.jpeg 300w, https:\/\/www.hashtag.al\/wp-content\/uploads\/2022\/09\/dokle-martinaj-e1663789089127-768x432.jpeg 768w\" sizes=\"auto, (max-width: 999px) 100vw, 999px\" \/><\/a><\/span><\/p>\n<p style=\"text-align: justify;\"><span style=\"color: #000000;\">Zhdukja e Ervis Martinajt q\u00eb prej fillim gushtit ka b\u00ebr\u00eb q\u00eb organet ligjbaztuese t\u00eb vihen n\u00eb l\u00ebvizje p\u00ebr t\u00eb marr\u00eb sa m\u00eb shum\u00eb t\u00eb dh\u00ebna q\u00eb t\u00eb zbulojn\u00eb ngjarjen.<\/span><\/p>\n<p style=\"text-align: justify;\"><span style=\"color: #000000;\">I pari q\u00eb u mor n\u00eb pyetje nga hetuesit p\u00ebr zhdukjen e Ervis Martinajt ishte babai i tij, Mustafa Martinaj. Ai tha se kishte humbur kontaktet me t\u00eb birin, nat\u00ebn kur n\u00eb telefonin e v\u00ebllait t\u00eb tij Faikut, kishte mb\u00ebrritur nj\u00eb mesazh nga Dubai.<\/span><\/p>\n<p style=\"text-align: justify;\"><span style=\"color: #000000;\">At\u00eb e niste \u201cnj\u00eb mik q\u00eb u donte t\u00eb mir\u00ebn\u201d. Por babai i Ervis Martinaj nuk thot\u00eb n\u00eb \u00e7\u2019m\u00ebnyr\u00eb i mbante kontaktet me t\u00eb birin, e shpallur n\u00eb k\u00ebrkim. P\u00ebr zhdukjen ai akuzon n\u00eb polici, Endrit Doklen dhe Nuredin Dumanin.<\/span><\/p>\n<p style=\"text-align: justify;\"><span style=\"color: #000000;\"><em>\u201cHer\u00ebn e fundit me Ervisin ka kontaktuar nj\u00eb njeri i af\u00ebrt. Kontaktet me djalin i kam humbur m\u00eb dat\u00eb 9 gusht ora 19:30. Pas k\u00ebsaj ore, ai nuk ka qen\u00eb n\u00eb linj\u00eb. Zhdukja e tij sipas mendimit tim i takon or\u00ebs 19:30 deri n\u00eb or\u00ebn 22:00 t\u00eb dat\u00ebs 9 gusht 2022. Nuk kam asnj\u00eb dijeni p\u00ebr vendin dhe njer\u00ebzit q\u00eb kan\u00eb marr\u00eb pjes\u00eb n\u00eb rr\u00ebmbimin e tij. I af\u00ebrmi q\u00eb ka kontaktuar djalin nuk ndodhet n\u00eb Shqip\u00ebri dhe mesa kam dijeni Ervisi nuk ka num\u00ebr shqiptar.<\/em><\/span><\/p>\n<p style=\"text-align: justify;\"><span style=\"color: #000000;\"><em>Zanafilla e k\u00ebsaj ngjarje lidhet me shpalljen e Ervisit n\u00eb k\u00ebrkim p\u00ebr krime t\u00eb trilluara nga Nuredin Dumani. Sqaroj se nd\u00ebrprerjen e komunikimit dhe t\u00eb zhdukjes s\u00eb djalit i kam marr\u00eb vesh nga i af\u00ebrmi im i cili jeton jasht\u00eb shtetit. Dyshoj se Ervisit mund t\u2019i ket\u00eb ndodhur di\u00e7ka e keqe nga grupe kriminale\u201d<\/em>\u00a0\u2013 ka th\u00ebn\u00eb para hetuesve Mustafa Martinaj, babai i Ervis Martinaj.<\/span><\/p>\n<p style=\"text-align: justify;\"><span style=\"color: #000000;\">Mb\u00ebshtetur n\u00eb d\u00ebshmit\u00eb e familjar\u00ebve grupi hetues mori n\u00eb pyetje edhe Endrit Doklen. Ky person doli edhe n\u00eb d\u00ebshmin\u00eb e Nuredin Dumanit q\u00eb tha se ka qen\u00eb objektiv i sh\u00ebnjestr\u00ebs s\u00eb Martinajt. Por Dokle, ashtu si\u00e7 pritej, mohoi t\u00eb kishte lidhje me zhdukjen e Ervis Martinajt.<\/span><\/p>\n<p style=\"text-align: justify;\"><span style=\"color: #000000;\"><em>\u201cUn\u00eb nuk kam asnj\u00eb lidhje me k\u00ebt\u00eb ngjarje. Dhe po k\u00ebshtu nuk kam asnj\u00eb konflikt me Ervis Martinaj\u201d \u2013<\/em>\u00a0\u00ebsht\u00eb shprehur Dokle.<\/span><\/p>\n<p style=\"text-align: justify;\"><span style=\"color: #000000;\">Sipas dosjes hetimore shfaqja e fundit publike e Martinaj, daton t\u00eb jet\u00eb m\u00eb 9 gusht n\u00eb Tiran\u00eb. Kjo n\u00eb ambientet e nj\u00eb qendre tregtare pran\u00eb Zogut t\u00eb Zi. Vet\u00ebm disa dit\u00eb pasi ai ishte par\u00eb t\u00eb l\u00ebvizte i lir\u00eb n\u00eb Durr\u00ebs.<\/span><\/p>\n<p style=\"text-align: justify;\"><span style=\"color: #000000;\">Nga data 9 gusht, kur ai shfaqet n\u00eb Tiran\u00eb dhe deri m\u00eb 10 gusht q\u00eb p\u00ebrkon me kall\u00ebzimin p\u00ebr zhdukjen e tij, nuk ka m\u00eb asnj\u00eb shenj\u00eb.<\/span><\/p>\n<p style=\"text-align: justify;\"><span style=\"color: #000000;\">P\u00ebr fatin e nj\u00eb personazhi jo t\u00eb zakont\u00eb, t\u00eb asht\u00ebquajtur \u201cMbreti shqiptar i loj\u00ebrave t\u00eb Fatit\u201d, nga data 11 gusht prokuroria ka regjistruar edhe nj\u00eb vep\u00ebr penale p\u00ebr \u201crr\u00ebmbim personi\u201d.<\/span><\/p>\n<p style=\"text-align: justify;\"><span style=\"color: #000000;\">N\u00eb t\u00eb gjith\u00eb k\u00ebt\u00eb histori, ato q\u00eb nuk kishin si t\u00eb mungonin, jan\u00eb padyshim, teorit\u00eb konspirative.\u00a0Nj\u00eb nd\u00ebr to \u00ebsht\u00eb edhe ekzistenca e nj\u00eb video, n\u00eb pamjes e s\u00eb cil\u00ebs shfaqet trupi i cop\u00ebtuar i Ervis Martinaj.<\/span><br \/>\n<span style=\"color: #000000;\">Nj\u00eb video q\u00eb thuhet se qarkullon dor\u00eb m\u00eb dor\u00eb, por q\u00eb askush deri m\u00eb sot nuk e ka par\u00eb. As vet\u00eb autoritetet ligjzbatuese q\u00eb mund t\u00eb konfirmonin v\u00ebrtet\u00ebsin\u00eb e saj.<\/span><\/p>\n<p style=\"text-align: justify;\">\n","protected":false,"gt_translate_keys":[{"key":"rendered","format":"html"}]},"excerpt":{"rendered":"<p>Zhdukja e Ervis Martinajt q\u00eb prej fillim gushtit ka b\u00ebr\u00eb q\u00eb organet ligjbaztuese t\u00eb vihen n\u00eb l\u00ebvizje p\u00ebr t\u00eb marr\u00eb sa m\u00eb shum\u00eb t\u00eb dh\u00ebna q\u00eb t\u00eb zbulojn\u00eb ngjarjen. I pari q\u00eb u mor n\u00eb pyetje nga hetuesit p\u00ebr zhdukjen e Ervis Martinajt ishte babai i tij, Mustafa Martinaj. Ai tha se kishte humbur kontaktet [&hellip;]<\/p>\n","protected":false,"gt_translate_keys":[{"key":"rendered","format":"html"}]},"author":32,"featured_media":550524,"comment_status":"closed","ping_status":"closed","sticky":false,"template":"","format":"standard","meta":{"footnotes":""},"categories":[65,13],"tags":[],"class_list":["post-550523","post","type-post","status-publish","format-standard","has-post-thumbnail","hentry","category-lajme","category-te-fundit"],"gt_translate_keys":[{"key":"link","format":"url"}],"_links":{"self":[{"href":"https:\/\/www.hashtag.al\/index.php\/wp-json\/wp\/v2\/posts\/550523","targetHints":{"allow":["GET"]}}],"collection":[{"href":"https:\/\/www.hashtag.al\/index.php\/wp-json\/wp\/v2\/posts"}],"about":[{"href":"https:\/\/www.hashtag.al\/index.php\/wp-json\/wp\/v2\/types\/post"}],"author":[{"embeddable":true,"href":"https:\/\/www.hashtag.al\/index.php\/wp-json\/wp\/v2\/users\/32"}],"replies":[{"embeddable":true,"href":"https:\/\/www.hashtag.al\/index.php\/wp-json\/wp\/v2\/comments?post=550523"}],"version-history":[{"count":0,"href":"https:\/\/www.hashtag.al\/index.php\/wp-json\/wp\/v2\/posts\/550523\/revisions"}],"wp:featuredmedia":[{"embeddable":true,"href":"https:\/\/www.hashtag.al\/index.php\/wp-json\/wp\/v2\/media\/550524"}],"wp:attachment":[{"href":"https:\/\/www.hashtag.al\/index.php\/wp-json\/wp\/v2\/media?parent=550523"}],"wp:term":[{"taxonomy":"category","embeddable":true,"href":"https:\/\/www.hashtag.al\/index.php\/wp-json\/wp\/v2\/categories?post=550523"},{"taxonomy":"post_tag","embeddable":true,"href":"https:\/\/www.hashtag.al\/index.php\/wp-json\/wp\/v2\/tags?post=550523"}],"curies":[{"name":"wp","href":"https:\/\/api.w.org\/{rel}","templated":true}]}}