{"id":550406,"date":"2022-09-21T13:46:42","date_gmt":"2022-09-21T11:46:42","guid":{"rendered":"https:\/\/www.hashtag.al\/?p=550406"},"modified":"2022-09-21T13:46:42","modified_gmt":"2022-09-21T11:46:42","slug":"berisha-mbledh-grupin-parlamentar-te-pd-se-po-ndodh-shperberja-totale-e-shtetit-ligjor","status":"publish","type":"post","link":"https:\/\/www.hashtag.al\/index.php\/2022\/09\/21\/berisha-mbledh-grupin-parlamentar-te-pd-se-po-ndodh-shperberja-totale-e-shtetit-ligjor\/","title":{"rendered":"Berisha mbledh grupin parlamentar t\u00eb PD-s\u00eb: Po ndodh shp\u00ebrb\u00ebrja totale e shtetit ligjor","gt_translate_keys":[{"key":"rendered","format":"text"}]},"content":{"rendered":"<p><span style=\"color: #000000;\"><a href=\"https:\/\/www.hashtag.al\/wp-content\/uploads\/2022\/09\/WhatsApp-Image-2022-09-21-at-1.44.36-PM.jpeg\"><img loading=\"lazy\" decoding=\"async\" class=\"aligncenter size-full wp-image-550408\" src=\"https:\/\/www.hashtag.al\/wp-content\/uploads\/2022\/09\/WhatsApp-Image-2022-09-21-at-1.44.36-PM.jpeg\" alt=\"\" width=\"1280\" height=\"853\" srcset=\"https:\/\/www.hashtag.al\/wp-content\/uploads\/2022\/09\/WhatsApp-Image-2022-09-21-at-1.44.36-PM.jpeg 1280w, https:\/\/www.hashtag.al\/wp-content\/uploads\/2022\/09\/WhatsApp-Image-2022-09-21-at-1.44.36-PM-300x200.jpeg 300w, https:\/\/www.hashtag.al\/wp-content\/uploads\/2022\/09\/WhatsApp-Image-2022-09-21-at-1.44.36-PM-1024x682.jpeg 1024w, https:\/\/www.hashtag.al\/wp-content\/uploads\/2022\/09\/WhatsApp-Image-2022-09-21-at-1.44.36-PM-768x512.jpeg 768w\" sizes=\"auto, (max-width: 1280px) 100vw, 1280px\" \/><\/a><\/span><\/p>\n<p><span style=\"color: #000000;\">Kryetari i PD-s\u00eb Sali Berisha ka mbledhur sot grupin Parlamentar t\u00eb k\u00ebsaj force politike. <\/span><span style=\"color: #000000;\">I pari q\u00eb mori fjal\u00ebn ishte deputeti Lu\u00e7iano Bo\u00e7i, m\u00eb pas kryetari Berisha.<\/span><\/p>\n<p><span style=\"color: #000000;\">Ai u shpreh se \u00ebsht\u00eb shp\u00ebrb\u00ebr\u00eb shteti ligjor, duke iu referuar zhvillimeve t\u00eb fundit me sulmet kibernetike.<\/span><\/p>\n<p><em><span style=\"color: #000000;\">\u201cN\u00eb zhvillimet e fundit n\u00eb vend, \u00e7do e fsheht\u00eb q\u00eb ka ekzistuar n\u00eb arkiv\u00ebn e vendit p\u00ebr banda dhe kriminel\u00eb sot \u00ebsht\u00eb n\u00eb treg dhe kjo p\u00ebrb\u00ebn nj\u00eb zhvillim n\u00eb pamje t\u00eb par\u00eb shum\u00eb trondit\u00ebs, por kur mendohesh dhe arsyeton, konstaton se bandit\u00ebt m\u00eb t\u00eb m\u00ebdhenj t\u00eb k\u00ebtij vendi, shefat e bandave t\u00eb vendit jan\u00eb n\u00eb Parlament, jan\u00eb n\u00eb qeveri, jan\u00eb n\u00eb institucione, at\u00ebhere \u00ebsht\u00eb e kot\u00eb t\u00eb dramatizosh di\u00e7ka q\u00eb n\u00eb nj\u00eb vend normal \u00ebsht\u00eb me t\u00eb v\u00ebrtet\u00eb dramatike.<\/span><\/em><\/p>\n<p><span style=\"color: #000000;\"><em>Sot pikat tona kufitare qarkullojn\u00eb lirsh\u00ebm, hyjn\u00eb dhe dalin t\u00eb k\u00ebrkuar dhe t\u00eb pak\u00ebrkuar pasi sistemet nuk funksionojn\u00eb, por p\u00ebrs\u00ebri sot ortak\u00ebt e tyre hyjn\u00eb n\u00eb Parlament, hyjn\u00eb n\u00eb qeveri dhe hyjn\u00eb n\u00eb institucione q\u00eb po t\u00eb krahasosh se pasurit\u00eb e krijuara nga ata me akte malavite, krahasuar me ministra e qeveritar\u00eb t\u00eb tjer\u00eb me firma e dokumente zyrtare, ato jan\u00eb th\u00ebrrime n\u00eb krahasim me k\u00ebto t\u00eb tyre. \u00cbsht\u00eb e v\u00ebrtet\u00eb q\u00eb ishte nj\u00eb sulmi i nj\u00eb fuqie armike por k\u00ebto kan\u00eb ndodhur r\u00ebndom nga vet\u00eb qeveria dhe bandat e saj. Ajo q\u00eb po ndodh n\u00eb Shqip\u00ebri, \u00ebsht\u00eb shp\u00ebrb\u00ebrja e plot\u00eb e shtetit ligjor. Shp\u00ebrb\u00ebrja totale.\u201d-<\/em> tha Berisha.<\/span><\/p>\n<p><span style=\"color: #000000;\">Mbledhja zhvillohet vet\u00ebm 5 dit\u00eb nga mbledhja e K\u00ebshillit Komb\u00ebtar t\u00eb PD, q\u00eb \u00ebsht\u00eb vendosur t\u00eb mbahet n\u00eb 26 Shtator dhe pritet q\u00eb t\u00eb merren vendime t\u00eb r\u00ebnd\u00ebsishme p\u00ebr aksionin politik opozitar.<\/span><\/p>\n","protected":false,"gt_translate_keys":[{"key":"rendered","format":"html"}]},"excerpt":{"rendered":"<p>Kryetari i PD-s\u00eb Sali Berisha ka mbledhur sot grupin Parlamentar t\u00eb k\u00ebsaj force politike. I pari q\u00eb mori fjal\u00ebn ishte deputeti Lu\u00e7iano Bo\u00e7i, m\u00eb pas kryetari Berisha. Ai u shpreh se \u00ebsht\u00eb shp\u00ebrb\u00ebr\u00eb shteti ligjor, duke iu referuar zhvillimeve t\u00eb fundit me sulmet kibernetike. \u201cN\u00eb zhvillimet e fundit n\u00eb vend, \u00e7do e fsheht\u00eb q\u00eb ka [&hellip;]<\/p>\n","protected":false,"gt_translate_keys":[{"key":"rendered","format":"html"}]},"author":30,"featured_media":550408,"comment_status":"closed","ping_status":"closed","sticky":false,"template":"","format":"standard","meta":{"footnotes":""},"categories":[65,13],"tags":[],"class_list":["post-550406","post","type-post","status-publish","format-standard","has-post-thumbnail","hentry","category-lajme","category-te-fundit"],"gt_translate_keys":[{"key":"link","format":"url"}],"_links":{"self":[{"href":"https:\/\/www.hashtag.al\/index.php\/wp-json\/wp\/v2\/posts\/550406","targetHints":{"allow":["GET"]}}],"collection":[{"href":"https:\/\/www.hashtag.al\/index.php\/wp-json\/wp\/v2\/posts"}],"about":[{"href":"https:\/\/www.hashtag.al\/index.php\/wp-json\/wp\/v2\/types\/post"}],"author":[{"embeddable":true,"href":"https:\/\/www.hashtag.al\/index.php\/wp-json\/wp\/v2\/users\/30"}],"replies":[{"embeddable":true,"href":"https:\/\/www.hashtag.al\/index.php\/wp-json\/wp\/v2\/comments?post=550406"}],"version-history":[{"count":0,"href":"https:\/\/www.hashtag.al\/index.php\/wp-json\/wp\/v2\/posts\/550406\/revisions"}],"wp:featuredmedia":[{"embeddable":true,"href":"https:\/\/www.hashtag.al\/index.php\/wp-json\/wp\/v2\/media\/550408"}],"wp:attachment":[{"href":"https:\/\/www.hashtag.al\/index.php\/wp-json\/wp\/v2\/media?parent=550406"}],"wp:term":[{"taxonomy":"category","embeddable":true,"href":"https:\/\/www.hashtag.al\/index.php\/wp-json\/wp\/v2\/categories?post=550406"},{"taxonomy":"post_tag","embeddable":true,"href":"https:\/\/www.hashtag.al\/index.php\/wp-json\/wp\/v2\/tags?post=550406"}],"curies":[{"name":"wp","href":"https:\/\/api.w.org\/{rel}","templated":true}]}}