{"id":550374,"date":"2022-09-21T11:21:50","date_gmt":"2022-09-21T09:21:50","guid":{"rendered":"https:\/\/www.hashtag.al\/?p=550374"},"modified":"2022-09-21T18:31:59","modified_gmt":"2022-09-21T16:31:59","slug":"intervista-e-plote-biznesmeni-luftar-hysa-skam-asnje-lidhje-me-kartelet-ne-meksike-sulmi-nga-konkurrenca","status":"publish","type":"post","link":"https:\/\/www.hashtag.al\/index.php\/2022\/09\/21\/intervista-e-plote-biznesmeni-luftar-hysa-skam-asnje-lidhje-me-kartelet-ne-meksike-sulmi-nga-konkurrenca\/","title":{"rendered":"INTERVISTA E PLOT\u00cb\/ Biznesmeni Luftar Hysa: S\u2019kam asnj\u00eb lidhje me kartelet n\u00eb Meksik\u00eb, sulmi nga konkurrenca. Bizneset t\u00eb gjitha t\u00eb verifikuara","gt_translate_keys":[{"key":"rendered","format":"text"}]},"content":{"rendered":"<p><span style=\"color: #000000;\"><img loading=\"lazy\" decoding=\"async\" class=\"aligncenter size-full wp-image-550375\" src=\"https:\/\/www.hashtag.al\/wp-content\/uploads\/2022\/09\/luftar-hysa-1.jpg\" alt=\"\" width=\"1200\" height=\"556\" srcset=\"https:\/\/www.hashtag.al\/wp-content\/uploads\/2022\/09\/luftar-hysa-1.jpg 1200w, https:\/\/www.hashtag.al\/wp-content\/uploads\/2022\/09\/luftar-hysa-1-300x139.jpg 300w, https:\/\/www.hashtag.al\/wp-content\/uploads\/2022\/09\/luftar-hysa-1-1024x474.jpg 1024w, https:\/\/www.hashtag.al\/wp-content\/uploads\/2022\/09\/luftar-hysa-1-768x356.jpg 768w\" sizes=\"auto, (max-width: 1200px) 100vw, 1200px\" \/><\/span><\/p>\n<p><span style=\"color: #000000;\">Biznesmeni Luftar Hysa n\u00eb nj\u00eb intervist\u00eb p\u00ebr emisionin \u2018Opinion\u2019 mbr\u00ebmjen e djeshme dha shpjegimin e tij mbi akuzat e b\u00ebra ndaj tij nga nj\u00eb media meksikane, sipas s\u00eb cil\u00ebs ai \u00ebsht\u00eb aleat i nj\u00eb karteli t\u00eb fuqish\u00ebm n\u00eb Meksik\u00eb.<\/span><\/p>\n<p><span style=\"color: #000000;\">Ai deklaroi se shkrimi n\u00eb gazet\u00eb \u00ebsht\u00eb b\u00ebr\u00eb nga konkurrent\u00ebt duke pohuar se nuk \u00ebsht\u00eb hera e par\u00eb q\u00eb ndaj tij e bizneseve t\u00eb tija ka sulme t\u00eb tilla mediatike.<\/span><\/p>\n<p><span style=\"color: #000000;\"> Gjat\u00eb intervist\u00ebs, Hysa tha se ka biznese n\u00eb Meksik\u00eb, Belize e Kanada dhe se nuk ka kryer asnj\u00eb aktivitet t\u00eb paligjsh\u00ebm gjat\u00eb gjith\u00eb karrier\u00ebs s\u00eb tij. <\/span><\/p>\n<p><span style=\"color: #000000;\">Lidhur me shkrimin e gazet\u00ebs meksikane \u2018El Universal\u2019 q\u00eb e akuzon p\u00ebr lidhje me kartelin e Sinaloas, Hysa tha se nj\u00eb sulm i ngjash\u00ebm anonim, me t\u00eb nj\u00ebjtat pretendime si i gazet\u00ebs, \u00ebsht\u00eb b\u00ebr\u00eb edhe koh\u00eb m\u00eb par\u00eb. Ai publikoi nj\u00eb dokument t\u00eb autoriteteve meksikane t\u00eb cilat pas hetimit nuk kan\u00eb gjetur asnj\u00eb shkelje n\u00eb bizneset e tij.<\/span><\/p>\n<p><span style=\"color: #000000;\">Po k\u00ebshtu ai i quajti t\u00eb pav\u00ebrteta akuzat e pretendimet e gazetar\u00ebve shqiptar\u00eb lidhur me personin apo veprimtarit\u00eb e tij duke pohuar se nuk kan\u00eb asnj\u00eb fakt dhe se jan\u00eb t\u00eb gjitha false.<\/span><\/p>\n<p><span style=\"color: #000000;\">I pyetur nga gazetari Blendi Fevziu n\u00eb disa raste, ai mohoi kategorikisht t\u00eb kishte lidhje me ndonj\u00eb kartel apo veprimtari t\u00eb paligjshme n\u00eb biznesin e tij. Po k\u00ebshtu Hysa hodhi posht\u00eb se e njihte apo ishte takuar me shefin e kartelit meksikan t\u00eb Sinaloas, Ismael \u2018El Mayo\u2019 Zambada. <\/span><\/p>\n<p><span style=\"color: #000000;\">Hysa theksoi se n\u00eb t\u00eb gjitha vendet ku operon, u \u00ebsht\u00eb n\u00ebnshtruar verifikimeve mbi biznesin, personin e tij, t\u00eb ardhurat dhe n\u00eb asnj\u00eb rast nuk \u00ebsht\u00eb gjetur asnj\u00eb shkelje.<\/span><\/p>\n<p><span style=\"color: #000000;\">N\u00eb fillimet e intervist\u00ebs, biznesmeni Luftar Hysa foli mbi rrug\u00ebtimin e tij nga Shqip\u00ebria, drejt Afrik\u00ebs s\u00eb Jugut, ku nisi fillimisht biznesin e loj\u00ebrave t\u00eb fatit, e m\u00eb pas drejt Perus\u00eb, prej nga ku n\u00eb vitin 2004 shkoi n\u00eb Meksik\u00eb, ku ushtron aktivitetin\u00a0 sot e k\u00ebsaj dite. <\/span><\/p>\n<p><span style=\"color: #000000;\">Ai pohoi se partneri i tij i vet\u00ebm n\u00eb biznes \u00ebsht\u00eb i v\u00ebllai, nd\u00ebrsa p\u00ebrs\u00ebriti se as ai, as v\u00ebllez\u00ebrit e tij e as bizneset e tij nuk kan\u00eb asgj\u00eb t\u00eb paligjshme, ndaj tyre nuk ka asnj\u00eb gjykim apo akuz\u00eb n\u00eb asnj\u00eb prej vendeve ku ai operon.<\/span><\/p>\n<p><span style=\"color: #000000;\">N\u00eb nj\u00eb pjes\u00eb t\u00eb intervist\u00ebs, Hysa sqaron edhe takimin e tij me kryeministrin Edi Rama duke rr\u00ebfyer historin\u00eb e mikut t\u00eb tij skocez dhe interesit t\u00eb tij p\u00ebr t\u00eb b\u00ebr\u00eb nj\u00eb lib\u00ebr p\u00ebr Shqip\u00ebrin\u00eb. Takim i mund\u00ebsuar nga nj\u00eb mik i tij, deputet gjerman. <\/span><\/p>\n<p><span style=\"color: #000000;\">N\u00eb fund Hysa tha se do vijoj\u00eb t\u00eb b\u00ebj\u00eb biznes kudo n\u00eb bot\u00eb ku i krijohet mund\u00ebsia duke respektuar hap\u00ebsirat ligjore q\u00eb ofron vendi p\u00ebrkat\u00ebs. M\u00eb posht\u00eb \u00ebsht\u00eb intervista e plot\u00eb e biznesmenit Luftar Hysa dh\u00ebn\u00eb p\u00ebr gazetarin Blendi Fevziu n\u00eb \u2018Opinion\u2019 mbr\u00ebmjen e djeshme.<\/span><\/p>\n<p><span style=\"color: #000000;\"><strong>Intervista e plot\u00eb<\/strong><\/span><\/p>\n<p><span style=\"color: #000000;\"><span style=\"color: #ff0000;\">Fevziu<\/span>: Mir\u00ebmbr\u00ebma<\/span><\/p>\n<p><span style=\"color: #000000;\"><span style=\"color: #0000ff;\">Hysa:<\/span> Mir\u00ebmbr\u00ebma.<\/span><\/p>\n<p><span style=\"color: #000000;\"><span style=\"color: #ff0000;\">Fevziu:<\/span> Jeni p\u00ebrfolur dit\u00ebt e fundit p\u00ebr nj\u00eb takim n\u00eb kryeministri nd\u00ebrkoh\u00eb q\u00eb nj\u00eb prej gazetave meksikane, nj\u00eb gazet\u00eb jo e vog\u00ebl meksikane ju ka akuzuar si nj\u00eb pjestar, po ju quaj i nj\u00eb karteli, i nj\u00eb prej karteleve m\u00eb fam\u00ebkeqe q\u00eb ka bota, i Sinaloas. \u00c7\u2019doni ju n\u00eb Meksik\u00eb, nj\u00eb shqiptar n\u00eb Meksik\u00eb. Cila \u00ebsht\u00eb jeta juaj.<\/span><\/p>\n<p><span style=\"color: #000000;\"><span style=\"color: #0000ff;\">Hysa:<\/span> Jeta ime ka nj\u00eb trajektore t\u00eb gjat\u00eb dhe meq\u00eb m\u00eb pyet\u00ebt se \u00e7\u2019dua un\u00eb n\u00eb Meksik\u00eb, ti dhe un\u00eb jemi nga ai brez q\u00eb ne kemi filluar l\u00ebvizjen demokratike dhe n\u00eb l\u00ebvizjen ton\u00eb demokratike kur kemi filluar, nj\u00eb nga \u00ebndrrat tona t\u00eb m\u00ebdha ka qen\u00eb q\u00eb ne t\u00eb ishim njer\u00ebz t\u00eb lir\u00eb dhe t\u00eb nj\u00eb bote t\u00eb lir\u00eb q\u00eb t\u00eb l\u00ebviznim ku t\u00eb donim.<\/span><\/p>\n<p><span style=\"color: #000000;\"><span style=\"color: #ff0000;\">Fevziu:<\/span> N\u00eb cilin vit jeni larguar nga Shqip\u00ebria.<\/span><\/p>\n<p><span style=\"color: #000000;\"><span style=\"color: #0000ff;\">Hysa:<\/span> Un\u00eb jet\u00ebn time e kam filluar n\u00eb vitin 1990 kur kam mbaruar inxhinierin\u00eb. Jam larguar nga Shqip\u00ebria n\u00eb vitin 1998 dhe p\u00ebr fatin e mir\u00eb timin&#8230;<\/span><\/p>\n<p><span style=\"color: #000000;\"><span style=\"color: #ff0000;\">Fevziu:<\/span> Po nga viti viti 1990 deri n\u00eb 1998?<\/span><\/p>\n<p><span style=\"color: #000000;\"><span style=\"color: #0000ff;\">Hysa:<\/span> Kam punuar inxhinier mekanik n\u00eb TEC C\u00ebrrik dhe pastaj kam qen\u00eb drejtor i Drejtoris\u00eb s\u00eb Ujrave.<\/span><\/p>\n<p><span style=\"color: #000000;\"><span style=\"color: #ff0000;\">Fevziu:<\/span> Pra keni qen\u00eb inxhinier n\u00eb TEC-in e C\u00ebrrikut dhe drejtor i Drejtoris\u00eb s\u00eb Uj\u00ebrave.<\/span><\/p>\n<p><span style=\"color: #000000;\"><span style=\"color: #0000ff;\">Hysa:<\/span> Dhe pastaj kam b\u00ebr\u00eb gjithashtu edhe jet\u00eb politike. Pasi kam qen\u00eb kryetar i PD-s\u00eb s\u00eb Belshit q\u00eb me themelimin e saj kur kam qen\u00eb 23 vje\u00e7. N\u00eb vitin 1991, kur \u00ebsht\u00eb themeluar seksioni i PD-s\u00eb n\u00eb Belsh un\u00eb jam zgjedhur kryetari i PD-s\u00eb s\u00eb Belshit.<\/span><\/p>\n<p><span style=\"color: #000000;\"><span style=\"color: #ff0000;\">Fevziu:<\/span> Nd\u00ebrkoh\u00eb q\u00eb ishit diplomuar p\u00ebr inxhinieri. Si u larguat nga Shqip\u00ebria?<\/span><\/p>\n<p><span style=\"color: #000000;\"><span style=\"color: #0000ff;\">Hysa:<\/span> Nga Shqip\u00ebria un\u00eb jam larguar n\u00eb vitin 1998, me ngjarjet e vitit 1997. Un\u00eb jetoja n\u00eb C\u00ebrrik dhe nj\u00eb nga problemet madhore q\u00eb ka ndodhur n\u00eb vitin 1997 ka qen\u00eb edhe masakra e famshme e C\u00ebrrikut. Un\u00eb kam pasur, vet\u00ebm familja ime e di q\u00eb un\u00eb kam patur probleme, atp q\u00eb s\u2019dua t\u2019i kthehem dhe s\u2019dua t\u2019i prek dhe jam larguar drejt Afrik\u00ebs s\u00eb Jugut ku jetonin v\u00ebllez\u00ebrit e mi.<\/span><\/p>\n<p><span style=\"color: #000000;\"><span style=\"color: #ff0000;\">Fevziu:<\/span> Po v\u00ebllez\u00ebrit prej \u00e7far\u00eb kohe jetonin n\u00eb Afrik\u00ebn e Jugut?<\/span><\/p>\n<p><span style=\"color: #000000;\"><span style=\"color: #0000ff;\">Hysa:<\/span> V\u00ebllai im, q\u00eb edhe ai \u00ebsht\u00eb i p\u00ebrfolur k\u00ebtu jetonte q\u00eb n\u00eb vitin 1993 n\u00eb Afrik\u00ebn e Jugut. M\u00eb t\u00eb famshmen q\u00eb njer\u00ebzit iknin n\u00eb at\u00eb koh\u00eb sepse k\u00ebto k\u00ebrkonin dik\u00eb se do t\u2019i jepte nj\u00eb t\u00eb ardhme dhe k\u00ebta ik\u00ebn sepse ishte ajo e famshmja dhe ti e di shum\u00eb mir\u00eb, ishte Leka Zogu atje dhe k\u00ebta do gjenin Leka Zogun dhe do t\u2019i ndihmonte. Dhe un\u00eb kam pas fatin e mir\u00eb q\u00eb t\u00eb takoj ty n\u00eb vitin 1999 n\u00eb Afrik\u00eb t\u00eb Jugut. Ju s\u2019e mbani mend po un\u00eb e mbaj mend. Jemi takuar sepse ju b\u00ebt\u00eb emisionin p\u00ebr Leka Zogun dhe nj\u00ebkoh\u00ebsisht na takuat edhe ne si nj\u00eb grup shqiptar\u00ebsh. Ishim shum\u00eb pak, ishim 28 veta gjithsesj n\u00eb at\u00eb koh\u00eb n\u00eb Afrik\u00eb t\u00eb Jugut.<\/span><\/p>\n<p><span style=\"color: #000000;\"><span style=\"color: #ff0000;\">Fevziu:<\/span> N\u00eb vitin 1998 u vendos\u00ebt n\u00eb Afrik\u00ebn e Jugut. Deri n\u00eb \u00e7far\u00eb viti keni jetuar n\u00eb Afrik\u00ebn e Jugut?<\/span><\/p>\n<p><span style=\"color: #000000;\"><span style=\"color: #0000ff;\">Hysa:<\/span> Kam jetuar n\u00eb Afrik\u00ebn e Jugut deri n\u00eb vitin 2001. Kam jetuar 2 vjet e 11 muaj dit\u00eb m\u00eb dit\u00eb dhe n\u00eb k\u00ebt\u00eb koh\u00eb q\u00eb jam jetuar n\u00eb Afrik\u00ebn e Jugut, kam jetuar vet\u00ebm, pa familjen time, pa gruan e f\u00ebmij\u00ebt e mi. P\u00ebr 2 vjet e 11 muaj nuk kam takuar as gruan time, as f\u00ebmij\u00ebt e mi. Ka qen\u00eb nj\u00eb periudh\u00eb e v\u00ebshtir\u00eb, e gjat\u00eb. Ka qen\u00eb periudha q\u00eb ne nuk dinim se ku drejtoheshim apo ku shkonim.<\/span><\/p>\n<p><span style=\"color: #000000;\"><span style=\"color: #ff0000;\">Fevziu:<\/span> Nga Afrika e Jugut ku u transferuar?<\/span><\/p>\n<p><span style=\"color: #000000;\"><span style=\"color: #0000ff;\">Hysa:<\/span> Nga Afrika e Jugut, ne kishim nj\u00eb biznes modest, se nuk do kthehem te bizneset edhen\u00eb koh\u00ebn mbrapa. Nga Afrika e Jugut bashk\u00eb me dy partner\u00ebt e mi kam ikur n\u00eb Peru. Kemi ikur atje me nj\u00eb synim sepse donim t\u00eb hapnim loj\u00ebrat e fatit. Kur kemi par\u00eb n\u00eb t\u00eb gjitha ato vendet&#8230;<\/span><\/p>\n<p><span style=\"color: #000000;\"><span style=\"color: #ff0000;\">Fevziu:<\/span> Kishit biznes loj\u00ebrash fati n\u00eb Afrik\u00ebn e Jugut?<\/span><\/p>\n<p><span style=\"color: #000000;\"><span style=\"color: #0000ff;\">Hysa:<\/span> Kishim biznes t\u00eb loj\u00ebrave t\u00eb fatit n\u00eb Afrik\u00ebn e Jugut.<\/span><\/p>\n<p><span style=\"color: #000000;\"><span style=\"color: #ff0000;\">Fevziu:<\/span> Partner\u00ebt tuaj \u00e7far\u00eb komb\u00ebsie kishin?<\/span><\/p>\n<p><span style=\"color: #000000;\"><span style=\"color: #0000ff;\">Hysa:<\/span> Kishin komb\u00ebsi t\u00eb Afrik\u00ebs s\u00eb Jugut me origjin\u00eb nga Qipro.<\/span><\/p>\n<p><span style=\"color: #000000;\"><span style=\"color: #ff0000;\">Fevziu:<\/span> Me origjin\u00eb qipriote dhe ishin shtetas t\u00eb Afrik\u00ebs s\u00eb Jugut.<\/span><\/p>\n<p><span style=\"color: #000000;\"><span style=\"color: #0000ff;\">Hysa:<\/span> Q\u00eb t\u00eb mos zgjatemi me k\u00ebt\u00eb. Kur pam\u00eb vet\u00ebm n\u00eb Peru n\u00eb at\u00eb koh\u00eb lejoheshin lojrat e fatit. N\u00eb vendet ku pam\u00eb ne, Perun\u00eb e gjet\u00ebm si vendin ku lejoheshin loj\u00ebrat e fatit. Dhe vendos\u00ebm, shkuam atje dhe filluam biznesin nga viti 2001 dhe un\u00eb kam q\u00ebndruar nga viti 2001 deri n\u00eb vitin 2004 n\u00eb Peru.<\/span><\/p>\n<p><span style=\"color: #000000;\"><span style=\"color: #ff0000;\">Fevziu:<\/span> N\u00eb \u00e7far\u00eb zone t\u00eb Perus\u00eb?<\/span><\/p>\n<p><span style=\"color: #000000;\"><span style=\"color: #0000ff;\">Hysa:<\/span> Kam jetuar n\u00eb Lima, por kam shkuar dhe kam vizituar gjith\u00eb Perun\u00eb sepse \u00ebsht\u00eb nj\u00eb vend shum\u00eb i bukur. Ka historin\u00eb, gjeografin\u00eb. Kam pas fatin e madh n\u00eb jet\u00eb q\u00eb n\u00eb pes\u00eb shtetet apo vendet, kan\u00eb t\u00eb gjitha mikroklimat brenda, un\u00eb kam jetuar n\u00eb kat\u00ebr nga ato.<\/span><\/p>\n<p><span style=\"color: #000000;\"><span style=\"color: #ff0000;\">Fevziu:<\/span> Nga viti 2001 d\u00ebri n\u00eb vitin 2004 jetuat n\u00eb Peru. Po nga viti 2004?<\/span><\/p>\n<p><span style=\"color: #000000;\"><span style=\"color: #0000ff;\">Hysa<\/span>: n\u00eb k\u00ebt\u00eb periudh\u00eb q\u00eb ishim n\u00eb Peru dhe biznesi ishte jo shum\u00eb i fort\u00eb sepse Peruja ka nj\u00eb ekonomi jo shum\u00eb t\u00eb fort\u00eb. N\u00eb k\u00ebt\u00eb koh\u00eb nj\u00eb person q\u00eb ishte nga Australia, vjend dhe ishte miku yn\u00eb, q\u00eb na shiste makinat e loj\u00ebrav\u00eb t\u00eb fatit na thot\u00eb q\u00eb tregu po hapet n\u00eb Meksik\u00eb. Dhe ne n\u00eb at\u00eb koh\u00eb shkuam e u p\u00ebrqendruam n\u00eb Meksik\u00eb dhe filluam t\u00eb operonim m\u00eb Meksik\u00eb. Un\u00eb kam shkuar n\u00eb mars t\u00eb vitit 2004 n\u00eb Meksik\u00eb.<\/span><\/p>\n<p><span style=\"color: #000000;\"><span style=\"color: #ff0000;\">Fevziu:<\/span> Pra nga Shqip\u00ebria jeni larguar n\u00eb Afrik\u00eb t\u00eb Jugut, n\u00eb Peru dhe pastaj u vendos\u00ebt n\u00eb Meksik\u00eb. K\u00ebto 18 vjet operoni n\u00eb Meksik\u00eb?<\/span><\/p>\n<p><span style=\"color: #000000;\"><span style=\"color: #0000ff;\">Hysa:<\/span> Un\u00eb prej 18 vjet\u00ebsh operoj n\u00eb Meksik\u00eb dhe jam qytetar meksikan nga viti 2016.<\/span><\/p>\n<p><span style=\"color: #000000;\"><span style=\"color: #ff0000;\">Fevziu:<\/span> Qytetar meksikan. Edhe familja juaj jeton n\u00eb Meksik\u00eb?<\/span><\/p>\n<p><span style=\"color: #000000;\"><span style=\"color: #0000ff;\">Hysa:<\/span> Jo, familja ime jeton n\u00eb Kanada.<\/span><\/p>\n<p><span style=\"color: #000000;\"><span style=\"color: #ff0000;\">Fevziu:<\/span> Jeni dhe shtetas kanadez?<\/span><\/p>\n<p><span style=\"color: #000000;\"><span style=\"color: #0000ff;\">Hysa:<\/span> Un\u00eb jam rezident kanadez, sepse nuk mund t\u00eb mbaj m\u00eb shum\u00eb se dy pasaporta.<\/span><\/p>\n<p><span style=\"color: #000000;\"><span style=\"color: #ff0000;\">Fevziu:<\/span> Ke pasaport\u00ebn shqiptare dhe meksikane. N\u00eb \u00e7far\u00eb zone t\u00eb Meksik\u00ebs jeni vendosur?<\/span><\/p>\n<p><span style=\"color: #000000;\"><span style=\"color: #0000ff;\">Hysa:<\/span> Un\u00eb jetoj n\u00eb Kankun n\u00eb k\u00ebt\u00eb moment. Bizneset e mia n\u00eb Meksik\u00eb jan\u00eb gjithandej dhe un\u00eb i kam pas n\u00eb zona t\u00eb ndryshme.<\/span><\/p>\n<p><span style=\"color: #000000;\"><span style=\"color: #ff0000;\">Fevziu:<\/span> Jeni bashk\u00eb me partner\u00ebt apo jeni vet\u00ebm?<\/span><\/p>\n<p><span style=\"color: #000000;\"><span style=\"color: #0000ff;\">Hysa:<\/span> Partneri im vet\u00ebm \u00ebsht\u00eb v\u00ebllai im.<\/span><\/p>\n<p><span style=\"color: #000000;\"><span style=\"color: #ff0000;\">Fevziu:<\/span> Sa biznese keni n\u00eb Meksik\u00eb?<\/span><\/p>\n<p><span style=\"color: #000000;\"><span style=\"color: #0000ff;\">Hysa:<\/span> Jan\u00eb disa. Mbi 10 biznese. Bizneset tona jan\u00eb loj\u00ebrat e fatit, restorantet, baret.<\/span><\/p>\n<p><span style=\"color: #000000;\"><span style=\"color: #ff0000;\">Fevziu:<\/span> Pra jeni pronar kazinosh, restorantesh, baresh n\u00eb zon\u00ebn e Kankunit apo n\u00eb gjith\u00eb Meksik\u00ebn.<\/span><\/p>\n<p><span style=\"color: #000000;\"><span style=\"color: #0000ff;\">Hysa:<\/span> N\u00eb t\u00eb gjith\u00eb Meksik\u00ebn. Sepse ne faktikisht biznesin e kemi fillu. Vendi i par\u00eb q\u00eb e kemi fillu ka qen\u00eb Saltillo Coahuila dhe pastaj nga aty jemi shtrir\u00eb. Dua t\u00eb tregoj k\u00ebt\u00eb moment k\u00ebtu se \u00ebsht\u00eb shum\u00eb interesant. Meksiko p\u00ebrfaq\u00ebson 40% t\u00eb t\u00eb ardhurave t\u00eb Las Vegasit dhe duke qen\u00eb se p\u00ebrfaq\u00ebson 40% t\u00eb t\u00eb ardhurave t\u00eb Las Vegasit ka pas q\u00eb ligji i loj\u00ebrave t\u00eb fatit ka qen\u00eb i vitit 1947. Dhe p\u00ebr nj\u00eb periudh\u00eb t\u00eb gjat\u00eb n\u00eb Meksik\u00eb s\u2019ka pas loj\u00ebra fati. Dhe kur u hap, u hap me dekret presidenti dhe n\u00eb vitin 2005 u dhan\u00eb licenca, po licencat u dhan\u00eb me grupe. Dhe ata q\u00eb mor\u00ebn grupet e licencave ne filluam t\u00eb operonim bashk\u00eb me ata. Dhe kur filluar, se k\u00ebtu do dal\u00eb e gjith\u00eb tema e k\u00ebsaj bisede&#8230;<\/span><\/p>\n<p><span style=\"color: #000000;\"><span style=\"color: #ff0000;\">Fevziu:<\/span> Pse duhet t\u00eb operonin me ju k\u00ebta njer\u00ebz?<\/span><\/p>\n<p><span style=\"color: #000000;\"><span style=\"color: #0000ff;\">Hysa:<\/span> Meksika nuk kishte n\u00eb at\u00eb koh\u00eb asnj\u00eb operator p\u00ebr 50 vite, njer\u00ebzit q\u00eb operojn\u00eb n\u00ebp\u00ebr bot\u00eb q\u00eb kishin eksperienc\u00eb filluan t\u00eb operojn\u00eb n\u00eb Meksik\u00eb. Edhe licenat q\u00eb u dhan\u00eb u b\u00ebn\u00eb sipas ligjeve q\u00eb funksionojn\u00eb po ishte nj\u00eb proces hap pas hapi. Ishte me dekrete q\u00eb ishin hap pas hapi. Dhe nga kjo doli q\u00eb kur filluam k\u00ebto biznese, ngaq\u00eb ishin bizneset e para, ato qen\u00eb shum\u00eb fitimprur\u00ebse dhe shum\u00eb lukrative.<\/span><\/p>\n<p><span style=\"color: #000000;\"><span style=\"color: #ff0000;\">Fevziu:<\/span> Q\u00eb do t\u00eb thot\u00eb ju u pasuruat&#8230;<\/span><\/p>\n<p><span style=\"color: #000000;\"><span style=\"color: #0000ff;\">Hysa:<\/span> Fjala pasurim \u00ebsht\u00eb term i kafeneve dhe nuk dua ta p\u00ebrdor k\u00ebt\u00eb fjal\u00eb. Por ishte nj\u00eb biznes fitimprur\u00ebs q\u00eb lejon q\u00eb ti t\u00eb riinvestosh, t\u00eb b\u00ebsh biznes akoma m\u00eb shum\u00eb.<\/span><\/p>\n<p><span style=\"color: #000000;\"><span style=\"color: #ff0000;\">Fevziu:<\/span> Dhe ju keni investuar vet\u00ebm n\u00eb Meksik\u00eb apo edhe n\u00eb zona t\u00eb tjera?<\/span><\/p>\n<p><span style=\"color: #000000;\"><span style=\"color: #0000ff;\">Hysa:<\/span> Kemi invesuar edhe n\u00eb zona t\u00eb tjera. Kemi biznese gjithashtu n\u00eb Belize, kemi kazino. \u00cbsht\u00eb i vetmi shtet q\u00eb flet anglisht sepse ka qen\u00eb koloni angleze. Atje kemi edhe nj\u00eb hotel me 50 dhoma q\u00eb e kemi dh\u00ebn\u00eb me qira nj\u00eb kompanie q\u00eb po nd\u00ebrton Portin e Belize City.<\/span><\/p>\n<p><span style=\"color: #000000;\"><span style=\"color: #ff0000;\">Fevziu:<\/span> Gazeta \u2018El Universal\u2019 ka shkruajtur q\u00eb ju jeni nj\u00eb aleat i kartelit t\u00eb Sinaloas, nj\u00eb prej karteleve m\u00eb fam\u00ebkeqe q\u00eb ka bota dhe nj\u00eb prej krer\u00ebve t\u00eb tij, Ismail \u2018El Mayo\u2019-s q\u00eb njihet gjithashtu si nj\u00eb nga personat m\u00eb t\u00eb rreziksh\u00ebm t\u00eb Meksik\u00ebs n\u00eb dit\u00ebt e sotme. Pse \u00a0nj\u00eb gazet\u00eb do ju vendoste ju, nj\u00eb biznesmen n\u00eb qindra biznesmen\u00eb q\u00eb ka Meksika?<\/span><\/p>\n<p><span style=\"color: #000000;\"><span style=\"color: #0000ff;\">Hysa:<\/span> Pik\u00ebrisht, kjo \u00ebsht\u00eb pyetja. Do ta shpjegoj m\u00eb shum\u00eb qet\u00ebsi. Historia e Meksik\u00ebs \u00ebsht\u00eb e bukur, e komplikuar dhe \u00ebsht\u00eb histori e suksesit n\u00eb fund fare p\u00ebr mua. Nuk \u00ebsht\u00eb hera e par\u00eb q\u00eb sulmohem po nuk nisem nga sulmet apo fjal\u00ebt e gazetave. E dini pse nuk nisem. Po t\u00eb shikoj ato gazeta. Nuk \u00ebsht\u00eb gazeta po konkurrent\u00ebt e mi q\u00eb m\u00eb sulmojn\u00eb. Sepse nuk \u00ebsht\u00eb hera e par\u00eb si\u00e7 e thash\u00eb. Por duke l\u00ebxuar gazet\u00ebn dhe duke m\u00eb par\u00eb mua k\u00ebtu ka nj\u00eb diskordanc\u00eb q\u00eb nuk shkon. Nj\u00eb prerje e nj\u00eb njeriu q\u00eb n\u00ebse k\u00ebto jan\u00eb t\u00eb v\u00ebrteta, un\u00eb duhet t\u00eb kisha urdh\u00ebr Interpoli, t\u00eb isha akuzuar etj. Un\u00eb me fjal\u00ebt e kasabas\u00eb nuk merrem. Do ta shpjegoj k\u00ebt\u00eb gj\u00eb. K\u00ebtu t\u00eb gjith\u00eb merren me k\u00ebt\u00eb tem\u00eb. Asnjeri nuk merret me temat e dit\u00ebs dhe gj\u00ebrat e tyre po merren se gjet\u00ebn Luftarin. Gjet\u00ebn diversantin. Kjo \u00ebsht\u00eb tamam si puna e asaj n\u00eb koh\u00eb t\u00eb Enverit. I tha ai: Do mbillet pambuk. Agronomi i tha: Nuk mbillet pambuk k\u00ebtu. E mor\u00ebn ata e kryq\u00ebzuan at\u00eb kryeagronomin. E vendos\u00ebn ke ajo qendra e fshatit atje. N\u00eb radh\u00eb t\u00eb par\u00eb ishte ulur nj\u00eb njeri dhe t\u00eb gjith\u00eb flisnin. Dhe ky thoshte: Po si se paskemi njohur. Edhe ai i shkreti i duroi t\u00eb gjith\u00eb po at\u00eb nuk e duronte dot dhe i tha: \u00c7far\u00eb do m\u00eb njihje ti mua. Un\u00eb s\u2019kam njoh veten. Dhe un\u00eb kur i shikoj t\u00eb gjitha k\u00ebto them, ore e njoh un\u00eb veten time tani apo jo?! A e kupton se \u00e7far\u00eb do t\u00eb thot\u00eb q\u00eb un\u00eb, nj\u00eb njeri nga Belshi, t\u00eb iki t\u00eb merrem me kartelin e Sinaloas.<\/span><\/p>\n<p><span style=\"color: #000000;\"><span style=\"color: #ff0000;\">Fevziu:<\/span> A e keni njohur Ismael \u2018El Mayo\u2019-n?<\/span><\/p>\n<p><span style=\"color: #000000;\"><span style=\"color: #0000ff;\">Hysa:<\/span> Absolutisht jo nuk e njoh dhe as e kam takuar ndonj\u00ebher\u00eb.\u00a0 E dim\u00eb, e gjitha Meksika e di kush \u00ebsht\u00eb \u2018El Mayo\u2019. Po t\u00eb kem takuar un\u00eb El Mayo-n, t\u00eb merrem un\u00eb me kartelet&#8230;un\u00eb e vetmja gj\u00eb q\u00eb b\u00ebj n\u00eb jet\u00eb \u00ebsht\u00eb vet\u00ebm nj\u00eb. B\u00ebj biznese t\u00eb ligjshme, b\u00ebj gj\u00ebra si\u00e7 i lejon ligji, dhe te vetmen pasuri q\u00eb un\u00eb kam jan\u00eb karizma ime dhe inteligjenca ime.<\/span><\/p>\n<p><span style=\"color: #000000;\"><span style=\"color: #ff0000;\">Fevziu:<\/span> Nj\u00eb shqiptari q\u00eb ka par\u00eb gjith\u00eb historin\u00eb e Meksik\u00ebs, t\u2019i thuash q\u00eb nj\u00eb shqiptar ka arritur t\u00eb futet n\u00eb Meksik\u00eb, t\u00eb merret me loj\u00ebrat e fatit q\u00eb jan\u00eb biznese q\u00eb gjithnj\u00eb kan\u00eb shum\u00eb probleme mes t\u00eb ligjshmes e t\u00eb paligjshmes, natyrisht q\u00eb do jeni i paragjykuar drejtp\u00ebrdrejt prandaj po ua b\u00ebj pyetjen. A jeni ju i sigurt q\u00eb nuk ka para t\u00eb karteleve t\u00eb drog\u00ebs t\u00eb investuara n\u00eb binzeset tuaja? Q\u00eb nuk ka kartele t\u00eb drog\u00ebs t\u00eb cilat mund t\u00eb jen\u00eb pran\u00eb bizneseve tuaja. Se k\u00ebtu b\u00ebhet fjal\u00eb p\u00ebr di\u00e7ka q\u00eb n\u00eb fakt duket absurde. Parat\u00eb e Sinaloas t\u00eb t\u00eb pastrohen n\u00eb Shqip\u00ebri duket pa sens se Sinaloa e ka buxhetin sa gjith\u00eb Ballkani bashk\u00eb. Parat\u00eb e krimit t\u00eb Sinalos. A jan\u00eb ata prezent n\u00eb bizneset tuaja.<\/span><\/p>\n<p><span style=\"color: #000000;\"><span style=\"color: #0000ff;\">Hysa:<\/span> Absolutisht jo. T\u00eb kuptosh, t\u00eb merresh nga Shqip\u00ebria se cfar\u00eb b\u00ebhet n\u00eb Meksik\u00eb, q\u00eb nj\u00eb kartel do fus\u00eb lek\u00eb te nj\u00eb biznes q\u00eb kur e shikon \u00ebsht\u00eb nj\u00eb pik\u00eb uji n\u00eb mes t\u00eb oqeanit. Sepse ky sulm ka filluar ndoshta nga kjo studio. Sepse k\u00ebtu nj\u00eb gazetar para tre viteve aludoi rreth meje. Dhe k\u00ebtu gazetari tha se un\u00eb kisha fut dy kartelet e m\u00ebdha t\u00eb Meksik\u00ebs n\u00eb luft\u00eb me nj\u00ebra-tjetr\u00ebn. Gazetari e aludoi n\u00eb k\u00ebt\u00eb studio. Tha q\u00eb karteli i Sinalos ka hyr\u00eb n\u00eb luft\u00eb me kartelin e Juarez sepse i ka fut ky shqiptari. Dhe ti e pyete kush \u00ebsht\u00eb ky shqiptari? Ai tha jan\u00eb nga zona e Dumres\u00eb, nuk e tha emrin tim. Mbr\u00ebm\u00eb pastaj u sqarua kjo pun\u00eb.<\/span><\/p>\n<p><span style=\"color: #000000;\"><span style=\"color: #ff0000;\">Fevziu:<\/span> Ishte gazetari Hoxha q\u00eb m\u00eb b\u00ebri nj\u00eb pyetje, ai ma kujtoi.<\/span><\/p>\n<p><span style=\"color: #000000;\"><span style=\"color: #0000ff;\">Hysa:<\/span> Edhe un\u00eb doja t\u00eb kujtoja se isha n\u00eb Toronto dhe doja t\u00eb merrja n\u00eb telefon. Doja t\u00eb thoja q\u00eb si lejoni q\u00eb nuk keni gj\u00ebra tjera t\u00eb merreni po merreni me jet\u00ebn e private t\u00eb njer\u00ebzve.<\/span><\/p>\n<p><span style=\"color: #000000;\"><span style=\"color: #ff0000;\">Fevziu:<\/span> Gazetari ka t\u00eb drejt\u00ebn e tij t\u00eb b\u00ebj\u00eb investigimin.<\/span><\/p>\n<p><span style=\"color: #000000;\"><span style=\"color: #0000ff;\">Hysa:<\/span> Gazetari ka t\u00eb drejt\u00eb t\u00eb b\u00ebj\u00eb investigimin po t\u00eb jap\u00eb fakte e jo gj\u00ebra false. Mesa di un\u00eb, se mbase gj\u00ebrat kan\u00eb ndryshuar. Imunitet kan\u00eb vet\u00ebm parlamentar\u00ebt. Nuk e di q\u00eb edhe gazetar\u00ebt kan\u00eb imunitet q\u00eb t\u00eb thon\u00eb \u00e7far\u00eb t\u00eb duan. T\u00eb drejt\u00ebn e shprehjes po.<\/span><\/p>\n<p><span style=\"color: #000000;\"><span style=\"color: #ff0000;\">Fevziu:<\/span> Po pse flet p\u00ebr gazetarin n\u00eb Shqip\u00ebri ku ja ku e ke atje?<\/span><\/p>\n<p><span style=\"color: #000000;\"><span style=\"color: #0000ff;\">Hysa:<\/span> Kjo \u00ebsht\u00eb e gjitha nj\u00eb gj\u00eb false. \u00cbsht\u00eb komplet false. S\u2019ka asnj\u00eb baz\u00eb.<\/span><\/p>\n<p><span style=\"color: #000000;\"><span style=\"color: #ff0000;\">Fevziu:<\/span> Pyetja ime prap\u00eb \u00ebsht\u00eb, pse do ju gjente Meksika ju, nj\u00eb pik\u00eb uji n\u00eb oqean p\u00ebr t\u2019ju b\u00ebr\u00eb aleat t\u00eb kartelit t\u00eb Sinaloas q\u00eb \u00ebsht\u00eb n\u00eb qend\u00ebr t\u00eb v\u00ebmendjes s\u00eb DEA-s, SHBA-s\u00ebm agjencive t\u00eb zbatimit t\u00eb ligjit t\u00eb bot\u00ebs.<\/span><\/p>\n<p><span style=\"color: #000000;\"><span style=\"color: #0000ff;\">Hysa:<\/span> Do e shpjegoj, n\u00eb vitin 2010 u gjet nj\u00eb shqiptar me emrin Luftar Hysa dhe ai shqiptari me k\u00ebt\u00eb em\u00ebr q\u00eb ishte nga Mamurrasi ishte i k\u00ebrkuar nga Interpoli dhe ky zot\u00ebria, u mor, u lidh me emrin tim n\u00eb Meksik\u00eb dhe \u00e7far\u00eb u b\u00eb, u shkruajt nj\u00eb artikull ku u tha q\u00eb mafia shqiptare ka ardhur t\u00eb b\u00ebj\u00eb kazino n\u00eb Meksik\u00eb. Kishte dhe fotografin\u00eb\u00a0 e tij. Kishte edhe rrjetin medemek, me harta si\u00e7 b\u00ebhen hartat nga k\u00ebtu n\u00eb Itali, nga atje droga p\u00ebrhapej e gjitha k\u00ebto. Gazeta n\u00eb at\u00eb koh\u00eb shkruajti nj\u00eb artikull, ne e kund\u00ebrshtuam, q\u00eb mori koh\u00ebn e vet.Kush e b\u00ebri? E b\u00ebn\u00eb kund\u00ebrshtar\u00ebt, kund\u00ebrshtar\u00ebt jan\u00eb t\u00eb gjith\u00eb njer\u00ebzit q\u00eb jan\u00eb konkurrenca. Jan\u00eb t\u00eb huaj dhe shqiptar\u00eb. Nuk e di, sepse ne me k\u00ebt\u00eb pun\u00eb po merremi. Ne ndodhemi p\u00ebr her\u00eb t\u00eb par\u00eb para nj\u00eb gj\u00ebje t\u00eb till\u00eb. Po ka nj\u00eb gj\u00eb tjet\u00ebr m\u00eb t\u00eb bukur. Kjo nuk \u00ebsht\u00eb e sotmja si\u00e7 ta thash\u00eb. Para 2 viteve, apo nj\u00eb viti e gjysm\u00eb na b\u00ebn\u00eb nj\u00eb denoncim anonim n\u00eb Meksik\u00eb, me t\u00eb nj\u00ebjtat gj\u00ebra q\u00eb jan\u00eb edhe te shkrimi i gazet\u00ebs. N\u00eb bot\u00eb t\u00eb pakt\u00ebn, denoncimet anonime nuk shkojn\u00eb para sepse duhet t\u00eb ket\u00eb nj\u00eb em\u00ebr. Denoncimi thot\u00eb at\u00eb q\u00eb shkruan gazeta pak a shum\u00eb. Denoncimet u mor\u00ebn u pan\u00eb dhe k\u00ebtu ke rezolucion q\u00eb thot\u00eb k\u00ebtu nuk ka asnj\u00eb lloj shkelje, asnj\u00eb lloj procesi penal dhe k\u00ebto do ua l\u00eb juve si dhurat\u00eb. Un\u00eb s\u2019kam \u00e7far\u00eb t\u00eb flas p\u00ebr at\u00eb kur ky dokument \u00ebsht\u00eb k\u00ebtu.<\/span><\/p>\n<p><span style=\"color: #000000;\"><span style=\"color: #ff0000;\">Fevziu:<\/span> Nd\u00ebrkoh\u00eb emri juaj \u00ebsht\u00eb p\u00ebrfolur edhe n\u00eb n\u00eb Panama Papers. Madje Hoxha e p\u00ebrmendi dje p\u00ebr lidhje me ministrin e Financave t\u00eb Panamas\u00eb. A keni pasur biznes n\u00eb Panama.<\/span><\/p>\n<p><span style=\"color: #000000;\"><span style=\"color: #0000ff;\">Hysa:<\/span> P\u00ebr her\u00eb t\u00eb par\u00eb n\u00eb Panama kam shkuar n\u00eb vitin 2020 dhe ka qen\u00eb dhe ka qen\u00eb data 27-28 shkurt. Kemi shkuar p\u00ebr t\u00eb par\u00eb mund\u00ebsin\u00eb q\u00eb t\u00eb hynim n\u00eb treg. N\u00eb Panama p\u00ebrpara k\u00ebsaj date nuk kam qen\u00eb asnj\u00ebher\u00eb. Dhe un\u00eb nuk kam pasur asnj\u00eb llogari bankare, asnj\u00eb lidhje me Panaman\u00eb. S\u2019kam pasur asnj\u00ebjher\u00eb biznese dhe asnj\u00ebher\u00eb asgj\u00eb. Absolutisht, zero. T\u00eb gjitha k\u00ebto q\u00eb merren, ka qen\u00eb nj\u00eb kompani tjet\u00ebr q\u00eb u lidh me kompanin\u00eb ton\u00eb. Ajo kompani \u00ebsht\u00eb mbyllur q\u00eb n\u00eb vitin 2006, as nuk ka funksionu, po njer\u00ebzit lexojn\u00eb n\u00eb Google. Un\u00eb nuk mund t\u2019i p\u00ebrgjigjem fjal\u00ebve t\u00eb kasabas\u00eb. Nuk u p\u00ebrgjigjem dot njer\u00ebzve q\u00eb nuk e din\u00eb se \u00e7far\u00eb \u00ebsht\u00eb Meksika, ndoshta nuk kan\u00eb shkuar asnj\u00ebher\u00eb atje por marrin hapin Google dhe aty gj\u00ebn lloj-lloj informacioni. Nj\u00eb gazetar investigativ nuk mund t\u00eb marr\u00eb ato faqet e Google dhe t\u00eb nd\u00ebrtoj\u00eb nj\u00eb aktakuz\u00eb.<\/span><\/p>\n<p><span style=\"color: #000000;\"><span style=\"color: #ff0000;\">Fevziu:<\/span> Keni ndonj\u00eb biznes n\u00eb Shqip\u00ebri?<\/span><\/p>\n<p><span style=\"color: #000000;\"><span style=\"color: #0000ff;\">Hysa:<\/span> Un\u00eb jam i lidhur me Marina Casino n\u00eb Vlor\u00eb. Kompania ime ka 1% dhe ne jemi operator\u00ebt e asaj kazinoje.<\/span><\/p>\n<p><span style=\"color: #000000;\"><span style=\"color: #ff0000;\">Fevziu:<\/span> Vet\u00ebm kaq \u00ebsht\u00eb biznesi juaj n\u00eb Shqip\u00ebri? Nd\u00ebrkoh\u00eb \u00ebsht\u00eb publikuar nj\u00eb foto duke dal\u00eb nga zyrat e kryeministrit t\u00eb Shqip\u00ebris\u00eb, Edi Rama, bashk\u00eb me nj\u00eb deputet gjerman. P\u00ebr \u00e7far\u00eb e keni takuar Edi Ram\u00ebn?<\/span><\/p>\n<p><span style=\"color: #000000;\"><span style=\"color: #0000ff;\">Hysa:<\/span> Histori shum\u00eb e bukur. E kam dashur ta takoj Edi Ram\u00ebn p\u00ebr nj\u00eb gj\u00eb shum\u00eb t\u00eb bukur q\u00eb m\u00eb p\u00eblqen ta ndaj me ty k\u00ebtu. Un\u00eb kam nj\u00eb mikun tim t\u00eb madh q\u00eb \u00ebsht\u00eb nga Skocia dhe jeton n\u00eb Lond\u00ebr. Dhe miku im e ka emrin Max Miligham. Un\u00eb kam jetuar me at\u00eb n\u00eb Peru p\u00ebr 3 vjet. V\u00ebllai i Max-it ka qen\u00eb drejtor i Sky Ne\u00ebs n\u00eb Angli. Max \u00ebsht\u00eb fotograf dhe b\u00ebn libra. Ka b\u00ebr\u00eb libra p\u00ebr Perun\u00eb, p\u00ebr inkasit, p\u00ebr Skocin\u00eb, p\u00ebr Gan\u00ebn, p\u00ebr Bregun e Fildisht\u00eb, p\u00ebr Stonehenge, Island\u00ebn, Rumanin\u00eb dhe ky njeri donte dhe gjithnj\u00eb, gjith\u00eb jet\u00ebn ka qen\u00eb i interesuar t\u00eb b\u00ebnte nj\u00eb lib\u00ebr p\u00ebr Shqip\u00ebrin\u00eb dhe t\u00eb promovonte. I kam n\u00eb telefonin tim t\u00eb gjitha edhe mesazhet dhe bisedat me Max-in. Duke k\u00ebrkuar, duke par\u00eb q\u00eb Rama \u00ebsht\u00eb edhe artist, edhe i p\u00eblqen kjo lloj fushe thash\u00eb, e vetmja gj\u00eb q\u00eb mund t\u00eb b\u00ebj \u00ebsht\u00eb t\u2019i prezantoj k\u00ebt\u00eb projekt n\u00ebse mund ta mb\u00ebshtes\u00eb.<\/span><\/p>\n<p><span style=\"color: #000000;\"><span style=\"color: #ff0000;\">Fevziu:<\/span> Si e gjet\u00ebt ju Ram\u00ebn?<\/span><\/p>\n<p><span style=\"color: #000000;\"><span style=\"color: #0000ff;\">Hysa:<\/span> Ram\u00ebn e gjeta n\u00ebp\u00ebrmjet nj\u00eb mikut tim gjerman q\u00eb e kam takuar rast\u00ebsish, nj\u00eb mik i mir\u00eb i Shqip\u00ebris\u00eb, q\u00eb e ka ndihmuar jasht\u00ebzakonisht Shqip\u00ebrin\u00eb dhe jam krenar q\u00eb e kam mik. E kam takuar rast\u00ebsisht n\u00eb Shqip\u00ebri. Dhe n\u00eb bised\u00ebn time t\u00eb par\u00eb kam par\u00eb q\u00eb ai njeri ishte m\u00eb t\u00eb v\u00ebrtet\u00eb nj\u00eb dashamir\u00ebs i madh dhe kam biseduar me t\u00eb q\u00eb t\u00eb ndihmonte Shqip\u00ebrin\u00eb n\u00eb hapjen e negociatave.<\/span><\/p>\n<p><span style=\"color: #000000;\"><span style=\"color: #ff0000;\">Fevziu:<\/span> Pra ju nj\u00eb shqiptar, p\u00ebr t\u00eb takuar kryeministrin e Shqip\u00ebris\u00eb p\u00ebrdor\u00ebt nj\u00eb deputet gjerman.<\/span><\/p>\n<p><span style=\"color: #000000;\"><span style=\"color: #0000ff;\">Hysa:<\/span> Ndodhi q\u00eb n\u00eb at\u00eb koh\u00eb kishte Covid, jam ndodh n\u00eb Shqip\u00ebri, sepse nuk vij shpesh k\u00ebtu dhe asokohe ai kishte ardhur p\u00ebr pun\u00ebt e veta dhe tha hajt t\u00eb prezantoj kryeministrin. Kaq.<\/span><\/p>\n<p><span style=\"color: #000000;\"><span style=\"color: #ff0000;\">Fevziu:<\/span> Keni plan biznesesh n\u00eb Shqip\u00ebri?<\/span><\/p>\n<p><span style=\"color: #000000;\"><span style=\"color: #0000ff;\">Hysa:<\/span> N\u00eb k\u00ebto momente nuk kam ndonj\u00eb plan. Por n\u00ebse hap\u00ebsirat ligjore do e lejonin, un\u00eb m\u00eb fal q\u00eb po e the, nuk shes byreqe, megjith\u00ebse m\u00eb p\u00eblqejn\u00eb shum\u00eb dhe \u00ebsht\u00eb nd\u00ebr ushqimet e mia favorite. Un\u00eb jam njeri i biznesit q\u00eb bredh n\u00ebp\u00ebr bot\u00eb, ku gjej hap\u00ebsira un\u00eb iki. Gjej hap\u00ebsira ligjore.<\/span><\/p>\n<p><span style=\"color: #000000;\"><span style=\"color: #ff0000;\">Fevziu:<\/span> E dini q\u00eb jeni n\u00eb nj\u00eb biznes shum\u00eb delikat dhe shum\u00eb t\u00eb v\u00ebshtir\u00eb q\u00eb \u00ebsht\u00eb gjithmon\u00eb n\u00eb qend\u00ebr t\u00eb v\u00ebmendjes dhe gjithmon\u00eb me drit\u00ebhije.<\/span><\/p>\n<p><span style=\"color: #000000;\"><span style=\"color: #0000ff;\">Hysa:<\/span> Nuk e shikoj ashtu. Kur thash\u00eb nuk shes byreqe e thash\u00eb me k\u00ebt\u00eb kuptim. N\u00ebse do shisja byrek do shihja vet\u00ebm p\u00ebr at\u00eb dyqanin tim q\u00eb t\u00eb blija miell e vaj. Kurse un\u00eb jam n\u00eb loj\u00ebrat e fatit. N\u00ebse tregjet, kudo ku hapen ato, shkoj dhe prezantoj veten time dhe kompanin\u00eb time. N\u00ebse ligji ma lejon.<\/span><\/p>\n<p><span style=\"color: #000000;\"><span style=\"color: #ff0000;\">Fevziu:<\/span> Aktualisht jeni n\u00eb Meksik\u00eb dhe Belize.<\/span><\/p>\n<p><span style=\"color: #000000;\"><span style=\"color: #0000ff;\">Hysa:<\/span> Jam n\u00eb Meksik\u00eb, Belize. Kam nj\u00eb kompani gjithashtu q\u00eb e kam hapur n\u00eb Gjermani dhe do shikojm\u00eb si do ecim.<\/span><\/p>\n<p><span style=\"color: #000000;\"><span style=\"color: #ff0000;\">Fevziu:<\/span> Po n\u00eb Kanada, jeni rezident atje. Pse nuk e hapni biznesin.<\/span><\/p>\n<p><span style=\"color: #000000;\"><span style=\"color: #0000ff;\">Hysa:<\/span> Kam nj\u00eb restorant n\u00eb Kanada q\u00eb e ka emrin \u2018Mirela\u2019s\u2019 dhe \u00ebsht\u00eb nd\u00ebr restorantet m\u00eb t\u00eb mira t\u00eb Montrealit, biles \u00ebsht\u00eb me 4.7 rating.<\/span><\/p>\n<p><span style=\"color: #000000;\"><span style=\"color: #ff0000;\">Fevziu:<\/span> Dhe ky \u00ebsht\u00eb biznesi i vet\u00ebm q\u00eb keni n\u00eb Kanada.<\/span><\/p>\n<p><span style=\"color: #000000;\"><span style=\"color: #0000ff;\">Hysa<\/span>: Po.<\/span><\/p>\n<p><span style=\"color: #000000;\"><span style=\"color: #ff0000;\">Fevziu:<\/span> Keni pasur ndonj\u00ebher\u00eb probleme me drejt\u00ebsin\u00eb n\u00eb vendet q\u00eb keni jetuar. Afrik\u00ebn e Jugut, Peru Meksik\u00eb apo Kanada?<\/span><\/p>\n<p><span style=\"color: #000000;\"><span style=\"color: #0000ff;\">Hysa:<\/span> Do e them me shum\u00eb k\u00ebnaq\u00ebsi. Kjo \u00ebsht\u00eb pyetje jo e duhura por do p\u00ebrgjigjem. Ne kudo q\u00eb shkojm\u00eb t\u00eb b\u00ebjm\u00eb biznes. Kur kam shkuar q\u00eb kam b\u00ebr\u00eb biznes n\u00eb Belize, q\u00eb t\u00eb marr\u00ebsh nj\u00eb licenc\u00eb do kalosh \u2018due diligence\u2019 dhe ajo kalon n\u00eb t\u00eb gjitha kanalet, nga Interpoli, si\u00e7 ka kaluar edhe n\u00eb Shqip\u00ebri, pastrimi i parave e t\u00eb gjitha. Instituciuonet ligjore nga t\u00eb cilat dalin kartat e an\u00ebtar\u00ebsimit t\u00eb vendeve penale dhe un\u00eb nuk kam qen\u00eb as i gjykuar, as i akuzuar, asgj\u00eb n\u00eb k\u00ebt\u00eb jet\u00eb. Me gj\u00ebrat e tjera un\u00eb nuk merrem. Me fjal\u00ebt etj. Nuk jemi gjykuar apo akuzuar as un\u00eb, as v\u00ebllze\u00ebrit e mi, as pun\u00ebtor\u00ebt e mi.<\/span><\/p>\n<p><span style=\"color: #000000;\"><span style=\"color: #ff0000;\">Fevziu:<\/span> Nj\u00eb shqiptar q\u00eb b\u00ebn biznes n\u00eb nj\u00eb nga vendet m\u00eb t\u00eb v\u00ebshtira t\u00eb globit si Meksika. Me kaq prezenc\u00eb kartelesh, \u00ebsht\u00eb e v\u00ebshtir\u00eb t\u00eb operosh. Shpeshher\u00eb thuhet q\u00eb p\u00ebr t\u00eb b\u00ebr\u00eb biznes duhet t\u00eb b\u00ebsh kompromise?<\/span><\/p>\n<p><span style=\"color: #000000;\"><span style=\"color: #0000ff;\">Hysa:<\/span> \u00cbsht\u00eb pak e komplikuar si pyetje dhe p\u00ebrgjigjia ime nuk do e arrinte dot at\u00eb. Ne e perceptojm\u00eb Meksik\u00ebn pak ndryshe, sepse po t\u00eb pyes un\u00eb ty p\u00ebr Meksik\u00ebn, direkt do thuash karteli, ose droga.<\/span><\/p>\n<p><span style=\"color: #000000;\"><span style=\"color: #ff0000;\">Fevziu:<\/span> Un\u00eb e kam vizituar Meksik\u00ebn disa her\u00eb, si turist dhe \u00ebsht\u00eb vend shum\u00eb i bukur.<\/span><\/p>\n<p><span style=\"color: #000000;\"><span style=\"color: #0000ff;\">Hysa:<\/span> Meq\u00eb ra fjal\u00eb p\u00ebr dy muaj do hapim nj\u00eb restorant n\u00eb Tulum. Je edhe i ftuar biles, je i ftuari im special. Meksika n\u00eb gjith\u00eb kontekstin e vet ka edhe ligjet. Funksionon me ligje si shtet. Meksika ka nj\u00eb gj\u00eb q\u00eb un\u00eb e them gjithnj\u00eb n\u00eb vendet e bot\u00ebs, sistemi ligjor \u00ebsht\u00eb shum\u00eb i pavarur. \u00c7far\u00ebdo q\u00eb thuhet&#8230;<\/span><\/p>\n<p><span style=\"color: #000000;\"><span style=\"color: #ff0000;\">Fevziu:<\/span> \u00cbsht\u00eb vend m\u00eb korrupsion n\u00eb nivelet m\u00eb t\u00eb larta, \u00ebsht\u00eb vend me interferenc\u00eb t\u00eb krimit&#8230;<\/span><\/p>\n<p><span style=\"color: #000000;\"><span style=\"color: #0000ff;\">Hysa:<\/span> Po th\u00ebm q\u00eb n\u00ebse ke t\u00eb drejt\u00eb, t\u00eb drejt\u00ebn e gjen.<\/span><\/p>\n<p><span style=\"color: #000000;\"><span style=\"color: #ff0000;\">Fevziu:<\/span> Keni nd\u00ebrmend t\u00eb ktheheni prap\u00eb n\u00eb Shqip\u00ebri?<\/span><\/p>\n<p><span style=\"color: #000000;\"><span style=\"color: #0000ff;\">Hysa:<\/span> Jo, at\u00eb e kam mbyllur nj\u00ebher\u00eb e p\u00ebrgjithmon\u00eb.<\/span><\/p>\n<p><span style=\"color: #0000ff;\">\/Hashtag.al<\/span><\/p>\n<p><span style=\"color: #000000;\"><span style=\"color: #ff0000;\">*<\/span>due diligence:<\/span><\/p>\n<p><span style=\"color: #000000;\">1. hapat e arsyesh\u00ebm t\u00eb nd\u00ebrmarra nga nj\u00eb person p\u00ebr t\u00eb shmangur kryerjen e nj\u00eb krimi ose shkeljeje.<\/span><\/p>\n<p><span style=\"color: #000000;\">2. nj\u00eb vler\u00ebsim gjith\u00ebp\u00ebrfshir\u00ebs i nj\u00eb biznesi t\u00eb nd\u00ebrmarr\u00eb nga nj\u00eb bler\u00ebs i mundsh\u00ebm, ve\u00e7an\u00ebrisht p\u00ebr t\u00eb p\u00ebrcaktuar asetet dhe detyrimet e tij dhe p\u00ebr t\u00eb vler\u00ebsuar potencialin e tij tregtar.<\/span><\/p>\n","protected":false,"gt_translate_keys":[{"key":"rendered","format":"html"}]},"excerpt":{"rendered":"<p>Biznesmeni Luftar Hysa n\u00eb nj\u00eb intervist\u00eb p\u00ebr emisionin \u2018Opinion\u2019 mbr\u00ebmjen e djeshme dha shpjegimin e tij mbi akuzat e b\u00ebra ndaj tij nga nj\u00eb media meksikane, sipas s\u00eb cil\u00ebs ai \u00ebsht\u00eb aleat i nj\u00eb karteli t\u00eb fuqish\u00ebm n\u00eb Meksik\u00eb. Ai deklaroi se shkrimi n\u00eb gazet\u00eb \u00ebsht\u00eb b\u00ebr\u00eb nga konkurrent\u00ebt duke pohuar se nuk \u00ebsht\u00eb hera [&hellip;]<\/p>\n","protected":false,"gt_translate_keys":[{"key":"rendered","format":"html"}]},"author":51,"featured_media":550375,"comment_status":"closed","ping_status":"closed","sticky":false,"template":"","format":"standard","meta":{"footnotes":""},"categories":[22,65,13],"tags":[],"class_list":["post-550374","post","type-post","status-publish","format-standard","has-post-thumbnail","hentry","category-ballina","category-lajme","category-te-fundit"],"gt_translate_keys":[{"key":"link","format":"url"}],"_links":{"self":[{"href":"https:\/\/www.hashtag.al\/index.php\/wp-json\/wp\/v2\/posts\/550374","targetHints":{"allow":["GET"]}}],"collection":[{"href":"https:\/\/www.hashtag.al\/index.php\/wp-json\/wp\/v2\/posts"}],"about":[{"href":"https:\/\/www.hashtag.al\/index.php\/wp-json\/wp\/v2\/types\/post"}],"author":[{"embeddable":true,"href":"https:\/\/www.hashtag.al\/index.php\/wp-json\/wp\/v2\/users\/51"}],"replies":[{"embeddable":true,"href":"https:\/\/www.hashtag.al\/index.php\/wp-json\/wp\/v2\/comments?post=550374"}],"version-history":[{"count":0,"href":"https:\/\/www.hashtag.al\/index.php\/wp-json\/wp\/v2\/posts\/550374\/revisions"}],"wp:featuredmedia":[{"embeddable":true,"href":"https:\/\/www.hashtag.al\/index.php\/wp-json\/wp\/v2\/media\/550375"}],"wp:attachment":[{"href":"https:\/\/www.hashtag.al\/index.php\/wp-json\/wp\/v2\/media?parent=550374"}],"wp:term":[{"taxonomy":"category","embeddable":true,"href":"https:\/\/www.hashtag.al\/index.php\/wp-json\/wp\/v2\/categories?post=550374"},{"taxonomy":"post_tag","embeddable":true,"href":"https:\/\/www.hashtag.al\/index.php\/wp-json\/wp\/v2\/tags?post=550374"}],"curies":[{"name":"wp","href":"https:\/\/api.w.org\/{rel}","templated":true}]}}