{"id":550366,"date":"2022-09-21T09:30:32","date_gmt":"2022-09-21T07:30:32","guid":{"rendered":"https:\/\/www.hashtag.al\/?p=550366"},"modified":"2022-09-21T09:30:56","modified_gmt":"2022-09-21T07:30:56","slug":"aktivisti-gjerman-lgbt-perplaset-me-ambasadorin-e-katarit-perpara-kupes-se-botes","status":"publish","type":"post","link":"https:\/\/www.hashtag.al\/index.php\/2022\/09\/21\/aktivisti-gjerman-lgbt-perplaset-me-ambasadorin-e-katarit-perpara-kupes-se-botes\/","title":{"rendered":"Aktivisti gjerman LGBT p\u00ebrplaset me ambasadorin e Katarit p\u00ebrpara Kup\u00ebs s\u00eb Bot\u00ebs","gt_translate_keys":[{"key":"rendered","format":"text"}]},"content":{"rendered":"<p><span style=\"color: #000000;\"><img loading=\"lazy\" decoding=\"async\" class=\"aligncenter size-full wp-image-550367\" src=\"https:\/\/www.hashtag.al\/wp-content\/uploads\/2022\/09\/lgbtq-1.jpg\" alt=\"\" width=\"768\" height=\"432\" srcset=\"https:\/\/www.hashtag.al\/wp-content\/uploads\/2022\/09\/lgbtq-1.jpg 768w, https:\/\/www.hashtag.al\/wp-content\/uploads\/2022\/09\/lgbtq-1-300x169.jpg 300w\" sizes=\"auto, (max-width: 768px) 100vw, 768px\" \/><\/span><\/p>\n<p><span style=\"color: #000000;\">Nj\u00eb aktivist i t\u00eb drejtave LGBT i ka th\u00ebn\u00eb nj\u00eb ambasadori t\u00eb Katarit se vendi i tij duhet t&#8217;i jap\u00eb fund q\u00ebndrimit t\u00eb tij ndaj homoseksual\u00ebve disa muaj para fillimit t\u00eb Kup\u00ebs s\u00eb Bot\u00ebs FIFA.<\/span><\/p>\n<p><span style=\"color: #000000;\">Pozicioni i vij\u00ebs s\u00eb ashp\u00ebr t\u00eb Katarit mbi praktikat n\u00eb fjal\u00eb, t\u00eb cilat jan\u00eb t\u00eb zakonshme n\u00eb Per\u00ebndim, \u00ebsht\u00eb v\u00ebn\u00eb n\u00ebn nj\u00eb shqyrtim t\u00eb fort\u00eb muajt e fundit, nd\u00ebrsa vendi i Lindjes s\u00eb Mesme p\u00ebrgatitet t\u00eb pres\u00eb Kup\u00ebn e Bot\u00ebs 2022 n\u00eb n\u00ebntor.<\/span><\/p>\n<p><span style=\"color: #000000;\">Aktualisht, individ\u00ebt LGBT p\u00ebrballen me probleme ligjore n\u00eb Katar, me homoseksualitetin mashkullor t\u00eb d\u00ebnuesh\u00ebm deri n\u00eb tre vjet burg s\u00eb bashku me nj\u00eb gjob\u00eb t\u00eb r\u00ebnd\u00eb.<\/span><\/p>\n<p><span style=\"color: #000000;\">P\u00ebr m\u00eb tep\u00ebr, ligji i sheriatit dikton q\u00eb musliman\u00ebt q\u00eb angazhohen n\u00eb aktivitet homoseksual mund t\u00eb ekzekutohen, megjithat\u00eb, q\u00eb nga viti 2019 nuk ka raste t\u00eb njohura t\u00eb nj\u00eb personi homoseksual q\u00eb i n\u00ebnshtrohet d\u00ebnimit me vdekje n\u00eb Katar.<\/span><\/p>\n<p><span style=\"color: #000000;\">Dy muaj p\u00ebrpara fillimit t\u00eb turneut, nj\u00eb p\u00ebrfaq\u00ebsues i nj\u00eb grupi t\u00eb mb\u00ebshtet\u00ebsve gjerman\u00eb i ka b\u00ebr\u00eb thirrje drejtp\u00ebrdrejt ambasadorit t\u00eb Katarit Abdulla bin Mohammed bin Saud Al Thani n\u00eb nj\u00eb forum n\u00eb Frankfurt, duke i k\u00ebrkuar atij t&#8217;i b\u00ebj\u00eb nj\u00eb peticion vendit t\u00eb tij q\u00eb t\u00eb rivler\u00ebsoj\u00eb q\u00ebndrimin e tij ndaj komuniteti LGBT.<\/span><\/p>\n<p><span style=\"color: #000000;\"><em>&#8220;Un\u00eb jam nj\u00eb burr\u00eb dhe i dua burrat.&#8221; &#8211; <\/em>tha Dario Minden, duke iu drejtuar drejtp\u00ebrdrejt Al Thanit.<\/span><\/p>\n<p><span style=\"color: #000000;\"><em>\u201cUn\u00eb, ju lutem mos u tronditni, b\u00ebj seks me burra t\u00eb tjer\u00eb. Kjo eshte normale. Pra, ju lutem m\u00ebsohuni me t\u00eb, ose q\u00ebndroni jasht\u00eb futbollit. Sepse rregulli m\u00eb i r\u00ebnd\u00ebsish\u00ebm n\u00eb futboll \u00ebsht\u00eb se futbolli \u00ebsht\u00eb p\u00ebr t\u00eb gjith\u00eb. Nuk ka r\u00ebnd\u00ebsi n\u00ebse je lezbike, n\u00ebse je gay, \u00ebsht\u00eb p\u00ebr t\u00eb gjith\u00eb. P\u00ebr djemt\u00eb. P\u00ebr vajzat. Dhe p\u00ebr t\u00eb gjith\u00eb q\u00eb jan\u00eb mes tyre.\u201d<\/em><\/span><\/p>\n<p><span style=\"color: #000000;\">Ai vazhdoi: <em>\u201cPra, hiqni d\u00ebnimin me vdekje. T\u00eb hiqen t\u00eb gjitha d\u00ebnimet n\u00eb lidhje me identitetin seksual dhe gjinor. Rregulli q\u00eb futbolli \u00ebsht\u00eb p\u00ebr t\u00eb gjith\u00eb \u00ebsht\u00eb kaq i r\u00ebnd\u00ebsish\u00ebm. Ne nuk mund t&#8217;ju lejojm\u00eb ta prishni at\u00eb, sado i pasur t\u00eb jeni. Ju jeni m\u00eb se i mir\u00ebpritur t&#8217;i bashkoheni komunitetit nd\u00ebrkomb\u00ebtar t\u00eb futbollit dhe gjithashtu, natyrisht, t\u00eb organizoni nj\u00eb turne t\u00eb madh. Por n\u00eb sport, k\u00ebshtu \u00ebsht\u00eb. Duhet t\u00eb pranosh rregullat.\u201d<\/em><\/span><\/p>\n<p><span style=\"color: #000000;\">Al Thani u ftua t\u00eb p\u00ebrgjigjej, por vet\u00ebm 90 minutat e para t\u00eb forumit u transmetuan, dhe \u00e7do deklarat\u00eb q\u00eb ai mund t\u00eb kishte b\u00ebr\u00eb ishte jasht\u00eb regjistrimit.<\/span><\/p>\n<p><span style=\"color: #000000;\">Steffen Simon, z\u00ebdh\u00ebn\u00ebsi i Federat\u00ebs Gjermane t\u00eb Futbollit e cila ishte \u00a0mikprit\u00ebse e ngjarjes, m\u00eb von\u00eb deklaroi se nuk ishte d\u00ebshira e tyre q\u00eb nj\u00eb pjes\u00eb e kongresit n\u00eb thelb t&#8217;i n\u00ebnshtrohej nj\u00eb nd\u00ebrprerjeje mediatike, por shtoi se kjo erdhi me k\u00ebrkes\u00eb t\u00eb pjes\u00ebmarr\u00ebsve.<\/span><\/p>\n<p><span style=\"color: #000000;\">Gjeneralmajor Abdulaziz Abdullah Al Ansari, i cili \u00ebsht\u00eb nj\u00eb zyrtar i lart\u00eb i Katarit q\u00eb mbik\u00ebqyr \u00e7\u00ebshtjet e siguris\u00eb p\u00ebr turneun, tha koh\u00ebt e fundit se \u00e7iftet e t\u00eb nj\u00ebjtit seks do ishin t\u00eb mir\u00ebpritur n\u00eb Kup\u00ebn e Bot\u00ebs &#8211; por gjithashtu deklaroi se do t\u00eb ishte e men\u00e7ur t\u00eb kufizonin shfaqjet publike t\u00eb seksualitetit t\u00eb tyre , t\u00eb tilla si shfaqja e flamujve t\u00eb ylberit, p\u00ebr t\u00eb shmangur potencialin p\u00ebr t&#8217;u sulmuar nga vendasit.<\/span><\/p>\n<p><span style=\"color: #000000;\">Nd\u00ebrkoh\u00eb, q\u00ebndrimi i vendit ndaj alkoolit \u00ebsht\u00eb v\u00ebn\u00eb n\u00ebn kritika mes mij\u00ebra turist\u00ebve q\u00eb do t\u00eb mb\u00ebrrijn\u00eb n\u00eb Katar nga vende t\u00eb shumta anemban\u00eb globit, me autoritetet e Katarit q\u00eb u zotuan t\u00eb lirojn\u00eb p\u00ebrkoh\u00ebsisht ligjet n\u00eb lidhje me konsumin e alkoolit p\u00ebr aq koh\u00eb sa kjo t\u00eb b\u00ebhet n\u00eb zonat e p\u00ebrcaktuara.<\/span><\/p>\n","protected":false,"gt_translate_keys":[{"key":"rendered","format":"html"}]},"excerpt":{"rendered":"<p>Nj\u00eb aktivist i t\u00eb drejtave LGBT i ka th\u00ebn\u00eb nj\u00eb ambasadori t\u00eb Katarit se vendi i tij duhet t&#8217;i jap\u00eb fund q\u00ebndrimit t\u00eb tij ndaj homoseksual\u00ebve disa muaj para fillimit t\u00eb Kup\u00ebs s\u00eb Bot\u00ebs FIFA. Pozicioni i vij\u00ebs s\u00eb ashp\u00ebr t\u00eb Katarit mbi praktikat n\u00eb fjal\u00eb, t\u00eb cilat jan\u00eb t\u00eb zakonshme n\u00eb Per\u00ebndim, \u00ebsht\u00eb v\u00ebn\u00eb [&hellip;]<\/p>\n","protected":false,"gt_translate_keys":[{"key":"rendered","format":"html"}]},"author":51,"featured_media":550367,"comment_status":"closed","ping_status":"closed","sticky":false,"template":"","format":"standard","meta":{"footnotes":""},"categories":[53],"tags":[],"class_list":["post-550366","post","type-post","status-publish","format-standard","has-post-thumbnail","hentry","category-fast-foodi"],"gt_translate_keys":[{"key":"link","format":"url"}],"_links":{"self":[{"href":"https:\/\/www.hashtag.al\/index.php\/wp-json\/wp\/v2\/posts\/550366","targetHints":{"allow":["GET"]}}],"collection":[{"href":"https:\/\/www.hashtag.al\/index.php\/wp-json\/wp\/v2\/posts"}],"about":[{"href":"https:\/\/www.hashtag.al\/index.php\/wp-json\/wp\/v2\/types\/post"}],"author":[{"embeddable":true,"href":"https:\/\/www.hashtag.al\/index.php\/wp-json\/wp\/v2\/users\/51"}],"replies":[{"embeddable":true,"href":"https:\/\/www.hashtag.al\/index.php\/wp-json\/wp\/v2\/comments?post=550366"}],"version-history":[{"count":0,"href":"https:\/\/www.hashtag.al\/index.php\/wp-json\/wp\/v2\/posts\/550366\/revisions"}],"wp:featuredmedia":[{"embeddable":true,"href":"https:\/\/www.hashtag.al\/index.php\/wp-json\/wp\/v2\/media\/550367"}],"wp:attachment":[{"href":"https:\/\/www.hashtag.al\/index.php\/wp-json\/wp\/v2\/media?parent=550366"}],"wp:term":[{"taxonomy":"category","embeddable":true,"href":"https:\/\/www.hashtag.al\/index.php\/wp-json\/wp\/v2\/categories?post=550366"},{"taxonomy":"post_tag","embeddable":true,"href":"https:\/\/www.hashtag.al\/index.php\/wp-json\/wp\/v2\/tags?post=550366"}],"curies":[{"name":"wp","href":"https:\/\/api.w.org\/{rel}","templated":true}]}}