{"id":550348,"date":"2022-09-20T23:56:03","date_gmt":"2022-09-20T21:56:03","guid":{"rendered":"https:\/\/www.hashtag.al\/?p=550348"},"modified":"2022-09-20T23:56:03","modified_gmt":"2022-09-20T21:56:03","slug":"agjencia-evropiane-e-barnave-mendon-ndryshe-nga-biden-pandemia-covid-19-nuk-ka-perfunduar","status":"publish","type":"post","link":"https:\/\/www.hashtag.al\/index.php\/2022\/09\/20\/agjencia-evropiane-e-barnave-mendon-ndryshe-nga-biden-pandemia-covid-19-nuk-ka-perfunduar\/","title":{"rendered":"Agjencia Evropiane e Barnave mendon ndryshe nga Biden: Pandemia Covid-19 nuk ka p\u00ebrfunduar","gt_translate_keys":[{"key":"rendered","format":"text"}]},"content":{"rendered":"<p style=\"text-align: justify;\"><span style=\"color: #000000;\"><a style=\"color: #000000;\" href=\"https:\/\/www.hashtag.al\/wp-content\/uploads\/2022\/09\/ema-joe-biden.jpg\"><img loading=\"lazy\" decoding=\"async\" class=\"aligncenter size-full wp-image-550349\" src=\"https:\/\/www.hashtag.al\/wp-content\/uploads\/2022\/09\/ema-joe-biden.jpg\" alt=\"\" width=\"1920\" height=\"1200\" srcset=\"https:\/\/www.hashtag.al\/wp-content\/uploads\/2022\/09\/ema-joe-biden.jpg 1920w, https:\/\/www.hashtag.al\/wp-content\/uploads\/2022\/09\/ema-joe-biden-300x188.jpg 300w, https:\/\/www.hashtag.al\/wp-content\/uploads\/2022\/09\/ema-joe-biden-1024x640.jpg 1024w, https:\/\/www.hashtag.al\/wp-content\/uploads\/2022\/09\/ema-joe-biden-768x480.jpg 768w, https:\/\/www.hashtag.al\/wp-content\/uploads\/2022\/09\/ema-joe-biden-1536x960.jpg 1536w\" sizes=\"auto, (max-width: 1920px) 100vw, 1920px\" \/><\/a><\/span><\/p>\n<p style=\"text-align: justify;\"><span style=\"color: #000000;\">Agjencia Evropiane e Barnave (EMA) tha m\u00eb 20 shtator se rastet dhe vdekjet me koronavirus po bien, por paralajm\u00ebroi se \u201cpandemia ende po vazhdon\u201d, duke iu b\u00ebr\u00eb thirrje shteteve q\u00eb t\u00eb p\u00ebrshpejtojn\u00eb programet e imunizimit para stin\u00ebs s\u00eb dimrit.<\/span><\/p>\n<p style=\"text-align: justify;\"><span style=\"color: #000000;\">T\u00eb dh\u00ebnat e mbledhura gjat\u00eb jav\u00ebve t\u00eb fundit \u201ckan\u00eb treguar nj\u00eb r\u00ebnie t\u00eb numrit t\u00eb p\u00ebrgjithsh\u00ebm t\u00eb rasteve dhe vdekjeve n\u00eb Evrop\u00eb t\u00eb shkaktuara nga s\u00ebmundja COVID-19 \u201c, tha kreu p\u00ebr strategji t\u00eb vaksinave i k\u00ebsaj agjencie t\u00eb Bashkimit Evropian, Marco Cavaleri.<\/span><\/p>\n<p style=\"text-align: justify;\"><span style=\"color: #000000;\">\u201cMegjithat\u00eb, teksa po afrohet vjeshta, ne duhet t\u00eb p\u00ebrgatitemi p\u00ebr nj\u00eb val\u00eb t\u00eb re t\u00eb infektimeve n\u00eb linj\u00eb me trendin e shfaqur nga ky virus n\u00eb dy vjet\u00ebt e fundit\u201d, tha Cavaleri gjat\u00eb nj\u00eb konference p\u00ebr media.<\/span><\/p>\n<p style=\"text-align: justify;\"><span style=\"color: #000000;\">K\u00ebto deklarata nga EMA-s vijn\u00eb pasi presidenti i Shteteve t\u00eb Bashkuara, Joe Biden, gjat\u00eb nj\u00eb interviste p\u00ebr CBS tha t\u00eb diel\u00ebn se pandemia ka p\u00ebrfunduar n\u00eb SHBA.<\/span><\/p>\n<p style=\"text-align: justify;\"><span style=\"color: #000000;\">\u201cPandemia ka p\u00ebrfunduar. Ne ende kemi problem me COVID-in. Ne ende duhet t\u00eb b\u00ebjm\u00eb shum\u00eb pun\u00eb p\u00ebr k\u00ebt\u00eb gj\u00eb&#8230; por, pandemia ka p\u00ebrfunduar\u201d, tha Biden.<\/span><\/p>\n<p style=\"text-align: justify;\"><span style=\"color: #000000;\">Megjithat\u00eb, EMA vler\u00ebson se pandemia ende po vazhdon n\u00eb kontinentin evropian.<\/span><\/p>\n<p style=\"text-align: justify;\"><span style=\"color: #000000;\">\u201c\u00cbsht\u00eb e qart\u00eb p\u00ebr mua dhe Cavaleri e b\u00ebri shum\u00eb t\u00eb qart\u00eb se ne n\u00eb Evrop\u00eb ende konsiderojm\u00eb se pandemia po vazhdon\u201d, tha shefi mjek\u00ebsor i EMA-s, Steffen Thirstrup.<\/span><\/p>\n<p style=\"text-align: justify;\"><span style=\"color: #000000;\">\u201c\u00cbsht\u00eb e r\u00ebnd\u00ebsishme q\u00eb shtetet an\u00ebtare t\u00eb bllokut t\u00eb vazhdojn\u00eb me dh\u00ebnien e vaksinave\u201d kund\u00ebr koronavirusit, tha ai.<\/span><\/p>\n<p style=\"text-align: justify;\">\n","protected":false,"gt_translate_keys":[{"key":"rendered","format":"html"}]},"excerpt":{"rendered":"<p>Agjencia Evropiane e Barnave (EMA) tha m\u00eb 20 shtator se rastet dhe vdekjet me koronavirus po bien, por paralajm\u00ebroi se \u201cpandemia ende po vazhdon\u201d, duke iu b\u00ebr\u00eb thirrje shteteve q\u00eb t\u00eb p\u00ebrshpejtojn\u00eb programet e imunizimit para stin\u00ebs s\u00eb dimrit. T\u00eb dh\u00ebnat e mbledhura gjat\u00eb jav\u00ebve t\u00eb fundit \u201ckan\u00eb treguar nj\u00eb r\u00ebnie t\u00eb numrit t\u00eb p\u00ebrgjithsh\u00ebm [&hellip;]<\/p>\n","protected":false,"gt_translate_keys":[{"key":"rendered","format":"html"}]},"author":32,"featured_media":550349,"comment_status":"closed","ping_status":"closed","sticky":false,"template":"","format":"standard","meta":{"footnotes":""},"categories":[6,13],"tags":[],"class_list":["post-550348","post","type-post","status-publish","format-standard","has-post-thumbnail","hentry","category-nderkombetare","category-te-fundit"],"gt_translate_keys":[{"key":"link","format":"url"}],"_links":{"self":[{"href":"https:\/\/www.hashtag.al\/index.php\/wp-json\/wp\/v2\/posts\/550348","targetHints":{"allow":["GET"]}}],"collection":[{"href":"https:\/\/www.hashtag.al\/index.php\/wp-json\/wp\/v2\/posts"}],"about":[{"href":"https:\/\/www.hashtag.al\/index.php\/wp-json\/wp\/v2\/types\/post"}],"author":[{"embeddable":true,"href":"https:\/\/www.hashtag.al\/index.php\/wp-json\/wp\/v2\/users\/32"}],"replies":[{"embeddable":true,"href":"https:\/\/www.hashtag.al\/index.php\/wp-json\/wp\/v2\/comments?post=550348"}],"version-history":[{"count":0,"href":"https:\/\/www.hashtag.al\/index.php\/wp-json\/wp\/v2\/posts\/550348\/revisions"}],"wp:featuredmedia":[{"embeddable":true,"href":"https:\/\/www.hashtag.al\/index.php\/wp-json\/wp\/v2\/media\/550349"}],"wp:attachment":[{"href":"https:\/\/www.hashtag.al\/index.php\/wp-json\/wp\/v2\/media?parent=550348"}],"wp:term":[{"taxonomy":"category","embeddable":true,"href":"https:\/\/www.hashtag.al\/index.php\/wp-json\/wp\/v2\/categories?post=550348"},{"taxonomy":"post_tag","embeddable":true,"href":"https:\/\/www.hashtag.al\/index.php\/wp-json\/wp\/v2\/tags?post=550348"}],"curies":[{"name":"wp","href":"https:\/\/api.w.org\/{rel}","templated":true}]}}