{"id":550290,"date":"2022-09-20T17:13:07","date_gmt":"2022-09-20T15:13:07","guid":{"rendered":"https:\/\/www.hashtag.al\/?p=550290"},"modified":"2022-09-20T17:13:07","modified_gmt":"2022-09-20T15:13:07","slug":"mblidhet-te-henen-keshilli-kombetar-i-pd-se-fokusi-tek-situata-politike-dhe-aksioni-opozitar","status":"publish","type":"post","link":"https:\/\/www.hashtag.al\/index.php\/2022\/09\/20\/mblidhet-te-henen-keshilli-kombetar-i-pd-se-fokusi-tek-situata-politike-dhe-aksioni-opozitar\/","title":{"rendered":"Mblidhet t\u00eb h\u00ebn\u00ebn K\u00ebshilli Komb\u00ebtar i PD-s\u00eb, fokusi tek situata politike dhe aksioni opozitar","gt_translate_keys":[{"key":"rendered","format":"text"}]},"content":{"rendered":"<p><span style=\"color: #000000;\"><a href=\"https:\/\/www.hashtag.al\/wp-content\/uploads\/2022\/09\/PD.jpg\"><img loading=\"lazy\" decoding=\"async\" class=\"aligncenter size-full wp-image-550291\" src=\"https:\/\/www.hashtag.al\/wp-content\/uploads\/2022\/09\/PD.jpg\" alt=\"\" width=\"715\" height=\"406\" srcset=\"https:\/\/www.hashtag.al\/wp-content\/uploads\/2022\/09\/PD.jpg 715w, https:\/\/www.hashtag.al\/wp-content\/uploads\/2022\/09\/PD-300x170.jpg 300w\" sizes=\"auto, (max-width: 715px) 100vw, 715px\" \/><\/a><\/span><\/p>\n<p><span style=\"color: #000000;\">T\u00eb h\u00ebn\u00ebn mblidhet K\u00ebshilli Komb\u00ebtar i Partis\u00eb Demokratike. Sikurse b\u00ebn me dije zyra e shtypit n\u00eb selin\u00eb blu, mbledhja \u00ebsht\u00eb thirrur nga Kryetari i K\u00ebshillit Komb\u00ebtar, Edi Paloka dhe do mbahet n\u00eb or\u00ebn 17:00 t\u00eb s\u00eb h\u00ebn\u00ebs.<\/span><\/p>\n<p><span style=\"color: #000000;\">N\u00eb mbledhje do t\u00eb diskutohet rreth situat\u00ebs\u00a0politike dhe vendimmarrjes mbi aksionin opozitar.<\/span><\/p>\n<p><em><span style=\"color: #000000;\">\u201cKryetari i K\u00ebshillit Komb\u00ebtar Edi Paloka ka njoftuar se dit\u00ebn e h\u00ebn\u00eb, 26 shtator, ora 17.00, mblidhet K\u00ebshilli Komb\u00ebtar i PD me rend dite:<\/span><\/em><\/p>\n<p><em><span style=\"color: #000000;\">&#8211; Diskutime rreth situat\u00ebs politike dhe vendimarrje mbi aksionin opozitar.<\/span><\/em><\/p>\n<p><span style=\"color: #000000;\"><em>N\u00eb k\u00ebt\u00eb kuad\u00ebr do t\u00eb shqyrtohet ecuria e procesit t\u00eb nisur nga grupet e pun\u00ebs n\u00eb t\u00eb gjith\u00eb vendin p\u00ebr konsolidimin e struktur\u00ebs s\u00eb PD.\u201d<\/em>&#8211; thuhet n\u00eb njoftimin e zyr\u00ebs s\u00eb shtypit t\u00eb PD-s\u00eb.<\/span><\/p>\n","protected":false,"gt_translate_keys":[{"key":"rendered","format":"html"}]},"excerpt":{"rendered":"<p>T\u00eb h\u00ebn\u00ebn mblidhet K\u00ebshilli Komb\u00ebtar i Partis\u00eb Demokratike. Sikurse b\u00ebn me dije zyra e shtypit n\u00eb selin\u00eb blu, mbledhja \u00ebsht\u00eb thirrur nga Kryetari i K\u00ebshillit Komb\u00ebtar, Edi Paloka dhe do mbahet n\u00eb or\u00ebn 17:00 t\u00eb s\u00eb h\u00ebn\u00ebs. N\u00eb mbledhje do t\u00eb diskutohet rreth situat\u00ebs\u00a0politike dhe vendimmarrjes mbi aksionin opozitar. \u201cKryetari i K\u00ebshillit Komb\u00ebtar Edi Paloka [&hellip;]<\/p>\n","protected":false,"gt_translate_keys":[{"key":"rendered","format":"html"}]},"author":30,"featured_media":550291,"comment_status":"closed","ping_status":"closed","sticky":false,"template":"","format":"standard","meta":{"footnotes":""},"categories":[65,13],"tags":[],"class_list":["post-550290","post","type-post","status-publish","format-standard","has-post-thumbnail","hentry","category-lajme","category-te-fundit"],"gt_translate_keys":[{"key":"link","format":"url"}],"_links":{"self":[{"href":"https:\/\/www.hashtag.al\/index.php\/wp-json\/wp\/v2\/posts\/550290","targetHints":{"allow":["GET"]}}],"collection":[{"href":"https:\/\/www.hashtag.al\/index.php\/wp-json\/wp\/v2\/posts"}],"about":[{"href":"https:\/\/www.hashtag.al\/index.php\/wp-json\/wp\/v2\/types\/post"}],"author":[{"embeddable":true,"href":"https:\/\/www.hashtag.al\/index.php\/wp-json\/wp\/v2\/users\/30"}],"replies":[{"embeddable":true,"href":"https:\/\/www.hashtag.al\/index.php\/wp-json\/wp\/v2\/comments?post=550290"}],"version-history":[{"count":0,"href":"https:\/\/www.hashtag.al\/index.php\/wp-json\/wp\/v2\/posts\/550290\/revisions"}],"wp:featuredmedia":[{"embeddable":true,"href":"https:\/\/www.hashtag.al\/index.php\/wp-json\/wp\/v2\/media\/550291"}],"wp:attachment":[{"href":"https:\/\/www.hashtag.al\/index.php\/wp-json\/wp\/v2\/media?parent=550290"}],"wp:term":[{"taxonomy":"category","embeddable":true,"href":"https:\/\/www.hashtag.al\/index.php\/wp-json\/wp\/v2\/categories?post=550290"},{"taxonomy":"post_tag","embeddable":true,"href":"https:\/\/www.hashtag.al\/index.php\/wp-json\/wp\/v2\/tags?post=550290"}],"curies":[{"name":"wp","href":"https:\/\/api.w.org\/{rel}","templated":true}]}}