{"id":550285,"date":"2022-09-20T17:02:32","date_gmt":"2022-09-20T15:02:32","guid":{"rendered":"https:\/\/www.hashtag.al\/?p=550285"},"modified":"2022-09-20T17:02:32","modified_gmt":"2022-09-20T15:02:32","slug":"britania-e-madhe-po-konsideron-ti-bashkohet-bashkimit-te-ri-evropian-te-propozuar-nga-macron","status":"publish","type":"post","link":"https:\/\/www.hashtag.al\/index.php\/2022\/09\/20\/britania-e-madhe-po-konsideron-ti-bashkohet-bashkimit-te-ri-evropian-te-propozuar-nga-macron\/","title":{"rendered":"Britania e Madhe po konsideron t&#8217;i bashkohet \u201cBashkimit t\u00eb ri Evropian\u201d t\u00eb propozuar nga Macron","gt_translate_keys":[{"key":"rendered","format":"text"}]},"content":{"rendered":"<p><span style=\"color: #000000;\"><a href=\"https:\/\/www.hashtag.al\/wp-content\/uploads\/2022\/09\/Britani-BE.jpg\"><img loading=\"lazy\" decoding=\"async\" class=\"aligncenter size-full wp-image-550286\" src=\"https:\/\/www.hashtag.al\/wp-content\/uploads\/2022\/09\/Britani-BE.jpg\" alt=\"\" width=\"768\" height=\"428\" srcset=\"https:\/\/www.hashtag.al\/wp-content\/uploads\/2022\/09\/Britani-BE.jpg 768w, https:\/\/www.hashtag.al\/wp-content\/uploads\/2022\/09\/Britani-BE-300x167.jpg 300w\" sizes=\"auto, (max-width: 768px) 100vw, 768px\" \/><\/a><\/span><\/p>\n<p><span style=\"color: #000000;\">Mbret\u00ebria e Bashkuar po konsideron n\u00ebse do t\u00eb marr\u00eb pjes\u00eb n\u00eb nj\u00eb &#8220;<em>klub<\/em>&#8221; t\u00eb ri politik evropian muajin e ardhsh\u00ebm.<\/span><\/p>\n<p><span style=\"color: #000000;\">Takimi i par\u00eb i &#8220;Komunitetit Politik Evropian&#8221; do t\u00eb mbahet n\u00eb Prag\u00eb n\u00eb fillim t\u00eb tetorit.<\/span><\/p>\n<p><span style=\"color: #000000;\">Si\u00e7 shkruan <span style=\"color: #0000ff;\"><a style=\"color: #0000ff;\" href=\"https:\/\/www.bbc.com\/news\/uk-politics-62967084\">BBC<\/a><\/span>, qeveria britanike d\u00ebshiron t\u00eb shoh\u00eb m\u00eb shum\u00eb detaje mbi samitin p\u00ebrpara se kryeministrja Liz Truss t\u00eb angazhohet p\u00ebr t\u00eb marr\u00eb pjes\u00eb n\u00eb t\u00eb dhe asnj\u00eb vendim p\u00ebrfundimtar nuk \u00ebsht\u00eb marr\u00eb.<\/span><\/p>\n<p><span style=\"color: #000000;\">Komuniteti Politik Evropian \u00ebsht\u00eb nj\u00eb ide e hedhur nga presidenti francez Emmanuel Macron. Ai e propozoi at\u00eb, n\u00eb muajin maj, si nj\u00eb &#8220;<em>hap\u00ebsir\u00eb \u200b\u200bt\u00eb re<\/em>&#8221; p\u00ebr bashk\u00ebpunim. Brenda k\u00ebtij bashkimi t\u00eb ri politik, kombe si Ukraina, madje edhe Britania pas Brexit, mund t\u00eb krijojn\u00eb lidhje m\u00eb t\u00eb thella pa u an\u00ebtar\u00ebsuar zyrtarisht n\u00eb BE.<\/span><\/p>\n<p><span style=\"color: #000000;\">Macron sugjeroi se grupi mund t\u00eb diskutoj\u00eb sigurin\u00eb, energjin\u00eb dhe transportin, si dhe l\u00ebvizjen e njer\u00ebzve, ve\u00e7an\u00ebrisht t\u00eb rinjve. Synimi \u00ebsht\u00eb krijimi i nj\u00eb forumi q\u00eb shkon p\u00ebrtej 27 vendeve an\u00ebtare t\u00eb BE-s\u00eb.<\/span><\/p>\n<p><span style=\"color: #000000;\">Ide t\u00eb ngjashme jan\u00eb p\u00ebrhapur p\u00ebr dekada, por kjo \u00ebsht\u00eb nisma e par\u00eb e madhe p\u00ebr nj\u00eb forum t\u00eb till\u00eb q\u00eb nga Brexit.<\/span><\/p>\n<p><span style=\"color: #000000;\">Zyrtar\u00ebt e Mbret\u00ebris\u00eb s\u00eb Bashkuar thuhet se po k\u00ebrkojn\u00eb garanci se takimi nuk do t\u00eb mbizot\u00ebrohet shum\u00eb nga vendet apo institucionet e BE-s\u00eb. Britania do t\u00eb d\u00ebshironte t\u00eb shihte t\u00eb tjer\u00eb &#8220;<em>lojtar\u00eb t\u00eb m\u00ebdhenj<\/em>&#8221; nga jasht\u00eb BE-s\u00eb t\u00eb pranish\u00ebm.<\/span><\/p>\n<p><span style=\"color: #000000;\">T\u00eb 27 an\u00ebtar\u00ebt e BE-s\u00eb do t\u00eb ftohen, si dhe Mbret\u00ebria e Bashkuar, Ukraina, Norvegjia, Zvicra dhe Turqia. Gjasht\u00eb vende t\u00eb Ballkanit Per\u00ebndimor ka t\u00eb ngjar\u00eb t\u00eb ftohen gjithashtu, s\u00eb bashku me Island\u00ebn, Lihtenshtajnin, Moldavin\u00eb, Gjeorgjin\u00eb, Armenin\u00eb dhe Azerbajxhanin.<\/span><\/p>\n<p><span style=\"color: #000000;\">Zyrtar\u00ebt e BE-s\u00eb i kan\u00eb th\u00ebn\u00eb <span style=\"color: #0000ff;\"><a style=\"color: #0000ff;\" href=\"https:\/\/www.bbc.com\/news\/uk-politics-62967084\">BBC<\/a><\/span>-s\u00eb se nj\u00eb memorandum ka shkuar n\u00eb kryeqytetet, me ftesa zyrtare p\u00ebr t&#8217;u ndjekur. Por, p\u00ebrpara se t\u00eb p\u00ebrgjigjet, ka indikacione se Britania gjithashtu d\u00ebshiron t\u00eb konsultohet me qeverin\u00eb e Ukrain\u00ebs, si dhe me aleanc\u00ebn ushtarake mbrojt\u00ebse, NATO-n.<\/span><\/p>\n<p><span style=\"color: #000000;\">Takimi inaugurues i &#8220;<em>Komunitetit Politik Evropian<\/em>&#8221; do t\u00eb zhvillohet m\u00eb 6 tetor n\u00eb kryeqytetin \u00e7ek, Prag\u00eb.<\/span><\/p>\n<p><span style=\"color: #000000;\">Republika \u00c7eke aktualisht mban presidenc\u00ebn e rradh\u00ebs t\u00eb K\u00ebshillit Evropian.<\/span><\/p>\n","protected":false,"gt_translate_keys":[{"key":"rendered","format":"html"}]},"excerpt":{"rendered":"<p>Mbret\u00ebria e Bashkuar po konsideron n\u00ebse do t\u00eb marr\u00eb pjes\u00eb n\u00eb nj\u00eb &#8220;klub&#8221; t\u00eb ri politik evropian muajin e ardhsh\u00ebm. Takimi i par\u00eb i &#8220;Komunitetit Politik Evropian&#8221; do t\u00eb mbahet n\u00eb Prag\u00eb n\u00eb fillim t\u00eb tetorit. Si\u00e7 shkruan BBC, qeveria britanike d\u00ebshiron t\u00eb shoh\u00eb m\u00eb shum\u00eb detaje mbi samitin p\u00ebrpara se kryeministrja Liz Truss t\u00eb [&hellip;]<\/p>\n","protected":false,"gt_translate_keys":[{"key":"rendered","format":"html"}]},"author":30,"featured_media":550286,"comment_status":"closed","ping_status":"closed","sticky":false,"template":"","format":"standard","meta":{"footnotes":""},"categories":[6,13],"tags":[],"class_list":["post-550285","post","type-post","status-publish","format-standard","has-post-thumbnail","hentry","category-nderkombetare","category-te-fundit"],"gt_translate_keys":[{"key":"link","format":"url"}],"_links":{"self":[{"href":"https:\/\/www.hashtag.al\/index.php\/wp-json\/wp\/v2\/posts\/550285","targetHints":{"allow":["GET"]}}],"collection":[{"href":"https:\/\/www.hashtag.al\/index.php\/wp-json\/wp\/v2\/posts"}],"about":[{"href":"https:\/\/www.hashtag.al\/index.php\/wp-json\/wp\/v2\/types\/post"}],"author":[{"embeddable":true,"href":"https:\/\/www.hashtag.al\/index.php\/wp-json\/wp\/v2\/users\/30"}],"replies":[{"embeddable":true,"href":"https:\/\/www.hashtag.al\/index.php\/wp-json\/wp\/v2\/comments?post=550285"}],"version-history":[{"count":0,"href":"https:\/\/www.hashtag.al\/index.php\/wp-json\/wp\/v2\/posts\/550285\/revisions"}],"wp:featuredmedia":[{"embeddable":true,"href":"https:\/\/www.hashtag.al\/index.php\/wp-json\/wp\/v2\/media\/550286"}],"wp:attachment":[{"href":"https:\/\/www.hashtag.al\/index.php\/wp-json\/wp\/v2\/media?parent=550285"}],"wp:term":[{"taxonomy":"category","embeddable":true,"href":"https:\/\/www.hashtag.al\/index.php\/wp-json\/wp\/v2\/categories?post=550285"},{"taxonomy":"post_tag","embeddable":true,"href":"https:\/\/www.hashtag.al\/index.php\/wp-json\/wp\/v2\/tags?post=550285"}],"curies":[{"name":"wp","href":"https:\/\/api.w.org\/{rel}","templated":true}]}}