{"id":549718,"date":"2022-09-18T08:54:28","date_gmt":"2022-09-18T06:54:28","guid":{"rendered":"https:\/\/www.hashtag.al\/?p=549718"},"modified":"2022-09-18T08:58:20","modified_gmt":"2022-09-18T06:58:20","slug":"vritet-ne-deren-e-shtepise-28-vjecari-shqiptar-ne-maqedonine-e-veriut","status":"publish","type":"post","link":"https:\/\/www.hashtag.al\/index.php\/2022\/09\/18\/vritet-ne-deren-e-shtepise-28-vjecari-shqiptar-ne-maqedonine-e-veriut\/","title":{"rendered":"Vritet n\u00eb der\u00ebn e sht\u00ebpis\u00eb 28-vje\u00e7ari shqiptar n\u00eb Maqedonin\u00eb e Veriut","gt_translate_keys":[{"key":"rendered","format":"text"}]},"content":{"rendered":"<p><span style=\"color: #000000;\"><a href=\"https:\/\/www.hashtag.al\/wp-content\/uploads\/2022\/09\/307247108_1428787464295083_6995067451962684541_n-1.jpg\"><img loading=\"lazy\" decoding=\"async\" class=\"aligncenter size-full wp-image-549719\" src=\"https:\/\/www.hashtag.al\/wp-content\/uploads\/2022\/09\/307247108_1428787464295083_6995067451962684541_n-1.jpg\" alt=\"\" width=\"1080\" height=\"1080\" srcset=\"https:\/\/www.hashtag.al\/wp-content\/uploads\/2022\/09\/307247108_1428787464295083_6995067451962684541_n-1.jpg 1080w, https:\/\/www.hashtag.al\/wp-content\/uploads\/2022\/09\/307247108_1428787464295083_6995067451962684541_n-1-300x300.jpg 300w, https:\/\/www.hashtag.al\/wp-content\/uploads\/2022\/09\/307247108_1428787464295083_6995067451962684541_n-1-1024x1024.jpg 1024w, https:\/\/www.hashtag.al\/wp-content\/uploads\/2022\/09\/307247108_1428787464295083_6995067451962684541_n-1-150x150.jpg 150w, https:\/\/www.hashtag.al\/wp-content\/uploads\/2022\/09\/307247108_1428787464295083_6995067451962684541_n-1-768x768.jpg 768w, https:\/\/www.hashtag.al\/wp-content\/uploads\/2022\/09\/307247108_1428787464295083_6995067451962684541_n-1-600x600.jpg 600w, https:\/\/www.hashtag.al\/wp-content\/uploads\/2022\/09\/307247108_1428787464295083_6995067451962684541_n-1-180x180.jpg 180w, https:\/\/www.hashtag.al\/wp-content\/uploads\/2022\/09\/307247108_1428787464295083_6995067451962684541_n-1-80x80.jpg 80w\" sizes=\"auto, (max-width: 1080px) 100vw, 1080px\" \/><\/a><\/span><\/p>\n<p><span style=\"color: #000000;\">Nj\u00eb i ri shqiptar \u00ebsht\u00eb vrar\u00eb mbr\u00ebmjen e kaluar n\u00eb Gostivar t\u00eb Maqedonis\u00eb s\u00eb Veriut.<\/span><\/p>\n<p><span style=\"color: #000000;\"><span style=\"color: #0000ff;\"><a style=\"color: #0000ff;\" href=\"https:\/\/www.tetovasot.com\/2022\/09\/ja-kush-eshte-vra-sonte-ne-gostivar-emri-foto\/\">Tetova sot<\/a><\/span> raporton se ngjarja ka ndodhur n\u00eb pjes\u00ebn qendrore t\u00eb qytetit dhe 28-vje\u00e7ari me inicialet G.A. \u00ebsht\u00eb q\u00eblluar n\u00eb kok\u00eb me arm\u00eb zjarri, para sht\u00ebpis\u00eb s\u00eb tij.<\/span><\/p>\n<p><span style=\"color: #000000;\"><em>\u201cSonte (17-shtator) rreth or\u00ebs 19:40 n\u00eb SPB -Tetov\u00ebs \u00ebsht\u00eb raportuar se n\u00eb Spitalin e Gostivarit \u2018Ferid Murad\u2019 \u00ebsht\u00eb sjell\u00eb 28-vje\u00e7ari G.A. nga Gostivari, i cili ka qen\u00eb i l\u00ebnduar me nj\u00eb plag\u00eb hyr\u00ebse-dal\u00ebse me arm\u00eb zjarri n\u00eb kok\u00eb. Atij i \u00ebsht\u00eb dh\u00ebn\u00eb ndihma mjek\u00ebsore, por i nj\u00ebjti i\u2019u n\u00ebnshtrua plag\u00ebve t\u00eb marra. Po merren masa p\u00ebr zbardhjen e rastit.\u201d-<\/em> tha Policia.<\/span><\/p>\n<p><span style=\"color: #000000;\">Ende nuk dihet kush \u00ebsht\u00eb autori i k\u00ebsaj ngjarje e cilat ishin motivet e tij.<\/span><\/p>\n<p><a href=\"https:\/\/www.hashtag.al\/wp-content\/uploads\/2022\/09\/307822033_787413825836853_5424238296969938400_n.jpg\"><img loading=\"lazy\" decoding=\"async\" class=\"aligncenter size-full wp-image-549720\" src=\"https:\/\/www.hashtag.al\/wp-content\/uploads\/2022\/09\/307822033_787413825836853_5424238296969938400_n.jpg\" alt=\"\" width=\"1080\" height=\"1440\" srcset=\"https:\/\/www.hashtag.al\/wp-content\/uploads\/2022\/09\/307822033_787413825836853_5424238296969938400_n.jpg 1080w, https:\/\/www.hashtag.al\/wp-content\/uploads\/2022\/09\/307822033_787413825836853_5424238296969938400_n-225x300.jpg 225w, https:\/\/www.hashtag.al\/wp-content\/uploads\/2022\/09\/307822033_787413825836853_5424238296969938400_n-768x1024.jpg 768w\" sizes=\"auto, (max-width: 1080px) 100vw, 1080px\" \/><\/a><\/p>\n","protected":false,"gt_translate_keys":[{"key":"rendered","format":"html"}]},"excerpt":{"rendered":"<p>Nj\u00eb i ri shqiptar \u00ebsht\u00eb vrar\u00eb mbr\u00ebmjen e kaluar n\u00eb Gostivar t\u00eb Maqedonis\u00eb s\u00eb Veriut. Tetova sot raporton se ngjarja ka ndodhur n\u00eb pjes\u00ebn qendrore t\u00eb qytetit dhe 28-vje\u00e7ari me inicialet G.A. \u00ebsht\u00eb q\u00eblluar n\u00eb kok\u00eb me arm\u00eb zjarri, para sht\u00ebpis\u00eb s\u00eb tij. \u201cSonte (17-shtator) rreth or\u00ebs 19:40 n\u00eb SPB -Tetov\u00ebs \u00ebsht\u00eb raportuar se n\u00eb [&hellip;]<\/p>\n","protected":false,"gt_translate_keys":[{"key":"rendered","format":"html"}]},"author":30,"featured_media":549719,"comment_status":"closed","ping_status":"closed","sticky":false,"template":"","format":"standard","meta":{"footnotes":""},"categories":[149,13],"tags":[],"class_list":["post-549718","post","type-post","status-publish","format-standard","has-post-thumbnail","hentry","category-kosoverajon","category-te-fundit"],"gt_translate_keys":[{"key":"link","format":"url"}],"_links":{"self":[{"href":"https:\/\/www.hashtag.al\/index.php\/wp-json\/wp\/v2\/posts\/549718","targetHints":{"allow":["GET"]}}],"collection":[{"href":"https:\/\/www.hashtag.al\/index.php\/wp-json\/wp\/v2\/posts"}],"about":[{"href":"https:\/\/www.hashtag.al\/index.php\/wp-json\/wp\/v2\/types\/post"}],"author":[{"embeddable":true,"href":"https:\/\/www.hashtag.al\/index.php\/wp-json\/wp\/v2\/users\/30"}],"replies":[{"embeddable":true,"href":"https:\/\/www.hashtag.al\/index.php\/wp-json\/wp\/v2\/comments?post=549718"}],"version-history":[{"count":0,"href":"https:\/\/www.hashtag.al\/index.php\/wp-json\/wp\/v2\/posts\/549718\/revisions"}],"wp:featuredmedia":[{"embeddable":true,"href":"https:\/\/www.hashtag.al\/index.php\/wp-json\/wp\/v2\/media\/549719"}],"wp:attachment":[{"href":"https:\/\/www.hashtag.al\/index.php\/wp-json\/wp\/v2\/media?parent=549718"}],"wp:term":[{"taxonomy":"category","embeddable":true,"href":"https:\/\/www.hashtag.al\/index.php\/wp-json\/wp\/v2\/categories?post=549718"},{"taxonomy":"post_tag","embeddable":true,"href":"https:\/\/www.hashtag.al\/index.php\/wp-json\/wp\/v2\/tags?post=549718"}],"curies":[{"name":"wp","href":"https:\/\/api.w.org\/{rel}","templated":true}]}}