{"id":549706,"date":"2022-09-17T22:09:28","date_gmt":"2022-09-17T20:09:28","guid":{"rendered":"https:\/\/www.hashtag.al\/?p=549706"},"modified":"2022-09-17T22:09:28","modified_gmt":"2022-09-17T20:09:28","slug":"viktimat-e-epstein-te-zemeruar-nga-rehabilitimi-publik-i-djalit-te-mbretereshes-princit-andrew-media","status":"publish","type":"post","link":"https:\/\/www.hashtag.al\/index.php\/2022\/09\/17\/viktimat-e-epstein-te-zemeruar-nga-rehabilitimi-publik-i-djalit-te-mbretereshes-princit-andrew-media\/","title":{"rendered":"Viktimat e Epstein t\u00eb zem\u00ebruar nga &#8216;rehabilitimi publik&#8217; i djalit t\u00eb mbret\u00ebresh\u00ebs, Princit Andrew &#8211; Media","gt_translate_keys":[{"key":"rendered","format":"text"}]},"content":{"rendered":"<p><span style=\"color: #000000;\"><img loading=\"lazy\" decoding=\"async\" class=\"aligncenter size-full wp-image-549707\" src=\"https:\/\/www.hashtag.al\/wp-content\/uploads\/2022\/09\/andrew.jpg\" alt=\"\" width=\"768\" height=\"432\" srcset=\"https:\/\/www.hashtag.al\/wp-content\/uploads\/2022\/09\/andrew.jpg 768w, https:\/\/www.hashtag.al\/wp-content\/uploads\/2022\/09\/andrew-300x169.jpg 300w\" sizes=\"auto, (max-width: 768px) 100vw, 768px\" \/><\/span><\/p>\n<p><span style=\"color: #000000;\">Avokat\u00ebt q\u00eb p\u00ebrfaq\u00ebsonin viktimat e pedofilit t\u00eb vdekur Jeffrey Epstein i than\u00eb medias britanike The Independent se klient\u00ebt e tyre jan\u00eb t\u00eb zem\u00ebruar dhe t\u00eb m\u00ebrzitur pasi pan\u00eb Princin Andrew t\u00eb kthehej n\u00eb jet\u00ebn publike pas vdekjes s\u00eb n\u00ebn\u00ebs s\u00eb tij, Mbret\u00ebresh\u00ebs Elizabeth II.<\/span><\/p>\n<p><span style=\"color: #000000;\">Princi britanik, i cili gjithashtu \u00ebsht\u00eb akuzuar p\u00ebr abuzim, ishte nj\u00eb bashk\u00ebpun\u00ebtor i Epstein. Atij iu hoq\u00ebn patronazhet mbret\u00ebrore dhe titujt e nderit ushtarak n\u00eb fillim t\u00eb k\u00ebtij viti pasi ai zgjidhi nj\u00eb padi civile me Virginia Giuffre, e cila e akuzoi at\u00eb p\u00ebr sulm seksual ndaj saj kur ishte ende e mitur n\u00eb vitin 2001. <\/span><\/p>\n<p><span style=\"color: #000000;\">Andrew nuk u shfaq publikisht pas marr\u00ebveshjes, por princi i turp\u00ebruar \u00ebsht\u00eb rikthyer n\u00eb qend\u00ebr t\u00eb v\u00ebmendjes pas vdekjes s\u00eb n\u00ebn\u00ebs s\u00eb tij, teksa ecte n\u00eb procesionin e funeralit t\u00eb Mbret\u00ebresh\u00ebs dhe duke q\u00ebndruar vigjilent pran\u00eb arkivolit t\u00eb saj n\u00eb Westminster Hall.<\/span><\/p>\n<p><span style=\"color: #000000;\"><em>\u201cP\u00ebr viktimat q\u00eb jan\u00eb t\u00eb p\u00ebrfshira, ta shohin at\u00eb n\u00eb k\u00ebto lloje paraqitjesh publike dhe duke u lavd\u00ebruar nga publiku, \u00ebsht\u00eb zhg\u00ebnjyese.\u201d<\/em> &#8211; tha p\u00ebr The Independent Spencer Kevin, nj\u00eb avokat me baz\u00eb n\u00eb Florida, i cili p\u00ebrfaq\u00ebsonte n\u00ebnt\u00eb nga viktimat e Epstein.<\/span><\/p>\n<p><span style=\"color: #000000;\"><em>\u201cKy \u00ebsht\u00eb nj\u00eb njeri q\u00eb ata e shohin si dik\u00eb q\u00eb \u00ebsht\u00eb mosrespektues ndaj viktimave, p\u00ebr shkak t\u00eb miq\u00ebsis\u00eb s\u00eb tij me nj\u00eb pedofil. Dhe q\u00eb ai t\u00eb lavd\u00ebrohet n\u00eb publik, si\u00e7 po b\u00ebn, dhe t\u00eb lavd\u00ebrohet nga publiku, gj\u00eb q\u00eb e k\u00ebrkon, \u00ebsht\u00eb fyese.\u201d<\/em><\/span><\/p>\n<p><span style=\"color: #000000;\">Kevin sugjeroi q\u00eb Andrew mund t\u00eb jet\u00eb duke u p\u00ebrpjekur t\u00eb \u2018riparoj\u00eb imazhin e tij n\u00eb publik\u2019 dhe tha se Duka i Jorkut duhet t\u00eb ishte pik\u00eblluar privatisht. Mariann Wang, nj\u00eb avokate me baz\u00eb n\u00eb Nju Jork, e cila p\u00ebrfaq\u00ebsonte dhjet\u00ebra viktima t\u00eb Epstein, ra dakord, duke e quajtur paraqitjen e Andre\u00eb n\u00eb publik \u2018krejt t\u00eb pap\u00ebrshtatshme\u2019.<\/span><\/p>\n<p><span style=\"color: #000000;\">Epstein dhe Andrew ishin miq dhe princi britanik pranoi se ai kishte q\u00ebndruar n\u00eb pronat e Epstein edhe pasi financieri amerikan ishte burgosur n\u00eb vitin 2008. Epstein u arrestua p\u00ebrs\u00ebri n\u00eb vitin 2019 dhe u akuzua p\u00ebr abuzim seksual me dhjet\u00ebra vajza t\u00eb mitura, por u gjet i vdekur n\u00eb qelin\u00eb e tij t\u00eb burgut n\u00eb Manhatan p\u00ebrpara se t\u00eb mund t\u00eb dilte n\u00eb gjyq. Vdekja e tij u cil\u00ebsua zyrtarisht si vet\u00ebvrasje.<\/span><\/p>\n","protected":false,"gt_translate_keys":[{"key":"rendered","format":"html"}]},"excerpt":{"rendered":"<p>Avokat\u00ebt q\u00eb p\u00ebrfaq\u00ebsonin viktimat e pedofilit t\u00eb vdekur Jeffrey Epstein i than\u00eb medias britanike The Independent se klient\u00ebt e tyre jan\u00eb t\u00eb zem\u00ebruar dhe t\u00eb m\u00ebrzitur pasi pan\u00eb Princin Andrew t\u00eb kthehej n\u00eb jet\u00ebn publike pas vdekjes s\u00eb n\u00ebn\u00ebs s\u00eb tij, Mbret\u00ebresh\u00ebs Elizabeth II. Princi britanik, i cili gjithashtu \u00ebsht\u00eb akuzuar p\u00ebr abuzim, ishte nj\u00eb [&hellip;]<\/p>\n","protected":false,"gt_translate_keys":[{"key":"rendered","format":"html"}]},"author":51,"featured_media":549707,"comment_status":"closed","ping_status":"closed","sticky":false,"template":"","format":"standard","meta":{"footnotes":""},"categories":[53],"tags":[],"class_list":["post-549706","post","type-post","status-publish","format-standard","has-post-thumbnail","hentry","category-fast-foodi"],"gt_translate_keys":[{"key":"link","format":"url"}],"_links":{"self":[{"href":"https:\/\/www.hashtag.al\/index.php\/wp-json\/wp\/v2\/posts\/549706","targetHints":{"allow":["GET"]}}],"collection":[{"href":"https:\/\/www.hashtag.al\/index.php\/wp-json\/wp\/v2\/posts"}],"about":[{"href":"https:\/\/www.hashtag.al\/index.php\/wp-json\/wp\/v2\/types\/post"}],"author":[{"embeddable":true,"href":"https:\/\/www.hashtag.al\/index.php\/wp-json\/wp\/v2\/users\/51"}],"replies":[{"embeddable":true,"href":"https:\/\/www.hashtag.al\/index.php\/wp-json\/wp\/v2\/comments?post=549706"}],"version-history":[{"count":0,"href":"https:\/\/www.hashtag.al\/index.php\/wp-json\/wp\/v2\/posts\/549706\/revisions"}],"wp:featuredmedia":[{"embeddable":true,"href":"https:\/\/www.hashtag.al\/index.php\/wp-json\/wp\/v2\/media\/549707"}],"wp:attachment":[{"href":"https:\/\/www.hashtag.al\/index.php\/wp-json\/wp\/v2\/media?parent=549706"}],"wp:term":[{"taxonomy":"category","embeddable":true,"href":"https:\/\/www.hashtag.al\/index.php\/wp-json\/wp\/v2\/categories?post=549706"},{"taxonomy":"post_tag","embeddable":true,"href":"https:\/\/www.hashtag.al\/index.php\/wp-json\/wp\/v2\/tags?post=549706"}],"curies":[{"name":"wp","href":"https:\/\/api.w.org\/{rel}","templated":true}]}}