{"id":549642,"date":"2022-09-17T18:32:20","date_gmt":"2022-09-17T16:32:20","guid":{"rendered":"https:\/\/www.hashtag.al\/?p=549642"},"modified":"2022-09-17T18:56:30","modified_gmt":"2022-09-17T16:56:30","slug":"paloka-do-bejme-auditim-te-financave-ne-pd-kur-largoi-berishen-basha-me-tha-sot-perfundon-ultimatumi","status":"publish","type":"post","link":"https:\/\/www.hashtag.al\/index.php\/2022\/09\/17\/paloka-do-bejme-auditim-te-financave-ne-pd-kur-largoi-berishen-basha-me-tha-sot-perfundon-ultimatumi\/","title":{"rendered":"Paloka: Do b\u00ebjm\u00eb auditim t\u00eb financave n\u00eb PD, kur largoi Berish\u00ebn, Basha m\u00eb tha \u2018sot p\u00ebrfundon ultimatumi\u2019","gt_translate_keys":[{"key":"rendered","format":"text"}]},"content":{"rendered":"<p><span style=\"color: #000000;\"><img loading=\"lazy\" decoding=\"async\" class=\"aligncenter size-full wp-image-549648\" src=\"https:\/\/www.hashtag.al\/wp-content\/uploads\/2022\/09\/paloka3-e1663433774680.jpg\" alt=\"\" width=\"1124\" height=\"604\" srcset=\"https:\/\/www.hashtag.al\/wp-content\/uploads\/2022\/09\/paloka3-e1663433774680.jpg 1124w, https:\/\/www.hashtag.al\/wp-content\/uploads\/2022\/09\/paloka3-e1663433774680-300x161.jpg 300w, https:\/\/www.hashtag.al\/wp-content\/uploads\/2022\/09\/paloka3-e1663433774680-1024x550.jpg 1024w, https:\/\/www.hashtag.al\/wp-content\/uploads\/2022\/09\/paloka3-e1663433774680-768x413.jpg 768w\" sizes=\"auto, (max-width: 1124px) 100vw, 1124px\" \/><\/span><\/p>\n<p><span style=\"color: #000000;\">Kreu i K\u00ebshillit Komb\u00ebtar t\u00eb PD-s\u00eb, Paloka, ka hedhur posht\u00eb t\u00eb ket\u00eb dijeni lidhur me \u00e7\u00ebshtjen e lobimit asokohe duke iu referuar lajmit t\u00eb Z\u00ebrit t\u00eb Amerik\u00ebs p\u00ebr lobimin rus n\u00eb vler\u00ebn 500 mij\u00eb dollar\u00eb n\u00eb vitin 2017. <\/span><\/p>\n<p><span style=\"color: #000000;\">I ftuar n\u00eb emisionin \u2018Kjo Jav\u00eb\u2019 n\u00eb News24 , zyrtari demokrat tha se drejtuesit e selis\u00eb blu kan\u00eb k\u00ebrkuar q\u00eb \u00e7\u00ebshtja t\u00eb hetohet pas daljes s\u00eb lajmit t\u00eb Z\u00ebrit t\u00eb Amerik\u00ebs, q\u00eb citon nj\u00eb zyrtar t\u00eb paidentifikuar n\u00eb DASH. \u00a0<\/span><\/p>\n<p><span style=\"color: #000000;\"><em>\u201cKjo \u00e7\u00ebshtje \u00ebsht\u00eb ngritur disa vite m\u00eb par\u00eb nga kryetari i grupit socialist, n\u00eb at\u00eb koh\u00eb pati nj\u00eb reagim t\u00eb Bash\u00ebs, askush prej nesh dhe as drejtuesit e tjer\u00eb t\u00eb PD n\u00eb at\u00eb koh\u00eb nuk kan\u00eb pasur dijeni p\u00ebr k\u00ebt\u00eb koh\u00eb, as p\u00ebr faktin q\u00eb deklaroi Basha p\u00ebr lobimin n\u00eb SHBA. N\u00eb at\u00eb koh\u00eb, si Basha, edhe un\u00eb, e kemi mohuar pavar\u00ebsisht se nuk kishim dijeni, por i besoj kryetarit tim jo Taulant Ball\u00ebs. Pat\u00ebm nj\u00eb bised\u00eb me Bash\u00ebn dhe m\u00eb tha t\u00eb nj\u00ebjtat fjal\u00eb q\u00eb deklaroi publikisht, madje un\u00eb i thash\u00eb se s\u2019kemi nevoj\u00eb t\u00eb paguajm\u00eb p\u00ebr lobim apo takime. Sot jemi n\u00eb nj\u00eb situat\u00eb m\u00eb ndryshe sepse nuk \u00ebsht\u00eb m\u00eb Balla q\u00eb ngre akuza, por nj\u00eb akuz\u00eb q\u00eb vjen nga nj\u00eb zyrtar\u00eb i DASH, transmetuar n\u00eb Z\u00ebrin e Amerik\u00ebs. N\u00eb k\u00ebto kushte, kemi k\u00ebrkuar t\u00eb hetohet \u00e7\u00ebshtja. N\u00ebse deklarimet e Bash\u00ebs jan\u00eb ato q\u00eb ka b\u00ebr\u00eb n\u00eb at\u00eb koh\u00eb dhe m\u00eb pas kan\u00eb ndryshuar, tregon se nuk ka qen\u00eb as i sinqert\u00eb me ne, sepse i ka th\u00ebn\u00eb Berish\u00ebs se jan\u00eb para t\u00eb mbledhura nga komuniteti shqiptar n\u00eb SHBA.\u201d <\/em>&#8211; tha Paloka.<\/span><\/p>\n<p><span style=\"color: #000000;\">Ai shtoi m\u00eb tej se p\u00ebrgjegj\u00ebsia p\u00ebr \u00e7\u00ebshtjen n\u00eb fjal\u00eb \u00ebsht\u00eb e ish-kreut t\u00eb PD-s\u00eb Basha dhe se do b\u00ebhet nj\u00eb auditim p\u00ebr financat n\u00eb parti.<\/span><\/p>\n<p><span style=\"color: #000000;\"> Po k\u00ebshtu Paloka theksoi se \u00e7\u00ebshtja n\u00eb\u00eb fjal\u00eb mund t\u00eb jet\u00eb ajo me t\u00eb cil\u00ebn \u00ebsht\u00eb mbajtur peng Basha duke shtuar se kjo gj\u00eb do hetohet.<\/span><\/p>\n<p><span style=\"color: #000000;\"><em>\u201cN\u00ebse flitet p\u00ebr p\u00ebrgjegj\u00ebsi, \u00ebsht\u00eb totalisht e Bash\u00ebs sepse asnj\u00eb prej nesh nuk ka pasur informacion. Sot nga gj\u00ebrat q\u00eb dalin shoh se kam\u00eb qen\u00eb n\u00eb hije p\u00ebr shum\u00eb gj\u00ebra. N\u00eb k\u00ebt\u00eb k\u00ebndv\u00ebshtrim, lidhur me \u00e7\u00ebshtjen jan\u00eb para ruse apo jo, shpresoj dhe besoj se nuk ka pasur arsye pse t\u00eb hynte dhe Basha n\u00eb nj\u00eb marr\u00ebdh\u00ebnie t\u00eb till\u00eb, por kemi k\u00ebrkuar hetim t\u00eb drejt\u00ebsis\u00eb amerikane, dhe ne brenda PD do b\u00ebjm\u00eb auditimin p\u00ebr financat e PD. Basha t\u00eb nj\u00ebjtat q\u00eb gj\u00ebra q\u00eb i ka th\u00ebn\u00eb Berish\u00ebs m\u00eb ka th\u00ebn\u00eb dhe mua, dhe un\u00eb dua ta besoj se \u00ebsht\u00eb ashtu. P\u00ebr mua \u00ebsht\u00eb tjet\u00ebr gj\u00eb q\u00eb lidhet me k\u00ebt\u00eb \u00e7\u00ebshtje, at\u00ebher\u00eb rezulton se ajo q\u00eb thuhet se mbahet peng diku, me di\u00e7ka, rezulton se qenka e v\u00ebrtet\u00eb dhe \u00e7\u00ebshtja qenka kjo. Nuk m\u00eb duket logjike q\u00eb rus\u00ebt t\u00eb b\u00ebjn\u00eb nj\u00eb tentativ\u00eb t\u00eb till\u00eb edhe sikur Basha t\u00eb donte, por mbetet p\u00ebr t\u00eb hetuar. Deklarata e tij apo biseda q\u00eb b\u00ebri me mua kur largoi Berish\u00ebn nga grupi parlamentar, kur tha se \u2018sot p\u00ebrfundon ultimatumi\u2019, \u2018thash\u00eb \u00e7\u2019\u00ebsht\u00eb ky ultimatum\u2019? Rezulton ultimatumi q\u00eb ambasadorja amerikane i kishte dh\u00ebn\u00eb Bash\u00ebs, \u2018largo Berish\u00ebn ose&#8230;\u2019. Kur \u00ebsht\u00eb ultimatum do t\u00eb thot\u00eb se ty t\u00eb k\u00ebrc\u00ebnojn\u00eb me di\u00e7ka, n\u00ebse nuk b\u00ebn\u00eb k\u00ebt\u00eb veprim do t\u00eb t\u00eb ndodh\u00eb kjo.\u201d<\/em> &#8211; shtoi Paloka.<\/span><\/p>\n","protected":false,"gt_translate_keys":[{"key":"rendered","format":"html"}]},"excerpt":{"rendered":"<p>Kreu i K\u00ebshillit Komb\u00ebtar t\u00eb PD-s\u00eb, Paloka, ka hedhur posht\u00eb t\u00eb ket\u00eb dijeni lidhur me \u00e7\u00ebshtjen e lobimit asokohe duke iu referuar lajmit t\u00eb Z\u00ebrit t\u00eb Amerik\u00ebs p\u00ebr lobimin rus n\u00eb vler\u00ebn 500 mij\u00eb dollar\u00eb n\u00eb vitin 2017. I ftuar n\u00eb emisionin \u2018Kjo Jav\u00eb\u2019 n\u00eb News24 , zyrtari demokrat tha se drejtuesit e selis\u00eb blu [&hellip;]<\/p>\n","protected":false,"gt_translate_keys":[{"key":"rendered","format":"html"}]},"author":51,"featured_media":549648,"comment_status":"closed","ping_status":"closed","sticky":false,"template":"","format":"standard","meta":{"footnotes":""},"categories":[65,13],"tags":[],"class_list":["post-549642","post","type-post","status-publish","format-standard","has-post-thumbnail","hentry","category-lajme","category-te-fundit"],"gt_translate_keys":[{"key":"link","format":"url"}],"_links":{"self":[{"href":"https:\/\/www.hashtag.al\/index.php\/wp-json\/wp\/v2\/posts\/549642","targetHints":{"allow":["GET"]}}],"collection":[{"href":"https:\/\/www.hashtag.al\/index.php\/wp-json\/wp\/v2\/posts"}],"about":[{"href":"https:\/\/www.hashtag.al\/index.php\/wp-json\/wp\/v2\/types\/post"}],"author":[{"embeddable":true,"href":"https:\/\/www.hashtag.al\/index.php\/wp-json\/wp\/v2\/users\/51"}],"replies":[{"embeddable":true,"href":"https:\/\/www.hashtag.al\/index.php\/wp-json\/wp\/v2\/comments?post=549642"}],"version-history":[{"count":0,"href":"https:\/\/www.hashtag.al\/index.php\/wp-json\/wp\/v2\/posts\/549642\/revisions"}],"wp:featuredmedia":[{"embeddable":true,"href":"https:\/\/www.hashtag.al\/index.php\/wp-json\/wp\/v2\/media\/549648"}],"wp:attachment":[{"href":"https:\/\/www.hashtag.al\/index.php\/wp-json\/wp\/v2\/media?parent=549642"}],"wp:term":[{"taxonomy":"category","embeddable":true,"href":"https:\/\/www.hashtag.al\/index.php\/wp-json\/wp\/v2\/categories?post=549642"},{"taxonomy":"post_tag","embeddable":true,"href":"https:\/\/www.hashtag.al\/index.php\/wp-json\/wp\/v2\/tags?post=549642"}],"curies":[{"name":"wp","href":"https:\/\/api.w.org\/{rel}","templated":true}]}}