{"id":549335,"date":"2022-09-15T23:28:21","date_gmt":"2022-09-15T21:28:21","guid":{"rendered":"https:\/\/www.hashtag.al\/?p=549335"},"modified":"2022-09-15T23:28:21","modified_gmt":"2022-09-15T21:28:21","slug":"meta-publikon-email-in-anonim-falsifikim-i-paster-autoriteti-u-perdor-nga-rama","status":"publish","type":"post","link":"https:\/\/www.hashtag.al\/index.php\/2022\/09\/15\/meta-publikon-email-in-anonim-falsifikim-i-paster-autoriteti-u-perdor-nga-rama\/","title":{"rendered":"Meta publikon email-in anonim: Falsifikim i past\u00ebr, Autoriteti u p\u00ebrdor nga Rama","gt_translate_keys":[{"key":"rendered","format":"text"}]},"content":{"rendered":"<p style=\"text-align: justify;\"><span style=\"color: #000000;\"><a style=\"color: #000000;\" href=\"https:\/\/www.hashtag.al\/wp-content\/uploads\/2022\/09\/meta-dosja-.jpg\"><img loading=\"lazy\" decoding=\"async\" class=\"size-full wp-image-549336\" src=\"https:\/\/www.hashtag.al\/wp-content\/uploads\/2022\/09\/meta-dosja-.jpg\" alt=\"\" width=\"1920\" height=\"1200\" srcset=\"https:\/\/www.hashtag.al\/wp-content\/uploads\/2022\/09\/meta-dosja-.jpg 1920w, https:\/\/www.hashtag.al\/wp-content\/uploads\/2022\/09\/meta-dosja--300x188.jpg 300w, https:\/\/www.hashtag.al\/wp-content\/uploads\/2022\/09\/meta-dosja--1024x640.jpg 1024w, https:\/\/www.hashtag.al\/wp-content\/uploads\/2022\/09\/meta-dosja--768x480.jpg 768w, https:\/\/www.hashtag.al\/wp-content\/uploads\/2022\/09\/meta-dosja--1536x960.jpg 1536w\" sizes=\"auto, (max-width: 1920px) 100vw, 1920px\" \/><\/a><\/span><\/p>\n<p style=\"text-align: justify;\"><span style=\"color: #000000;\">Kryetari i Partis\u00eb s\u00eb Liris\u00eb, Ilir Meta, ka publikuar email-in anonim dhe iu p\u00ebrgjigj edhe nj\u00ebher\u00eb qeveris\u00eb e cila e akuzon si bashkwpunwtor tw ish-sigurimit tw shtetit.<\/span><\/p>\n<p style=\"text-align: justify;\"><span style=\"color: #000000;\">Ilir Meta tha n\u00eb emisionin \u2018\u00c7im Peka Live\u2019 n\u00eb Syri Tv se materiali q\u00eb posedon \u00ebsht\u00eb autentik nd\u00ebrsa shtoi se \u2018Autoriteti i Dosjeve\u2019 ka falsifikuar dosjet p\u00ebr t\u00eb. Ish-Presidenti i vendit deklaroi se Autoritetin e Dosjeve e ka \u00e7uar n\u00eb Prokurori p\u00ebr falsifikim nd\u00ebrsa theksoi se ky institucion u p\u00ebrdor nga Edi Rama.<\/span><\/p>\n<p style=\"text-align: justify;\"><span style=\"color: #000000;\">\u201c<em>Kan\u00eb shtuar pas I.M., Ilir Metaj. N\u00ebse thot\u00eb Rama nj\u00eb fjal\u00eb, nuk m\u00eb shqet\u00ebson mua, por nj\u00eb institucion. I kam \u00e7uar n\u00eb prokurori p\u00ebr falsifikim. S\u2019kam qen\u00eb bashk\u00ebpun\u00ebtor i Sigurimit. N\u00ebse gjejn\u00eb di\u00e7ka, mund t\u00eb m\u00eb \u00e7onin n\u00eb Prokurori. Ku \u00ebsht\u00eb katandisur nj\u00eb institucion dhe i p\u00ebrdor Edi Rama<\/em>.\u201d-tha Meta.<\/span><\/p>\n<p style=\"text-align: justify;\"><span style=\"color: #000000;\"><strong>Pjes\u00eb nga deklarata e Filip Talos p\u00ebrpara hetuesve<\/strong><\/span><\/p>\n<p style=\"text-align: justify;\"><span style=\"color: #000000;\"><em>&#8220;Para rreth 12-14 muajve un\u00eb n\u00eb biseda t\u00eb ndyrshme q\u00eb kam zhvilluar me Ilir Muratin i kam th\u00ebn\u00eb atij n\u00ebse do t\u00eb d\u00ebshironte t\u00eb vinte me mua jasht\u00eb shtetit duke insistuar p\u00ebr k\u00ebt\u00eb dhe duke i th\u00ebn\u00eb se n\u00eb grup me mua ksihte edhe persona t\u00eb tjer\u00eb pa i p\u00ebrmendur emrat e personave p\u00ebr t\u00eb cil\u00ebt flisja. Ilirit i thoja se ne kishim b\u00ebr\u00eb edhe p\u00ebrgatitje duke studiuar vendin nga do t\u00eb arratiseshim duke p\u00ebrgatitur thika dhe don im edhe arm\u00eb zjarri p\u00ebr t\u00eb qen\u00eb t\u00eb sigurt.\u00a0<\/em><\/span><\/p>\n<p style=\"text-align: justify;\"><span style=\"color: #000000;\"><em>N\u00eb nj\u00eb rast tjet\u00ebr, data dhe vendi nuk m\u00eb kujtohet, i kam th\u00ebn\u00eb Astrit Zeqos (student n\u00eb Fakultetin Ekonomik, viti i dyt\u00eb), se para dy dit\u00ebsh kam biseduar me Ilir Muratin p\u00ebr t&#8217;u arratisur jasht\u00eb shtetit&#8230;Arratisjen do ta b\u00ebnim nga Saranda&#8230;&#8221;<\/em><\/span><\/p>\n<p style=\"text-align: justify;\"><a href=\"https:\/\/www.hashtag.al\/wp-content\/uploads\/2022\/09\/im-1.jpg\"><img loading=\"lazy\" decoding=\"async\" class=\"aligncenter size-full wp-image-549337\" src=\"https:\/\/www.hashtag.al\/wp-content\/uploads\/2022\/09\/im-1.jpg\" alt=\"\" width=\"900\" height=\"1200\" srcset=\"https:\/\/www.hashtag.al\/wp-content\/uploads\/2022\/09\/im-1.jpg 900w, https:\/\/www.hashtag.al\/wp-content\/uploads\/2022\/09\/im-1-225x300.jpg 225w, https:\/\/www.hashtag.al\/wp-content\/uploads\/2022\/09\/im-1-768x1024.jpg 768w\" sizes=\"auto, (max-width: 900px) 100vw, 900px\" \/><\/a><a href=\"https:\/\/www.hashtag.al\/wp-content\/uploads\/2022\/09\/im-2.jpg\"><img loading=\"lazy\" decoding=\"async\" class=\"aligncenter size-full wp-image-549338\" src=\"https:\/\/www.hashtag.al\/wp-content\/uploads\/2022\/09\/im-2.jpg\" alt=\"\" width=\"900\" height=\"1200\" srcset=\"https:\/\/www.hashtag.al\/wp-content\/uploads\/2022\/09\/im-2.jpg 900w, https:\/\/www.hashtag.al\/wp-content\/uploads\/2022\/09\/im-2-225x300.jpg 225w, https:\/\/www.hashtag.al\/wp-content\/uploads\/2022\/09\/im-2-768x1024.jpg 768w\" sizes=\"auto, (max-width: 900px) 100vw, 900px\" \/><\/a><a href=\"https:\/\/www.hashtag.al\/wp-content\/uploads\/2022\/09\/im-3.jpg\"><img loading=\"lazy\" decoding=\"async\" class=\"aligncenter size-full wp-image-549339\" src=\"https:\/\/www.hashtag.al\/wp-content\/uploads\/2022\/09\/im-3.jpg\" alt=\"\" width=\"900\" height=\"1200\" srcset=\"https:\/\/www.hashtag.al\/wp-content\/uploads\/2022\/09\/im-3.jpg 900w, https:\/\/www.hashtag.al\/wp-content\/uploads\/2022\/09\/im-3-225x300.jpg 225w, https:\/\/www.hashtag.al\/wp-content\/uploads\/2022\/09\/im-3-768x1024.jpg 768w\" sizes=\"auto, (max-width: 900px) 100vw, 900px\" \/><\/a><a href=\"https:\/\/www.hashtag.al\/wp-content\/uploads\/2022\/09\/im-4.jpg\"><img loading=\"lazy\" decoding=\"async\" class=\"aligncenter size-full wp-image-549340\" src=\"https:\/\/www.hashtag.al\/wp-content\/uploads\/2022\/09\/im-4.jpg\" alt=\"\" width=\"900\" height=\"1200\" srcset=\"https:\/\/www.hashtag.al\/wp-content\/uploads\/2022\/09\/im-4.jpg 900w, https:\/\/www.hashtag.al\/wp-content\/uploads\/2022\/09\/im-4-225x300.jpg 225w, https:\/\/www.hashtag.al\/wp-content\/uploads\/2022\/09\/im-4-768x1024.jpg 768w\" sizes=\"auto, (max-width: 900px) 100vw, 900px\" \/><\/a><a href=\"https:\/\/www.hashtag.al\/wp-content\/uploads\/2022\/09\/im-5.jpg\"><img loading=\"lazy\" decoding=\"async\" class=\"aligncenter size-full wp-image-549341\" src=\"https:\/\/www.hashtag.al\/wp-content\/uploads\/2022\/09\/im-5.jpg\" alt=\"\" width=\"900\" height=\"490\" srcset=\"https:\/\/www.hashtag.al\/wp-content\/uploads\/2022\/09\/im-5.jpg 900w, https:\/\/www.hashtag.al\/wp-content\/uploads\/2022\/09\/im-5-300x163.jpg 300w, https:\/\/www.hashtag.al\/wp-content\/uploads\/2022\/09\/im-5-768x418.jpg 768w\" sizes=\"auto, (max-width: 900px) 100vw, 900px\" \/><\/a><a href=\"https:\/\/www.hashtag.al\/wp-content\/uploads\/2022\/09\/im-6.jpg\"><img loading=\"lazy\" decoding=\"async\" class=\"aligncenter size-full wp-image-549342\" src=\"https:\/\/www.hashtag.al\/wp-content\/uploads\/2022\/09\/im-6.jpg\" alt=\"\" width=\"900\" height=\"1156\" srcset=\"https:\/\/www.hashtag.al\/wp-content\/uploads\/2022\/09\/im-6.jpg 900w, https:\/\/www.hashtag.al\/wp-content\/uploads\/2022\/09\/im-6-234x300.jpg 234w, https:\/\/www.hashtag.al\/wp-content\/uploads\/2022\/09\/im-6-797x1024.jpg 797w, https:\/\/www.hashtag.al\/wp-content\/uploads\/2022\/09\/im-6-768x986.jpg 768w\" sizes=\"auto, (max-width: 900px) 100vw, 900px\" \/><\/a><a href=\"https:\/\/www.hashtag.al\/wp-content\/uploads\/2022\/09\/im-7.jpg\"><img loading=\"lazy\" decoding=\"async\" class=\"aligncenter size-full wp-image-549343\" src=\"https:\/\/www.hashtag.al\/wp-content\/uploads\/2022\/09\/im-7.jpg\" alt=\"\" width=\"900\" height=\"307\" srcset=\"https:\/\/www.hashtag.al\/wp-content\/uploads\/2022\/09\/im-7.jpg 900w, https:\/\/www.hashtag.al\/wp-content\/uploads\/2022\/09\/im-7-300x102.jpg 300w, https:\/\/www.hashtag.al\/wp-content\/uploads\/2022\/09\/im-7-768x262.jpg 768w\" sizes=\"auto, (max-width: 900px) 100vw, 900px\" \/><\/a><\/p>\n","protected":false,"gt_translate_keys":[{"key":"rendered","format":"html"}]},"excerpt":{"rendered":"<p>Kryetari i Partis\u00eb s\u00eb Liris\u00eb, Ilir Meta, ka publikuar email-in anonim dhe iu p\u00ebrgjigj edhe nj\u00ebher\u00eb qeveris\u00eb e cila e akuzon si bashkwpunwtor tw ish-sigurimit tw shtetit. Ilir Meta tha n\u00eb emisionin \u2018\u00c7im Peka Live\u2019 n\u00eb Syri Tv se materiali q\u00eb posedon \u00ebsht\u00eb autentik nd\u00ebrsa shtoi se \u2018Autoriteti i Dosjeve\u2019 ka falsifikuar dosjet p\u00ebr t\u00eb. [&hellip;]<\/p>\n","protected":false,"gt_translate_keys":[{"key":"rendered","format":"html"}]},"author":32,"featured_media":549336,"comment_status":"closed","ping_status":"closed","sticky":false,"template":"","format":"standard","meta":{"footnotes":""},"categories":[65,13],"tags":[],"class_list":["post-549335","post","type-post","status-publish","format-standard","has-post-thumbnail","hentry","category-lajme","category-te-fundit"],"gt_translate_keys":[{"key":"link","format":"url"}],"_links":{"self":[{"href":"https:\/\/www.hashtag.al\/index.php\/wp-json\/wp\/v2\/posts\/549335","targetHints":{"allow":["GET"]}}],"collection":[{"href":"https:\/\/www.hashtag.al\/index.php\/wp-json\/wp\/v2\/posts"}],"about":[{"href":"https:\/\/www.hashtag.al\/index.php\/wp-json\/wp\/v2\/types\/post"}],"author":[{"embeddable":true,"href":"https:\/\/www.hashtag.al\/index.php\/wp-json\/wp\/v2\/users\/32"}],"replies":[{"embeddable":true,"href":"https:\/\/www.hashtag.al\/index.php\/wp-json\/wp\/v2\/comments?post=549335"}],"version-history":[{"count":0,"href":"https:\/\/www.hashtag.al\/index.php\/wp-json\/wp\/v2\/posts\/549335\/revisions"}],"wp:featuredmedia":[{"embeddable":true,"href":"https:\/\/www.hashtag.al\/index.php\/wp-json\/wp\/v2\/media\/549336"}],"wp:attachment":[{"href":"https:\/\/www.hashtag.al\/index.php\/wp-json\/wp\/v2\/media?parent=549335"}],"wp:term":[{"taxonomy":"category","embeddable":true,"href":"https:\/\/www.hashtag.al\/index.php\/wp-json\/wp\/v2\/categories?post=549335"},{"taxonomy":"post_tag","embeddable":true,"href":"https:\/\/www.hashtag.al\/index.php\/wp-json\/wp\/v2\/tags?post=549335"}],"curies":[{"name":"wp","href":"https:\/\/api.w.org\/{rel}","templated":true}]}}