{"id":549104,"date":"2022-09-15T08:03:24","date_gmt":"2022-09-15T06:03:24","guid":{"rendered":"https:\/\/www.hashtag.al\/?p=549104"},"modified":"2022-09-15T08:58:38","modified_gmt":"2022-09-15T06:58:38","slug":"qe-te-kemi-sukses-duhet-qe-sanksionet-te-godasin-ruset-e-zakonshem-kryeministrja-finlandeze","status":"publish","type":"post","link":"https:\/\/www.hashtag.al\/index.php\/2022\/09\/15\/qe-te-kemi-sukses-duhet-qe-sanksionet-te-godasin-ruset-e-zakonshem-kryeministrja-finlandeze\/","title":{"rendered":"\u201cQ\u00eb t\u00eb kemi sukses duhet q\u00eb sanksionet t\u00eb godasin rus\u00ebt e zakonsh\u00ebm\u201d &#8211; Kryeministrja finlandeze","gt_translate_keys":[{"key":"rendered","format":"text"}]},"content":{"rendered":"<p><span style=\"color: #000000;\"><img loading=\"lazy\" decoding=\"async\" class=\"aligncenter size-full wp-image-549105\" src=\"https:\/\/www.hashtag.al\/wp-content\/uploads\/2022\/09\/marin.jpg\" alt=\"\" width=\"768\" height=\"432\" srcset=\"https:\/\/www.hashtag.al\/wp-content\/uploads\/2022\/09\/marin.jpg 768w, https:\/\/www.hashtag.al\/wp-content\/uploads\/2022\/09\/marin-300x169.jpg 300w\" sizes=\"auto, (max-width: 768px) 100vw, 768px\" \/><\/span><\/p>\n<p><span style=\"color: #000000;\">Kryeministrja finlandeze Sanna Marin tha se sanksionet e BE-s\u00eb, duke p\u00ebrfshir\u00eb pezullimin e plot\u00eb t\u00eb nj\u00eb marr\u00ebveshjeje p\u00ebr leht\u00ebsimin e vizave me Rusin\u00eb, \u2018nuk jan\u00eb t\u00eb mjaftueshme\u2019. Ajo sugjeroi q\u00eb rus\u00ebt e zakonsh\u00ebm duhet t\u00eb ndjejn\u00eb presion n\u00eb jet\u00ebn e tyre t\u00eb p\u00ebrditshme.<\/span><\/p>\n<p><span style=\"color: #000000;\"><em>\u201cNe duhet t\u00eb jemi gati t\u00eb marrim m\u00eb shum\u00eb sanksione sepse sa m\u00eb shum\u00eb ndikim t\u00eb kemi me sanksionet, aq m\u00eb e shtrenjt\u00eb do t\u00eb jet\u00eb p\u00ebr Rusin\u00eb q\u00eb t\u00eb vazhdoj\u00eb k\u00ebt\u00eb luft\u00eb.\u201d<\/em> &#8211; tha Marin n\u00eb Parlamentin Evropian.<\/span><\/p>\n<p><span style=\"color: #000000;\">Nuk \u00ebsht\u00eb hera e par\u00eb q\u00eb Marin sugjeron l\u00ebvizje kund\u00ebr popullsis\u00eb s\u00eb zakonshme ruse q\u00eb nga fillimi i konfliktit n\u00eb Ukrain\u00eb.<\/span><\/p>\n<p><span style=\"color: #000000;\"><em>&#8220;Nuk \u00ebsht\u00eb e drejt\u00eb q\u00eb rus\u00ebt mund t\u00eb jetojn\u00eb nj\u00eb jet\u00eb normale, t\u00eb udh\u00ebtojn\u00eb n\u00eb Evrop\u00eb, t\u00eb jen\u00eb turist\u00eb.&#8221;<\/em> &#8211; i tha Marin medias shtet\u00ebrore \u2018Yle\u2019 m\u00eb 8 gusht. Kjo deklarat\u00eb iu b\u00eb jehon\u00eb t\u00eb nes\u00ebrmen nga kryeministrja estoneze Kaja Kallas, e cila shkroi n\u00eb Twitter se \u2018t\u00eb vizitosh Evrop\u00ebn \u00ebsht\u00eb nj\u00eb privilegj, jo nj\u00eb e drejt\u00eb njer\u00ebzore\u2019.<\/span><\/p>\n<p><span style=\"color: #000000;\">M\u00eb 9 shtator, K\u00ebshilli Evropian njoftoi pezullimin e plot\u00eb t\u00eb marr\u00ebveshjes p\u00ebr leht\u00ebsimin e vizave nd\u00ebrmjet BE-s\u00eb dhe Rusis\u00eb. Masa nuk imponon nj\u00eb ndalim t\u00eb plot\u00eb, por rrit tarif\u00ebn e aplikimit p\u00ebr viz\u00eb p\u00ebr shtetasit rus\u00eb nga 35 n\u00eb 80 euro p\u00ebr t\u00eb gjith\u00eb aplikant\u00ebt. <\/span><\/p>\n<p><span style=\"color: #000000;\">Koha e p\u00ebrpunimit gjithashtu mund t\u00eb zgjatet nga 10 dit\u00ebt e tanishme n\u00eb deri n\u00eb 45 dit\u00eb, e kombinuar me nevoj\u00ebn p\u00ebr paraqitjen e dokumenteve shtes\u00eb. Sipas Komisioneres p\u00ebr \u00c7\u00ebshtjet e Brendshme Ylva Johansson, e cila prezantoi planin m\u00eb 6 shtator, \u2018t\u00eb jesh turist n\u00eb BE nuk \u00ebsht\u00eb nj\u00eb e drejt\u00eb themelore\u2019.<\/span><\/p>\n<p><span style=\"color: #000000;\">Deri m\u00eb tani, n\u00ebnt\u00eb vende evropiane kan\u00eb kund\u00ebrshtuar t\u00eb pranojn\u00eb dokumente p\u00ebr viza turistike nga rus\u00ebt, sipas Shoqat\u00ebs s\u00eb Operator\u00ebve Turistik t\u00eb Rusis\u00eb. Lista p\u00ebrfshin Letonin\u00eb, Lituanin\u00eb, Estonin\u00eb, Polonin\u00eb, Republik\u00ebn \u00c7eke, Sllovakin\u00eb, Danimark\u00ebn, Belgjik\u00ebn dhe Holand\u00ebn.<\/span><\/p>\n<p><span style=\"color: #000000;\">Megjithat\u00eb, nj\u00eb propozim i plot\u00eb p\u00ebr ndalimin e vizave p\u00ebr t\u00eb gjith\u00eb turist\u00ebt rus\u00eb nuk ka arritur t\u00eb fitoj\u00eb mb\u00ebshtetje t\u00eb nj\u00ebz\u00ebshme n\u00eb bllok. Gjermania, Franca, Hungaria, Luksemburgu dhe Austria kan\u00eb ngritur kund\u00ebrshtime. <\/span><\/p>\n<p><span style=\"color: #000000;\">Shefi i politik\u00ebs s\u00eb jashtme t\u00eb BE-s\u00eb Josep Borrell paralajm\u00ebroi gjithashtu kund\u00ebr mas\u00ebs.<\/span><\/p>\n<p><span style=\"color: #000000;\"><em> &#8220;Un\u00eb nuk mendoj se nd\u00ebrprerja e marr\u00ebdh\u00ebnieve me popullsin\u00eb civile ruse do ndihmoj\u00eb dhe nuk mendoj se kjo ide do ket\u00eb nj\u00ebz\u00ebshm\u00ebrin\u00eb e k\u00ebrkuar.&#8221;<\/em> &#8211; tha ai p\u00ebr ORF TV t\u00eb Austris\u00eb m\u00eb 29 gusht.<\/span><\/p>\n","protected":false,"gt_translate_keys":[{"key":"rendered","format":"html"}]},"excerpt":{"rendered":"<p>Kryeministrja finlandeze Sanna Marin tha se sanksionet e BE-s\u00eb, duke p\u00ebrfshir\u00eb pezullimin e plot\u00eb t\u00eb nj\u00eb marr\u00ebveshjeje p\u00ebr leht\u00ebsimin e vizave me Rusin\u00eb, \u2018nuk jan\u00eb t\u00eb mjaftueshme\u2019. Ajo sugjeroi q\u00eb rus\u00ebt e zakonsh\u00ebm duhet t\u00eb ndjejn\u00eb presion n\u00eb jet\u00ebn e tyre t\u00eb p\u00ebrditshme. \u201cNe duhet t\u00eb jemi gati t\u00eb marrim m\u00eb shum\u00eb sanksione sepse sa [&hellip;]<\/p>\n","protected":false,"gt_translate_keys":[{"key":"rendered","format":"html"}]},"author":51,"featured_media":549105,"comment_status":"closed","ping_status":"closed","sticky":false,"template":"","format":"standard","meta":{"footnotes":""},"categories":[53],"tags":[],"class_list":["post-549104","post","type-post","status-publish","format-standard","has-post-thumbnail","hentry","category-fast-foodi"],"gt_translate_keys":[{"key":"link","format":"url"}],"_links":{"self":[{"href":"https:\/\/www.hashtag.al\/index.php\/wp-json\/wp\/v2\/posts\/549104","targetHints":{"allow":["GET"]}}],"collection":[{"href":"https:\/\/www.hashtag.al\/index.php\/wp-json\/wp\/v2\/posts"}],"about":[{"href":"https:\/\/www.hashtag.al\/index.php\/wp-json\/wp\/v2\/types\/post"}],"author":[{"embeddable":true,"href":"https:\/\/www.hashtag.al\/index.php\/wp-json\/wp\/v2\/users\/51"}],"replies":[{"embeddable":true,"href":"https:\/\/www.hashtag.al\/index.php\/wp-json\/wp\/v2\/comments?post=549104"}],"version-history":[{"count":0,"href":"https:\/\/www.hashtag.al\/index.php\/wp-json\/wp\/v2\/posts\/549104\/revisions"}],"wp:featuredmedia":[{"embeddable":true,"href":"https:\/\/www.hashtag.al\/index.php\/wp-json\/wp\/v2\/media\/549105"}],"wp:attachment":[{"href":"https:\/\/www.hashtag.al\/index.php\/wp-json\/wp\/v2\/media?parent=549104"}],"wp:term":[{"taxonomy":"category","embeddable":true,"href":"https:\/\/www.hashtag.al\/index.php\/wp-json\/wp\/v2\/categories?post=549104"},{"taxonomy":"post_tag","embeddable":true,"href":"https:\/\/www.hashtag.al\/index.php\/wp-json\/wp\/v2\/tags?post=549104"}],"curies":[{"name":"wp","href":"https:\/\/api.w.org\/{rel}","templated":true}]}}