{"id":549065,"date":"2022-09-14T21:26:15","date_gmt":"2022-09-14T19:26:15","guid":{"rendered":"https:\/\/www.hashtag.al\/?p=549065"},"modified":"2022-09-14T21:26:15","modified_gmt":"2022-09-14T19:26:15","slug":"meta-pl-dhe-pd-nuk-jane-e-njejta-parti-protesta-te-inceneratori-nuk-ishte-per-mobilizim-njerezish","status":"publish","type":"post","link":"https:\/\/www.hashtag.al\/index.php\/2022\/09\/14\/meta-pl-dhe-pd-nuk-jane-e-njejta-parti-protesta-te-inceneratori-nuk-ishte-per-mobilizim-njerezish\/","title":{"rendered":"Meta: PL dhe PD nuk jan\u00eb e nj\u00ebjta parti, protesta te inceneratori nuk ishte p\u00ebr mobilizim njer\u00ebzish","gt_translate_keys":[{"key":"rendered","format":"text"}]},"content":{"rendered":"<p>&nbsp;<\/p>\n<p style=\"text-align: justify;\"><span style=\"color: #000000;\"><a href=\"https:\/\/www.hashtag.al\/wp-content\/uploads\/2022\/09\/meta-ora-news-shtator-2022.jpg\"><img loading=\"lazy\" decoding=\"async\" class=\"aligncenter size-full wp-image-549066\" src=\"https:\/\/www.hashtag.al\/wp-content\/uploads\/2022\/09\/meta-ora-news-shtator-2022.jpg\" alt=\"\" width=\"640\" height=\"360\" srcset=\"https:\/\/www.hashtag.al\/wp-content\/uploads\/2022\/09\/meta-ora-news-shtator-2022.jpg 640w, https:\/\/www.hashtag.al\/wp-content\/uploads\/2022\/09\/meta-ora-news-shtator-2022-300x169.jpg 300w\" sizes=\"auto, (max-width: 640px) 100vw, 640px\" \/><\/a><\/span><\/p>\n<p style=\"text-align: justify;\"><span style=\"color: #000000;\">Kreu i Partis\u00eb s\u00eb Liris\u00eb, Ilir Meta deklaroi se protesta tek incineratori i Tiran\u00ebs ishte m\u00eb shum\u00eb simbolik.<\/span><\/p>\n<p style=\"text-align: justify;\"><span style=\"color: #000000;\">Ai tha se PD ishte pranishme n\u00eb at\u00eb protest\u00eb edhe pse jo Berisha, por shtoi se protesta nuk ishte p\u00ebr pjes\u00ebmarrje, dhe se opozita i koordinon veprimet e saj.<\/span><\/p>\n<p style=\"text-align: justify;\"><span style=\"color: #000000;\"><strong>\u201c<\/strong><em>Protesta u b\u00eb nj\u00eb vend t\u00eb caktuar dhe organizimi ishte simbolik, nuk ishte p\u00ebr pjes\u00ebmarrje se atje ka problem. Atje ishim p\u00ebr t\u00eb paraqitur disa fakte p\u00ebr krimin. Ne i kemi b\u00ebr\u00eb thirrje qytetar\u00ebve p\u00ebr t\u00eb protestuar. Sa i takon frontit opozitar, t\u00eb gjith\u00eb ata q\u00eb jan\u00eb n\u00eb opozit\u00eb me Ram\u00ebn e kan\u00eb p\u00ebr detyr\u00eb q\u00eb t\u00eb koordinojn\u00eb veprimet e tyre\u201d-<\/em>tha Meta n\u00eb \u201cOra e Betit\u201d n\u00eb RTV Ora<em>.<\/em><\/span><\/p>\n<p style=\"text-align: justify;\"><span style=\"color: #000000;\">Ilir Meta u shpreh se protesta tek incineratori i Tiran\u00ebs nuk ishte p\u00ebr mobilizim njer\u00ebzish.<\/span><\/p>\n<p style=\"text-align: justify;\"><span style=\"color: #000000;\">Ai tha se n\u00eb at\u00eb vend nuk ka incinerator dhe se ai \u00ebsht\u00eb nj\u00eb vend krimi, nd\u00ebrsa theksoi se drejt\u00ebsia nuk \u00ebsht\u00eb duke vepruar.<\/span><\/p>\n<p style=\"text-align: justify;\"><span style=\"color: #000000;\">\u201c<em>Protesta tek incineratori kishte nj\u00eb harmoni mes vendndodhjes q\u00eb \u00ebsht\u00eb nj\u00eb sken\u00eb krimi, po ashtu edhe panelit dhe ekspozimit t\u00eb disa fakteve q\u00eb ka kjo \u00e7\u00ebshtje. Nuk kishte ideja p\u00ebr t\u00eb mobilizuar njer\u00ebzit, sepse aty hap\u00ebsira \u00ebsht\u00eb e kufizuar dhe ndodhet pran\u00eb sharr\u00ebs.<\/em><\/span><\/p>\n<p style=\"text-align: justify;\"><span style=\"color: #000000;\"><em>Po ne ishim aty p\u00ebr t\u00eb kthyer v\u00ebmendjen tek nj\u00eb krim. Partia q\u00eb un\u00eb sot drejtoj sot e ka denoncuar plot 559 dit\u00eb m\u00eb par\u00eb n\u00eb SPAK. Edhe un\u00eb vet\u00eb nuk kisha qen\u00eb aty, p\u00ebr t\u00eb par\u00eb n\u00ebse kishte apo incinerator, por nuk kishte. Por ama drejt\u00ebsia nuk ka vepruar, dhe lek\u00ebt e qytetar\u00ebve ikin nga k\u00ebtu\u201d-<\/em>deklaroi Meta.<\/span><\/p>\n","protected":false,"gt_translate_keys":[{"key":"rendered","format":"html"}]},"excerpt":{"rendered":"<p>&nbsp; Kreu i Partis\u00eb s\u00eb Liris\u00eb, Ilir Meta deklaroi se protesta tek incineratori i Tiran\u00ebs ishte m\u00eb shum\u00eb simbolik. Ai tha se PD ishte pranishme n\u00eb at\u00eb protest\u00eb edhe pse jo Berisha, por shtoi se protesta nuk ishte p\u00ebr pjes\u00ebmarrje, dhe se opozita i koordinon veprimet e saj. \u201cProtesta u b\u00eb nj\u00eb vend t\u00eb caktuar [&hellip;]<\/p>\n","protected":false,"gt_translate_keys":[{"key":"rendered","format":"html"}]},"author":32,"featured_media":549066,"comment_status":"closed","ping_status":"closed","sticky":false,"template":"","format":"standard","meta":{"footnotes":""},"categories":[65,13],"tags":[],"class_list":["post-549065","post","type-post","status-publish","format-standard","has-post-thumbnail","hentry","category-lajme","category-te-fundit"],"gt_translate_keys":[{"key":"link","format":"url"}],"_links":{"self":[{"href":"https:\/\/www.hashtag.al\/index.php\/wp-json\/wp\/v2\/posts\/549065","targetHints":{"allow":["GET"]}}],"collection":[{"href":"https:\/\/www.hashtag.al\/index.php\/wp-json\/wp\/v2\/posts"}],"about":[{"href":"https:\/\/www.hashtag.al\/index.php\/wp-json\/wp\/v2\/types\/post"}],"author":[{"embeddable":true,"href":"https:\/\/www.hashtag.al\/index.php\/wp-json\/wp\/v2\/users\/32"}],"replies":[{"embeddable":true,"href":"https:\/\/www.hashtag.al\/index.php\/wp-json\/wp\/v2\/comments?post=549065"}],"version-history":[{"count":0,"href":"https:\/\/www.hashtag.al\/index.php\/wp-json\/wp\/v2\/posts\/549065\/revisions"}],"wp:featuredmedia":[{"embeddable":true,"href":"https:\/\/www.hashtag.al\/index.php\/wp-json\/wp\/v2\/media\/549066"}],"wp:attachment":[{"href":"https:\/\/www.hashtag.al\/index.php\/wp-json\/wp\/v2\/media?parent=549065"}],"wp:term":[{"taxonomy":"category","embeddable":true,"href":"https:\/\/www.hashtag.al\/index.php\/wp-json\/wp\/v2\/categories?post=549065"},{"taxonomy":"post_tag","embeddable":true,"href":"https:\/\/www.hashtag.al\/index.php\/wp-json\/wp\/v2\/tags?post=549065"}],"curies":[{"name":"wp","href":"https:\/\/api.w.org\/{rel}","templated":true}]}}