{"id":548735,"date":"2022-09-13T14:28:19","date_gmt":"2022-09-13T12:28:19","guid":{"rendered":"https:\/\/www.hashtag.al\/?p=548735"},"modified":"2022-09-13T14:42:44","modified_gmt":"2022-09-13T12:42:44","slug":"rama-pas-kritikave-mbi-sulmet-kibernetike-nje-ligesi-e-neveritshme","status":"publish","type":"post","link":"https:\/\/www.hashtag.al\/index.php\/2022\/09\/13\/rama-pas-kritikave-mbi-sulmet-kibernetike-nje-ligesi-e-neveritshme\/","title":{"rendered":"Rama pas kritikave mbi sulmet kibernetike: Nj\u00eb lig\u00ebsi e neveritshme","gt_translate_keys":[{"key":"rendered","format":"text"}]},"content":{"rendered":"<p><span style=\"color: #000000;\"><a href=\"https:\/\/www.hashtag.al\/wp-content\/uploads\/2022\/09\/erama.jpg\"><img loading=\"lazy\" decoding=\"async\" class=\"aligncenter size-full wp-image-548142\" src=\"https:\/\/www.hashtag.al\/wp-content\/uploads\/2022\/09\/erama.jpg\" alt=\"\" width=\"695\" height=\"410\" srcset=\"https:\/\/www.hashtag.al\/wp-content\/uploads\/2022\/09\/erama.jpg 695w, https:\/\/www.hashtag.al\/wp-content\/uploads\/2022\/09\/erama-300x177.jpg 300w\" sizes=\"auto, (max-width: 695px) 100vw, 695px\" \/><\/a><\/span><\/p>\n<p><span style=\"color: #000000;\">Kryeministri Edi Rama ka reaguar p\u00ebrmes nj\u00eb postimi n\u00eb \u201cTwitter\u201d, pas kritikave q\u00eb ka marr\u00eb prej disa dit\u00ebsh p\u00ebr sulmet kibernetike ndaj e-albania dhe sistemit TIMS.<\/span><\/p>\n<p><span style=\"color: #000000;\">Sipas Ram\u00ebs, kritikat q\u00eb ka marr\u00eb tregojn\u00eb nj\u00eb padije dhe flasin p\u00ebr nj\u00eb \u201clig\u00ebsi t\u00eb neveritshme\u201d<\/span><\/p>\n<p><span style=\"color: #000000;\"><em>\u00a0\u201cK\u00ebnaq\u00ebsia q\u00eb pjell kaq shum\u00eb trillime, shpotitje dhe akuza lidhur me sulmet kibernetike nga nj\u00eb shtet agresor, p\u00ebrve\u00e7se p\u00ebr padije t\u00eb thell\u00eb mbi fush\u00ebn e p\u00ebrtaci t\u00eb madhe ndaj informacionit, flet p\u00ebr nj\u00eb lig\u00ebsi t\u00eb neveritshme n\u00eb raport me vendin e me njer\u00ebzit e k\u00ebtij vendi!\u201d-<\/em> shkruan Rama.<\/span><\/p>\n<p><span style=\"color: #000000;\">Pak m\u00eb her\u00ebt z\u00ebdh\u00ebn\u00ebsja e Partis\u00eb Demokratike, Floriana Garo e akuzoi kryeministrin Edi Rama se ka shkat\u00ebrruar sistemin dixhital t\u00eb t\u00eb dh\u00ebnave t\u00eb shqiptar\u00ebve. Sipas saj, kjo ka ndodhur p\u00ebr dy arsye, e para p\u00ebr shkak t\u00eb q\u00ebllimeve elektorale dhe e dyta p\u00ebr shkak t\u00eb korrupsionit n\u00eb AKSHI.<\/span><\/p>\n","protected":false,"gt_translate_keys":[{"key":"rendered","format":"html"}]},"excerpt":{"rendered":"<p>Kryeministri Edi Rama ka reaguar p\u00ebrmes nj\u00eb postimi n\u00eb \u201cTwitter\u201d, pas kritikave q\u00eb ka marr\u00eb prej disa dit\u00ebsh p\u00ebr sulmet kibernetike ndaj e-albania dhe sistemit TIMS. Sipas Ram\u00ebs, kritikat q\u00eb ka marr\u00eb tregojn\u00eb nj\u00eb padije dhe flasin p\u00ebr nj\u00eb \u201clig\u00ebsi t\u00eb neveritshme\u201d \u00a0\u201cK\u00ebnaq\u00ebsia q\u00eb pjell kaq shum\u00eb trillime, shpotitje dhe akuza lidhur me sulmet kibernetike [&hellip;]<\/p>\n","protected":false,"gt_translate_keys":[{"key":"rendered","format":"html"}]},"author":30,"featured_media":548142,"comment_status":"closed","ping_status":"closed","sticky":false,"template":"","format":"standard","meta":{"footnotes":""},"categories":[65,13],"tags":[],"class_list":["post-548735","post","type-post","status-publish","format-standard","has-post-thumbnail","hentry","category-lajme","category-te-fundit"],"gt_translate_keys":[{"key":"link","format":"url"}],"_links":{"self":[{"href":"https:\/\/www.hashtag.al\/index.php\/wp-json\/wp\/v2\/posts\/548735","targetHints":{"allow":["GET"]}}],"collection":[{"href":"https:\/\/www.hashtag.al\/index.php\/wp-json\/wp\/v2\/posts"}],"about":[{"href":"https:\/\/www.hashtag.al\/index.php\/wp-json\/wp\/v2\/types\/post"}],"author":[{"embeddable":true,"href":"https:\/\/www.hashtag.al\/index.php\/wp-json\/wp\/v2\/users\/30"}],"replies":[{"embeddable":true,"href":"https:\/\/www.hashtag.al\/index.php\/wp-json\/wp\/v2\/comments?post=548735"}],"version-history":[{"count":0,"href":"https:\/\/www.hashtag.al\/index.php\/wp-json\/wp\/v2\/posts\/548735\/revisions"}],"wp:featuredmedia":[{"embeddable":true,"href":"https:\/\/www.hashtag.al\/index.php\/wp-json\/wp\/v2\/media\/548142"}],"wp:attachment":[{"href":"https:\/\/www.hashtag.al\/index.php\/wp-json\/wp\/v2\/media?parent=548735"}],"wp:term":[{"taxonomy":"category","embeddable":true,"href":"https:\/\/www.hashtag.al\/index.php\/wp-json\/wp\/v2\/categories?post=548735"},{"taxonomy":"post_tag","embeddable":true,"href":"https:\/\/www.hashtag.al\/index.php\/wp-json\/wp\/v2\/tags?post=548735"}],"curies":[{"name":"wp","href":"https:\/\/api.w.org\/{rel}","templated":true}]}}