{"id":548542,"date":"2022-09-12T17:48:07","date_gmt":"2022-09-12T15:48:07","guid":{"rendered":"https:\/\/www.hashtag.al\/?p=548542"},"modified":"2022-09-12T17:48:07","modified_gmt":"2022-09-12T15:48:07","slug":"goditet-grupi-i-trafikut-te-droges-ne-zvicer-nje-shqiptar-mes-kater-te-arrestuarve","status":"publish","type":"post","link":"https:\/\/www.hashtag.al\/index.php\/2022\/09\/12\/goditet-grupi-i-trafikut-te-droges-ne-zvicer-nje-shqiptar-mes-kater-te-arrestuarve\/","title":{"rendered":"Goditet grupi i trafikut t\u00eb drog\u00ebs n\u00eb Zvic\u00ebr, nj\u00eb shqiptar mes kat\u00ebr t\u00eb arrestuarve","gt_translate_keys":[{"key":"rendered","format":"text"}]},"content":{"rendered":"<p><span style=\"color: #000000;\"><a style=\"color: #000000;\" href=\"https:\/\/www.hashtag.al\/wp-content\/uploads\/2022\/09\/arrestim.jpg\"><img loading=\"lazy\" decoding=\"async\" class=\"aligncenter size-full wp-image-548543\" src=\"https:\/\/www.hashtag.al\/wp-content\/uploads\/2022\/09\/arrestim.jpg\" alt=\"\" width=\"770\" height=\"444\" srcset=\"https:\/\/www.hashtag.al\/wp-content\/uploads\/2022\/09\/arrestim.jpg 770w, https:\/\/www.hashtag.al\/wp-content\/uploads\/2022\/09\/arrestim-300x173.jpg 300w, https:\/\/www.hashtag.al\/wp-content\/uploads\/2022\/09\/arrestim-768x443.jpg 768w, https:\/\/www.hashtag.al\/wp-content\/uploads\/2022\/09\/arrestim-250x145.jpg 250w\" sizes=\"auto, (max-width: 770px) 100vw, 770px\" \/><\/a><\/span><\/p>\n<p><span style=\"color: #000000;\">N\u00eb fund t\u00eb muajit gusht t\u00eb k\u00ebtij viti kan\u00eb r\u00ebn\u00eb n\u00eb pranga tre persona q\u00eb akuzohen se tregtonin l\u00ebnd\u00eb narkotike dhe nj\u00eb bler\u00ebs.<\/span><\/p>\n<p><span style=\"color: #000000;\">Si\u00e7 b\u00ebjn\u00eb me dije <span style=\"color: #0000ff;\"><a style=\"color: #0000ff;\" href=\"https:\/\/www.polizei-schweiz.ch\/drogenhandel-zuerich-vier-maenner-in-haft\/\">mediet <\/a><\/span>zviceriane, kjo ishte pjes\u00eb e nj\u00eb aksioni policor p\u00ebr t\u00eb goditur grupet kriminale n\u00eb rrethet si Dietikon, Dielsdorf dhe Hergon.<\/span><\/p>\n<p><span style=\"color: #000000;\">Pas hetimeve policore, policia e kantonit t\u00eb Zvicr\u00ebs monitoroi edhe nj\u00eb pron\u00eb n\u00eb Unterengstringen. Ku pas kontrolleve u sekuestruan m\u00eb shum\u00eb se dy kilogram\u00eb kokain\u00eb, aksesor\u00eb p\u00ebr tregtimin e l\u00ebnd\u00ebve narkotike, disa arm\u00eb dhe objekte t\u00eb rrezikshme si dhe dhjet\u00ebra mij\u00ebra franga n\u00eb lokacione t\u00eb ndryshme.<\/span><\/p>\n<p><span style=\"color: #000000;\">N\u00eb kuad\u00ebr t\u00eb k\u00ebtij operacioni ran\u00eb n\u00eb pranga, kat\u00ebr persona t\u00eb mosh\u00ebs 29 deri n\u00eb 45-vje\u00e7, shtetas k\u00ebto nga Zvicra, Italia, Austria dhe Shqip\u00ebria.<\/span><\/p>\n<p><span style=\"color: #000000;\">Me k\u00ebrkes\u00eb t\u00eb prokuroris\u00eb, gjykata ka caktuar mas\u00ebn e paraburgimit p\u00ebr kat\u00ebr personat.<\/span><\/p>\n","protected":false,"gt_translate_keys":[{"key":"rendered","format":"html"}]},"excerpt":{"rendered":"<p>N\u00eb fund t\u00eb muajit gusht t\u00eb k\u00ebtij viti kan\u00eb r\u00ebn\u00eb n\u00eb pranga tre persona q\u00eb akuzohen se tregtonin l\u00ebnd\u00eb narkotike dhe nj\u00eb bler\u00ebs. Si\u00e7 b\u00ebjn\u00eb me dije mediet zviceriane, kjo ishte pjes\u00eb e nj\u00eb aksioni policor p\u00ebr t\u00eb goditur grupet kriminale n\u00eb rrethet si Dietikon, Dielsdorf dhe Hergon. Pas hetimeve policore, policia e kantonit t\u00eb [&hellip;]<\/p>\n","protected":false,"gt_translate_keys":[{"key":"rendered","format":"html"}]},"author":30,"featured_media":548543,"comment_status":"closed","ping_status":"closed","sticky":false,"template":"","format":"standard","meta":{"footnotes":""},"categories":[65,13],"tags":[],"class_list":["post-548542","post","type-post","status-publish","format-standard","has-post-thumbnail","hentry","category-lajme","category-te-fundit"],"gt_translate_keys":[{"key":"link","format":"url"}],"_links":{"self":[{"href":"https:\/\/www.hashtag.al\/index.php\/wp-json\/wp\/v2\/posts\/548542","targetHints":{"allow":["GET"]}}],"collection":[{"href":"https:\/\/www.hashtag.al\/index.php\/wp-json\/wp\/v2\/posts"}],"about":[{"href":"https:\/\/www.hashtag.al\/index.php\/wp-json\/wp\/v2\/types\/post"}],"author":[{"embeddable":true,"href":"https:\/\/www.hashtag.al\/index.php\/wp-json\/wp\/v2\/users\/30"}],"replies":[{"embeddable":true,"href":"https:\/\/www.hashtag.al\/index.php\/wp-json\/wp\/v2\/comments?post=548542"}],"version-history":[{"count":0,"href":"https:\/\/www.hashtag.al\/index.php\/wp-json\/wp\/v2\/posts\/548542\/revisions"}],"wp:featuredmedia":[{"embeddable":true,"href":"https:\/\/www.hashtag.al\/index.php\/wp-json\/wp\/v2\/media\/548543"}],"wp:attachment":[{"href":"https:\/\/www.hashtag.al\/index.php\/wp-json\/wp\/v2\/media?parent=548542"}],"wp:term":[{"taxonomy":"category","embeddable":true,"href":"https:\/\/www.hashtag.al\/index.php\/wp-json\/wp\/v2\/categories?post=548542"},{"taxonomy":"post_tag","embeddable":true,"href":"https:\/\/www.hashtag.al\/index.php\/wp-json\/wp\/v2\/tags?post=548542"}],"curies":[{"name":"wp","href":"https:\/\/api.w.org\/{rel}","templated":true}]}}