{"id":548249,"date":"2022-09-11T11:29:18","date_gmt":"2022-09-11T09:29:18","guid":{"rendered":"https:\/\/www.hashtag.al\/?p=548249"},"modified":"2022-09-11T11:29:18","modified_gmt":"2022-09-11T09:29:18","slug":"cuci-sistemi-tims-eshte-rikthyer-ne-pikat-kryesore-te-kalimit-kufitar-kerkojme-mirekuptim-per-vonesat-e-shkaktuara","status":"publish","type":"post","link":"https:\/\/www.hashtag.al\/index.php\/2022\/09\/11\/cuci-sistemi-tims-eshte-rikthyer-ne-pikat-kryesore-te-kalimit-kufitar-kerkojme-mirekuptim-per-vonesat-e-shkaktuara\/","title":{"rendered":"\u00c7u\u00e7i: Sistemi TIMS \u00ebsht\u00eb rikthyer n\u00eb pikat kryesore t\u00eb kalimit kufitar, k\u00ebrkojm\u00eb mir\u00ebkuptim p\u00ebr vonesat e shkaktuara","gt_translate_keys":[{"key":"rendered","format":"text"}]},"content":{"rendered":"<p style=\"text-align: justify;\"><span style=\"color: #000000;\"><a style=\"color: #000000;\" href=\"https:\/\/www.hashtag.al\/wp-content\/uploads\/2022\/09\/bledi-cuci.jpeg\"><img loading=\"lazy\" decoding=\"async\" class=\"aligncenter size-full wp-image-548147\" src=\"https:\/\/www.hashtag.al\/wp-content\/uploads\/2022\/09\/bledi-cuci.jpeg\" alt=\"\" width=\"2560\" height=\"1707\" srcset=\"https:\/\/www.hashtag.al\/wp-content\/uploads\/2022\/09\/bledi-cuci.jpeg 2560w, https:\/\/www.hashtag.al\/wp-content\/uploads\/2022\/09\/bledi-cuci-300x200.jpeg 300w, https:\/\/www.hashtag.al\/wp-content\/uploads\/2022\/09\/bledi-cuci-1024x683.jpeg 1024w, https:\/\/www.hashtag.al\/wp-content\/uploads\/2022\/09\/bledi-cuci-768x512.jpeg 768w, https:\/\/www.hashtag.al\/wp-content\/uploads\/2022\/09\/bledi-cuci-1536x1024.jpeg 1536w, https:\/\/www.hashtag.al\/wp-content\/uploads\/2022\/09\/bledi-cuci-2048x1366.jpeg 2048w\" sizes=\"auto, (max-width: 2560px) 100vw, 2560px\" \/><\/a><\/span><\/p>\n<p style=\"text-align: justify;\"><span style=\"color: #000000;\">Ministri i Brendsh\u00ebm Bledi \u00c7u\u00e7i ka reaguar p\u00ebr t\u00eb njoftuar rikthimin e sistemit TIMS n\u00eb pikat kryesore t\u00eb kalimit kufitar pas sulmit kibernetik.<\/span><\/p>\n<p style=\"text-align: justify;\"><span style=\"color: #000000;\">K\u00ebshtu, sistemi \u00ebsht\u00eb rikthyer n\u00eb Rinas, Kapshtic\u00eb, Muriqan, Morin\u00eb dhe Kakavij\u00eb nd\u00ebrsa po punohet edh e p\u00ebr rikthimin n\u00eb Pikat e tjera.<\/span><\/p>\n<p style=\"text-align: justify;\"><span style=\"color: #000000;\">Ministri k\u00ebrkon mir\u00ebkuptimin e qytetar\u00ebve t\u00eb cil\u00ebt jan\u00eb ndeshur me vonesa si pasoj\u00eb e mosfunksionimit t\u00eb sistemit.<\/span><\/p>\n<p style=\"text-align: justify;\"><span style=\"color: #000000;\">\u201c<em>P\u00ebrg\u00ebzime ekipit t\u00eb IT n\u00eb Drejtorin\u00eb e P\u00ebrgjithshme t\u00eb Policis\u00eb s\u00eb Shtetit p\u00ebr pun\u00ebn pa nd\u00ebrprerje q\u00eb nga minuta e par\u00eb e sulmit kibernetik, p\u00ebr t\u00eb riv\u00ebn\u00eb n\u00eb funksionim sistemet tona dhe ve\u00e7an\u00ebrisht at\u00eb TIMS. <\/em><\/span><\/p>\n<p style=\"text-align: justify;\"><span style=\"color: #000000;\"><em>Gjithashtu fal\u00ebnderoj partner\u00ebt amerikan\u00eb q\u00eb kan\u00eb qen\u00eb pran\u00eb edhe n\u00eb k\u00ebt\u00eb rast e po b\u00ebjn\u00eb \u00e7do p\u00ebrpjekje p\u00ebr ta b\u00ebr\u00eb Shqip\u00ebrin\u00eb sa m\u00eb t\u00eb sigurt. Prej mesnat\u00ebs sistemi TIMS \u00ebsht\u00eb rikthyer n\u00eb funksion t\u00eb plot\u00eb n\u00eb Pik\u00ebn e Kalimit Kufitar Rinas. Po k\u00ebshtu \u00ebsht\u00eb riv\u00ebn\u00eb n\u00eb pun\u00eb edhe n\u00eb pikat e tjera kufitare t\u00eb vendit: Hani i Hotit, Kapshtic\u00eb, Muriqan, Morin\u00eb, dhe Kakavij\u00eb. <\/em><\/span><\/p>\n<p style=\"text-align: justify;\"><span style=\"color: #000000;\"><em>Aktualisht ekspert\u00ebt tan\u00eb po vijojn\u00eb pun\u00ebn e pand\u00ebrprer\u00eb p\u00ebr rikthimin e sistemit TIMS n\u00eb Pikat e tjera t\u00eb Kalimit Kufitar si dhe po marrin masat nevojshme p\u00ebr t\u00eb mos pasur m\u00eb nd\u00ebrprerje. K\u00ebrkojm\u00eb mir\u00ebkuptimin e qytetar\u00ebve q\u00eb jan\u00eb ndeshur me vonesa. <\/em><\/span><\/p>\n<p style=\"text-align: justify;\"><span style=\"color: #000000;\"><em>Ne kemi punuar prej momentit t\u00eb par\u00eb kur u detektua sulmi kibernetik, p\u00ebr t\u00eb garantuar mbi t\u00eb gjitha paprekshm\u00ebrin\u00eb e t\u00eb dh\u00ebnave dhe m\u00eb pas p\u00ebr rikthimin n\u00eb normalitet n\u00eb koh\u00ebn m\u00eb t\u00eb shpejt\u00eb t\u00eb mundshme<\/em>\u201d-shkruan \u00c7u\u00e7i.<\/span><\/p>\n","protected":false,"gt_translate_keys":[{"key":"rendered","format":"html"}]},"excerpt":{"rendered":"<p>Ministri i Brendsh\u00ebm Bledi \u00c7u\u00e7i ka reaguar p\u00ebr t\u00eb njoftuar rikthimin e sistemit TIMS n\u00eb pikat kryesore t\u00eb kalimit kufitar pas sulmit kibernetik. K\u00ebshtu, sistemi \u00ebsht\u00eb rikthyer n\u00eb Rinas, Kapshtic\u00eb, Muriqan, Morin\u00eb dhe Kakavij\u00eb nd\u00ebrsa po punohet edh e p\u00ebr rikthimin n\u00eb Pikat e tjera. Ministri k\u00ebrkon mir\u00ebkuptimin e qytetar\u00ebve t\u00eb cil\u00ebt jan\u00eb ndeshur me [&hellip;]<\/p>\n","protected":false,"gt_translate_keys":[{"key":"rendered","format":"html"}]},"author":32,"featured_media":548147,"comment_status":"closed","ping_status":"closed","sticky":false,"template":"","format":"standard","meta":{"footnotes":""},"categories":[65,13],"tags":[],"class_list":["post-548249","post","type-post","status-publish","format-standard","has-post-thumbnail","hentry","category-lajme","category-te-fundit"],"gt_translate_keys":[{"key":"link","format":"url"}],"_links":{"self":[{"href":"https:\/\/www.hashtag.al\/index.php\/wp-json\/wp\/v2\/posts\/548249","targetHints":{"allow":["GET"]}}],"collection":[{"href":"https:\/\/www.hashtag.al\/index.php\/wp-json\/wp\/v2\/posts"}],"about":[{"href":"https:\/\/www.hashtag.al\/index.php\/wp-json\/wp\/v2\/types\/post"}],"author":[{"embeddable":true,"href":"https:\/\/www.hashtag.al\/index.php\/wp-json\/wp\/v2\/users\/32"}],"replies":[{"embeddable":true,"href":"https:\/\/www.hashtag.al\/index.php\/wp-json\/wp\/v2\/comments?post=548249"}],"version-history":[{"count":0,"href":"https:\/\/www.hashtag.al\/index.php\/wp-json\/wp\/v2\/posts\/548249\/revisions"}],"wp:featuredmedia":[{"embeddable":true,"href":"https:\/\/www.hashtag.al\/index.php\/wp-json\/wp\/v2\/media\/548147"}],"wp:attachment":[{"href":"https:\/\/www.hashtag.al\/index.php\/wp-json\/wp\/v2\/media?parent=548249"}],"wp:term":[{"taxonomy":"category","embeddable":true,"href":"https:\/\/www.hashtag.al\/index.php\/wp-json\/wp\/v2\/categories?post=548249"},{"taxonomy":"post_tag","embeddable":true,"href":"https:\/\/www.hashtag.al\/index.php\/wp-json\/wp\/v2\/tags?post=548249"}],"curies":[{"name":"wp","href":"https:\/\/api.w.org\/{rel}","templated":true}]}}