{"id":548245,"date":"2022-09-11T11:08:51","date_gmt":"2022-09-11T09:08:51","guid":{"rendered":"https:\/\/www.hashtag.al\/?p=548245"},"modified":"2022-09-11T11:08:51","modified_gmt":"2022-09-11T09:08:51","slug":"strehimoret-e-azilanteve-ne-gjermani-mbushen-ne-limite-rritet-fluksi-nga-rrugekalimet-e-ballkanit","status":"publish","type":"post","link":"https:\/\/www.hashtag.al\/index.php\/2022\/09\/11\/strehimoret-e-azilanteve-ne-gjermani-mbushen-ne-limite-rritet-fluksi-nga-rrugekalimet-e-ballkanit\/","title":{"rendered":"Strehimoret e azilant\u00ebve n\u00eb Gjermani mbushen n\u00eb limite, rritet fluksi nga rrug\u00ebkalimet e Ballkanit","gt_translate_keys":[{"key":"rendered","format":"text"}]},"content":{"rendered":"<p style=\"text-align: justify;\"><span style=\"color: #000000;\"><a href=\"https:\/\/www.hashtag.al\/wp-content\/uploads\/2022\/09\/strehimore-gjermani.jpg\"><img loading=\"lazy\" decoding=\"async\" class=\"aligncenter size-full wp-image-548246\" src=\"https:\/\/www.hashtag.al\/wp-content\/uploads\/2022\/09\/strehimore-gjermani.jpg\" alt=\"\" width=\"700\" height=\"394\" srcset=\"https:\/\/www.hashtag.al\/wp-content\/uploads\/2022\/09\/strehimore-gjermani.jpg 700w, https:\/\/www.hashtag.al\/wp-content\/uploads\/2022\/09\/strehimore-gjermani-300x169.jpg 300w\" sizes=\"auto, (max-width: 700px) 100vw, 700px\" \/><\/a><\/span><\/p>\n<p style=\"text-align: justify;\"><span style=\"color: #000000;\">Pas heqjes s\u00eb kufizimeve t\u00eb pandemis\u00eb, n\u00eb Gjermani po vijn\u00eb gjithnj\u00eb e m\u00eb shum\u00eb azilk\u00ebrkues. N\u00eb disa rajone ka v\u00ebshtir\u00ebsi me gjetjen e vendeve n\u00eb strehimoret e azilit, kapacitetet e akomodimit kan\u00eb mb\u00ebrritur n\u00eb limite.<\/span><\/p>\n<p style=\"text-align: justify;\"><span style=\"color: #000000;\">N\u00eb disa rajone t\u00eb Gjermanis\u00eb po b\u00ebhet gjithnj\u00eb e m\u00eb e v\u00ebshtir\u00eb t\u00eb gjenden vende p\u00ebr strehimin e azilk\u00ebrkuesve nga vende t\u00eb tjera dhe refugjat\u00ebt e luft\u00ebs nga Ukraina. Strehimoret jan\u00eb mbushur. N\u00eb Dortmund, Bonn apo Berlin, ku kan\u00eb ardhur shum\u00eb refugjat\u00eb nga Ukraina, ka shum\u00eb v\u00ebshtir\u00ebsi me akomodimin e refugjat\u00ebve t\u00eb ardhur k\u00ebto jav\u00ebt e fundit, b\u00ebhet e ditur nga nj\u00eb sondazh i agjencis\u00eb gjermane t\u00eb lajmeve, dpa.\u00a0<\/span><\/p>\n<p style=\"text-align: justify;\"><span style=\"color: #000000;\">Sipas t\u00eb dh\u00ebnave t\u00eb Ministris\u00eb Federale t\u00eb Brendshme, n\u00eb shtat\u00eb muajt e k\u00ebtij viti jan\u00eb regjistruar 113,171 k\u00ebrkesa p\u00ebr azil, rreth 17% m\u00eb shum\u00eb se nj\u00eb vit m\u00eb par\u00eb n\u00eb t\u00eb nj\u00ebjt\u00ebn hap\u00ebsir\u00eb kohore. K\u00ebsaj i shtohen refugjat\u00ebt nga Ukraina q\u00eb duhet po ashtu t\u00eb akomodohen. P\u00ebr shkak se shumica e refugjat\u00ebve ukrainas jan\u00eb n\u00ebna me f\u00ebmij\u00eb, shum\u00eb komuna duhet t\u00eb gjejn\u00eb edhe vende n\u00eb shkolla p\u00ebr ta.\u00a0<a style=\"color: #000000;\" href=\"https:\/\/www.dw.com\/sq\/solidaritet-mbres%C3%ABl%C3%ABn%C3%ABs-i-gjerman%C3%ABve-me-refugjat%C3%ABt-nga-ukraina\/a-61332284\">M\u00eb 26 gusht jan\u00eb regjistruar 985.000 ukrainas q\u00eb kan\u00eb ardhur n\u00eb Gjermani p\u00ebr shkak t\u00eb luft\u00ebs.<\/a>\u00a0Nj\u00eb pjes\u00eb e tyre \u00ebsht\u00eb kthyer s\u00ebrish n\u00eb vend. Jo t\u00eb gjith\u00eb ukrainasit q\u00eb vijn\u00eb n\u00eb Gjermani regjistrohen tek autoritetetet, k\u00ebshtu q\u00eb shifra aktuale duket par\u00eb me rezerva.\u00a0<\/span><\/p>\n<p style=\"text-align: justify;\"><span style=\"color: #000000;\"><strong><a href=\"https:\/\/www.hashtag.al\/wp-content\/uploads\/2022\/09\/azilante.jpg\"><img loading=\"lazy\" decoding=\"async\" class=\"aligncenter size-full wp-image-548247\" src=\"https:\/\/www.hashtag.al\/wp-content\/uploads\/2022\/09\/azilante.jpg\" alt=\"\" width=\"700\" height=\"394\" srcset=\"https:\/\/www.hashtag.al\/wp-content\/uploads\/2022\/09\/azilante.jpg 700w, https:\/\/www.hashtag.al\/wp-content\/uploads\/2022\/09\/azilante-300x169.jpg 300w\" sizes=\"auto, (max-width: 700px) 100vw, 700px\" \/><\/a><\/strong><\/span><\/p>\n<p style=\"text-align: justify;\"><span style=\"color: #000000;\"><strong>Hotele si alternativ\u00eb strehimi<\/strong><\/span><\/p>\n<p style=\"text-align: justify;\"><span style=\"color: #000000;\">&#8220;N\u00eb Bavari strehimoret e azilit jan\u00eb shum\u00eb t\u00eb mbingarkuara&#8221;, ka b\u00ebr\u00eb t\u00eb ditur Ministria e Pun\u00ebve t\u00eb Brendshme t\u00eb landit bavarez.&#8221; Si edhe m\u00eb par\u00eb shum\u00eb refugjat\u00eb nga Ukraina jan\u00eb strehuar n\u00eb hotele p\u00ebr shkak t\u00eb munges\u00ebs s\u00eb alternativave.&#8221; Nj\u00eb z\u00ebdh\u00ebn\u00ebs i Ministris\u00eb s\u00eb Migracionit n\u00eb landin Baden-Vyrtemberg \u00ebsht\u00eb shprehur se megjith\u00eb zgjerimin e kapaciteteve n\u00eb qendrat prit\u00ebse jan\u00eb arritur limitet. N\u00eb Berlin po k\u00ebrkohen mund\u00ebsi t\u00eb tjera strehimi n\u00eb hotele me \u00e7mime t\u00eb ulta.<\/span><\/p>\n<p style=\"text-align: justify;\"><span style=\"color: #000000;\">N\u00eb strehimoret aktuale po shikohen po ashtu mund\u00ebsi p\u00ebr t\u00eb strehuar edhe refugjat\u00eb t\u00eb tjer\u00eb, por ka kritika, sepse kjo do t\u00eb v\u00ebshtir\u00ebsonte edhe m\u00eb shum\u00eb situat\u00ebn e banimit. N\u00eb landin e Hesenit jan\u00eb z\u00ebn\u00eb 70% e kapaciteteve. &#8220;Situata \u00ebsht\u00eb e tensionuar, por n\u00ebn kontroll&#8221;, ka th\u00ebn\u00eb z\u00ebdh\u00ebn\u00ebsi i presidiumit t\u00eb qeveris\u00eb s\u00eb landit. Bashkit\u00eb n\u00eb landin Renani-Veriore jan\u00eb ankuar p\u00ebr shp\u00ebrndarje t\u00eb gabuar t\u00eb refugjat\u00ebve, kurse landet k\u00ebrkojn\u00eb m\u00eb shum\u00eb mb\u00ebshtetje nga federata. N\u00eb shp\u00ebrndarjen e azilk\u00ebrkuesve nuk merret sa duhet parasysh\u00a0<a style=\"color: #000000;\" href=\"https:\/\/www.dw.com\/sq\/integrimi-i-ukrainasve-n%C3%AB-gjermani-p%C3%ABr-disa-i-suksessh%C3%ABm-p%C3%ABr-t%C3%AB-tjer%C3%AB-sfidues\/a-62902891\">numri i refugjat\u00ebve nga Ukraina.<\/a><\/span><\/p>\n<p style=\"text-align: justify;\"><span style=\"color: #000000;\">Nuk pritet nj\u00eb \u00e7tensionim i shpejt\u00eb i gjendjes. Policia Federale gjermane ka konstatuar deri n\u00eb fund t\u00eb korrikut 36.000 hyrje ilegale n\u00eb vend. &#8220;Tendenca n\u00eb rritje vihet re edhe n\u00eb shtetet e tjera europiane&#8221;, ka th\u00ebn\u00eb nj\u00eb z\u00ebdh\u00ebn\u00ebse e Ministris\u00eb Federale t\u00eb Pun\u00ebve t\u00eb Brendshme. Shumica e migracionit ilegal vjen nga itinerari i Ballkanit.\u00a0<\/span><\/p>\n<p style=\"text-align: justify;\">\n","protected":false,"gt_translate_keys":[{"key":"rendered","format":"html"}]},"excerpt":{"rendered":"<p>Pas heqjes s\u00eb kufizimeve t\u00eb pandemis\u00eb, n\u00eb Gjermani po vijn\u00eb gjithnj\u00eb e m\u00eb shum\u00eb azilk\u00ebrkues. N\u00eb disa rajone ka v\u00ebshtir\u00ebsi me gjetjen e vendeve n\u00eb strehimoret e azilit, kapacitetet e akomodimit kan\u00eb mb\u00ebrritur n\u00eb limite. N\u00eb disa rajone t\u00eb Gjermanis\u00eb po b\u00ebhet gjithnj\u00eb e m\u00eb e v\u00ebshtir\u00eb t\u00eb gjenden vende p\u00ebr strehimin e azilk\u00ebrkuesve nga [&hellip;]<\/p>\n","protected":false,"gt_translate_keys":[{"key":"rendered","format":"html"}]},"author":32,"featured_media":548246,"comment_status":"closed","ping_status":"closed","sticky":false,"template":"","format":"standard","meta":{"footnotes":""},"categories":[6,13],"tags":[],"class_list":["post-548245","post","type-post","status-publish","format-standard","has-post-thumbnail","hentry","category-nderkombetare","category-te-fundit"],"gt_translate_keys":[{"key":"link","format":"url"}],"_links":{"self":[{"href":"https:\/\/www.hashtag.al\/index.php\/wp-json\/wp\/v2\/posts\/548245","targetHints":{"allow":["GET"]}}],"collection":[{"href":"https:\/\/www.hashtag.al\/index.php\/wp-json\/wp\/v2\/posts"}],"about":[{"href":"https:\/\/www.hashtag.al\/index.php\/wp-json\/wp\/v2\/types\/post"}],"author":[{"embeddable":true,"href":"https:\/\/www.hashtag.al\/index.php\/wp-json\/wp\/v2\/users\/32"}],"replies":[{"embeddable":true,"href":"https:\/\/www.hashtag.al\/index.php\/wp-json\/wp\/v2\/comments?post=548245"}],"version-history":[{"count":0,"href":"https:\/\/www.hashtag.al\/index.php\/wp-json\/wp\/v2\/posts\/548245\/revisions"}],"wp:featuredmedia":[{"embeddable":true,"href":"https:\/\/www.hashtag.al\/index.php\/wp-json\/wp\/v2\/media\/548246"}],"wp:attachment":[{"href":"https:\/\/www.hashtag.al\/index.php\/wp-json\/wp\/v2\/media?parent=548245"}],"wp:term":[{"taxonomy":"category","embeddable":true,"href":"https:\/\/www.hashtag.al\/index.php\/wp-json\/wp\/v2\/categories?post=548245"},{"taxonomy":"post_tag","embeddable":true,"href":"https:\/\/www.hashtag.al\/index.php\/wp-json\/wp\/v2\/tags?post=548245"}],"curies":[{"name":"wp","href":"https:\/\/api.w.org\/{rel}","templated":true}]}}